{"id":6283,"date":"2023-07-02T14:11:44","date_gmt":"2023-07-02T14:11:44","guid":{"rendered":"https:\/\/ladepeche.mr\/?p=6283"},"modified":"2023-08-02T18:35:50","modified_gmt":"2023-08-02T18:35:50","slug":"le-conseil-de-securite-de-lonu-met-un-terme-a-la-mission-des-casques-bleus-au-mali","status":"publish","type":"post","link":"https:\/\/ladepeche.mr\/?p=6283","title":{"rendered":"Le Conseil de s\u00e9curit\u00e9 de l&#8217;ONU met un terme \u00e0 la Mission des Casques bleus au Mali"},"content":{"rendered":"<p>\u00c0 la demande de Bamako, le Conseil de s\u00e9curit\u00e9 de l&#8217;ONU a mis un terme imm\u00e9diat, ce vendredi 30 juin, \u00e0 la mission de maintien de la paix des Casques bleus au Mali (Minusma), un retrait r\u00e9clam\u00e9 par Bamako qui se d\u00e9roulera sur six mois.<br \/>\nC\u2019est d\u00e9sormais s\u00fbr : les Casques bleus et policiers de la Minusma auront quitt\u00e9 le Mali pour la fin de l\u2019ann\u00e9e. D\u2019ici l\u00e0, la plus importante des forces de maintien de la paix de l\u2019ONU ne peut s\u2019occuper plus que de son d\u00e9part, elle n\u2019aura plus de mandat d\u2019accompagnement politique ou d\u2019enqu\u00eate en mati\u00e8re des droits de l\u2019homme. Et \u00e0 partir du 1\u1d49\u02b3 octobre, les Casques bleus n\u2019auront plus le droit de prot\u00e9ger les civils.<\/p>\n<p>En deux minutes, 15 bras se sont lev\u00e9s et le Conseil de s\u00e9curit\u00e9 a d\u00e9mantel\u00e9 la Minusma apr\u00e8s presque une d\u00e9cennie de maintien de la paix au Mali. Contrairement \u00e0 la tradition, la France, qui coordonne le dossier, n\u2019a pas comment\u00e9 le vote. C\u2019est l\u2019ambassadeur du Ghana qui a imm\u00e9diatement reconnu son r\u00f4le crucial pour s\u00e9curiser le pays. Il a rappel\u00e9 \u00e0 la junte malienne ses responsabilit\u00e9s vis-\u00e0-vis de ses voisins, esp\u00e8re une meilleure coordination avec la C\u00e9d\u00e9ao et annonce d\u2019ores et d\u00e9j\u00e0 que le G5 Sahel sera affect\u00e9 par le d\u00e9part de la Minusma.<br \/>\n<a href=\"http:\/\/ladepeche.mr\/wp-content\/uploads\/2023\/07\/4589E111-95E9-4144-8D06-DECD9AC6F1FB-300x225.jpeg\">lecture rapide<\/a><br \/>\nLe Mali regrette que le Conseil voie la situation du pays comme mena\u00e7ante<br \/>\nPuis un groupe d\u2019ambassadeurs, \u00c9tats-Unis en t\u00eate, a pr\u00e9venu que ce retrait allait \u00ab nuire \u00bb aux Maliens en premi\u00e8re ligne. \u00ab Bien que nous regrettons la d\u00e9cision du gouvernement de transition d\u2019abandonner la Minusma et le fait que cela va nuire \u00e0 la population malienne, nous avons vot\u00e9 en faveur de la r\u00e9solution vu que nous sommes satisfaits du plan de retrait adopt\u00e9 \u00bb, a d\u00e9clar\u00e9 le repr\u00e9sentant am\u00e9ricain Jeffrey DeLaurentis apr\u00e8s le vote.<\/p>\n<p>Ils ont appel\u00e9 les autorit\u00e9s de la transition \u00e0 ne pas rompre le processus \u00e9lectoral, et \u00e0 coop\u00e9rer pleinement au d\u00e9part : toute entrave, tout chaos, pourrait profiter aux terroristes, selon eux. Les Nations unies craignent aussi que leurs bases ne soient tout simplement r\u00e9cup\u00e9r\u00e9es par les paramilitaires Wagner dans 6 mois.<\/p>\n<p>L\u2019ambassadeur malien Issa Konfourou a tent\u00e9 de rassurer sur les conditions du retrait, qui vont \u00eatre affin\u00e9es ces 6 prochaines semaines. \u00ab Le gouvernement de la R\u00e9publique du Mali veillera au respect des engagements pris \u00e0 cet \u00e9gard. Le gouvernement regrette que le Conseil continue de consid\u00e9rer la situation au Mali comme une menace \u00e0 la paix et \u00e0 la s\u00e9curit\u00e9 internationale en d\u00e9pit des r\u00e9sultats tangibles enregistr\u00e9s d&#8217;une part sur le terrain par les forces arm\u00e9es maliennes et d&#8217;autre part concernant le retour \u00e0 l&#8217;ordre constitutionnel apais\u00e9 et s\u00e9curis\u00e9. \u00bb<\/p>\n<p>Si le repr\u00e9sentant malien a insist\u00e9 sur l\u2019\u00e9chec militaire de la Minusma, il a tout de m\u00eame reconnu l\u2019utilit\u00e9 de la force en mati\u00e8re d\u2019assistance humanitaire et les bons offices du secr\u00e9taire g\u00e9n\u00e9ral.<br \/>\nlire la suite sur: https:\/\/www.rfi.fr\/fr\/afrique\/20230630-le-conseil-de-s%C3%A9curit%C3%A9-de-l-onu-met-un-terme-%C3%A0-la-mission-des-casques-bleus-au-mali?_ope=eyJndWlkIjoiOTMwMjIwNGY3ZmZhNzMxODU0NDI3OTA1ZjdiOTc4NGUifQ%3D%3D<\/p>\n","protected":false},"excerpt":{"rendered":"<p>\u00c0 la demande de Bamako, le Conseil de s\u00e9curit\u00e9 de l&#8217;ONU a mis un terme imm\u00e9diat, ce vendredi 30 juin, \u00e0 la mission de maintien de la paix des Casques bleus au Mali (Minusma), un retrait r\u00e9clam\u00e9 par Bamako qui se d\u00e9roulera sur six mois. C\u2019est d\u00e9sormais s\u00fbr : les Casques bleus et policiers de &hellip;<\/p>\n","protected":false},"author":2,"featured_media":6674,"comment_status":"open","ping_status":"open","sticky":false,"template":"","format":"standard","meta":{"footnotes":""},"categories":[18,29,28],"tags":[],"class_list":["post-6283","post","type-post","status-publish","format-standard","has-post-thumbnail","hentry","category-actualites","category-monde","category-sahel"],"_links":{"self":[{"href":"https:\/\/ladepeche.mr\/index.php?rest_route=\/wp\/v2\/posts\/6283","targetHints":{"allow":["GET"]}}],"collection":[{"href":"https:\/\/ladepeche.mr\/index.php?rest_route=\/wp\/v2\/posts"}],"about":[{"href":"https:\/\/ladepeche.mr\/index.php?rest_route=\/wp\/v2\/types\/post"}],"author":[{"embeddable":true,"href":"https:\/\/ladepeche.mr\/index.php?rest_route=\/wp\/v2\/users\/2"}],"replies":[{"embeddable":true,"href":"https:\/\/ladepeche.mr\/index.php?rest_route=%2Fwp%2Fv2%2Fcomments&post=6283"}],"version-history":[{"count":3,"href":"https:\/\/ladepeche.mr\/index.php?rest_route=\/wp\/v2\/posts\/6283\/revisions"}],"predecessor-version":[{"id":6678,"href":"https:\/\/ladepeche.mr\/index.php?rest_route=\/wp\/v2\/posts\/6283\/revisions\/6678"}],"wp:featuredmedia":[{"embeddable":true,"href":"https:\/\/ladepeche.mr\/index.php?rest_route=\/wp\/v2\/media\/6674"}],"wp:attachment":[{"href":"https:\/\/ladepeche.mr\/index.php?rest_route=%2Fwp%2Fv2%2Fmedia&parent=6283"}],"wp:term":[{"taxonomy":"category","embeddable":true,"href":"https:\/\/ladepeche.mr\/index.php?rest_route=%2Fwp%2Fv2%2Fcategories&post=6283"},{"taxonomy":"post_tag","embeddable":true,"href":"https:\/\/ladepeche.mr\/index.php?rest_route=%2Fwp%2Fv2%2Ftags&post=6283"}],"curies":[{"name":"wp","href":"https:\/\/api.w.org\/{rel}","templated":true}]}}