{"id":6305,"date":"2023-07-03T13:20:45","date_gmt":"2023-07-03T13:20:45","guid":{"rendered":"https:\/\/ladepeche.mr\/?p=6305"},"modified":"2023-07-03T13:20:45","modified_gmt":"2023-07-03T13:20:45","slug":"gouvernement-demission-reconduction-de-ould-billal","status":"publish","type":"post","link":"https:\/\/ladepeche.mr\/?p=6305","title":{"rendered":"Gouvernement : d\u00e9mission-reconduction de Ould Billal"},"content":{"rendered":"<p>Le premier Ministre, Mohamed Ould Billal, a \u00e9t\u00e9 reconduit lundi premier Ministre, par le pr\u00e9sident Mohamed Ould Ghazouani.<br \/>\nOuld Billal, qui avait d\u00e9missionn\u00e9 auparavant, a \u00e9t\u00e9 charg\u00e9 de former un nouveau gouvernement.<br \/>\nLe futur gouvernement fait suite \u00e0 l\u2019organisation d\u2019\u00e9lections g\u00e9n\u00e9rales dans le pays, le 13 mai dernier. Des \u00e9lections o\u00f9 il s\u2019est arrog\u00e9 une majorit\u00e9 absolue au parlement, en pr\u00e9lude \u00e0 l\u2019\u00e9lection pr\u00e9sidentielle pr\u00e9vue en 2024.<\/p>\n","protected":false},"excerpt":{"rendered":"<p>Le premier Ministre, Mohamed Ould Billal, a \u00e9t\u00e9 reconduit lundi premier Ministre, par le pr\u00e9sident Mohamed Ould Ghazouani. Ould Billal, qui avait d\u00e9missionn\u00e9 auparavant, a \u00e9t\u00e9 charg\u00e9 de former un nouveau gouvernement. Le futur gouvernement fait suite \u00e0 l\u2019organisation d\u2019\u00e9lections g\u00e9n\u00e9rales dans le pays, le 13 mai dernier. Des \u00e9lections o\u00f9 il s\u2019est arrog\u00e9 une &hellip;<\/p>\n","protected":false},"author":2,"featured_media":6306,"comment_status":"open","ping_status":"open","sticky":false,"template":"","format":"standard","meta":{"footnotes":""},"categories":[18],"tags":[],"class_list":["post-6305","post","type-post","status-publish","format-standard","has-post-thumbnail","hentry","category-actualites"],"_links":{"self":[{"href":"https:\/\/ladepeche.mr\/index.php?rest_route=\/wp\/v2\/posts\/6305","targetHints":{"allow":["GET"]}}],"collection":[{"href":"https:\/\/ladepeche.mr\/index.php?rest_route=\/wp\/v2\/posts"}],"about":[{"href":"https:\/\/ladepeche.mr\/index.php?rest_route=\/wp\/v2\/types\/post"}],"author":[{"embeddable":true,"href":"https:\/\/ladepeche.mr\/index.php?rest_route=\/wp\/v2\/users\/2"}],"replies":[{"embeddable":true,"href":"https:\/\/ladepeche.mr\/index.php?rest_route=%2Fwp%2Fv2%2Fcomments&post=6305"}],"version-history":[{"count":1,"href":"https:\/\/ladepeche.mr\/index.php?rest_route=\/wp\/v2\/posts\/6305\/revisions"}],"predecessor-version":[{"id":6307,"href":"https:\/\/ladepeche.mr\/index.php?rest_route=\/wp\/v2\/posts\/6305\/revisions\/6307"}],"wp:featuredmedia":[{"embeddable":true,"href":"https:\/\/ladepeche.mr\/index.php?rest_route=\/wp\/v2\/media\/6306"}],"wp:attachment":[{"href":"https:\/\/ladepeche.mr\/index.php?rest_route=%2Fwp%2Fv2%2Fmedia&parent=6305"}],"wp:term":[{"taxonomy":"category","embeddable":true,"href":"https:\/\/ladepeche.mr\/index.php?rest_route=%2Fwp%2Fv2%2Fcategories&post=6305"},{"taxonomy":"post_tag","embeddable":true,"href":"https:\/\/ladepeche.mr\/index.php?rest_route=%2Fwp%2Fv2%2Ftags&post=6305"}],"curies":[{"name":"wp","href":"https:\/\/api.w.org\/{rel}","templated":true}]}}