{"id":6312,"date":"2023-07-04T09:56:07","date_gmt":"2023-07-04T09:56:07","guid":{"rendered":"https:\/\/ladepeche.mr\/?p=6312"},"modified":"2023-07-04T09:56:07","modified_gmt":"2023-07-04T09:56:07","slug":"social-letat-rappelle-a-lunpm-ses-promesses","status":"publish","type":"post","link":"https:\/\/ladepeche.mr\/?p=6312","title":{"rendered":"Social: L\u2019Etat rappelle \u00e0 l\u2019UNPM ses promesses"},"content":{"rendered":"<p>L\u2019Etat mauritanien a rappel\u00e9 \u00e0 l\u2019organisation patronale de l\u2019UNPM ses engagements \u00e0 contribuer \u00e0 l\u2019emploi et la formation des jeunes lors d\u2019une r\u00e9union tenue, il y a quelques jours, par le Ministre de l\u2019Emploi et de la Formation Professionnelle, Niang Mamoudou et le Pr\u00e9sident de l\u2019Union nationale du Patronat mauritanien (UNPM), Mohamed Zeine El Abidine Ould Cheikh Ahmed.<\/p>\n<p>Les deux parties, qui ont insist\u00e9 sur le respect des conventions sign\u00e9es entre elles, ont point\u00e9 des dysfonctionnements dans leur mise en \u0153uvre. Elles ont d\u00e9cid\u00e9, \u00e0 l\u2019effet de leur suivi, de la cr\u00e9ation d\u2019un Comit\u00e9 de haut niveau co-pr\u00e9sid\u00e9 par le Ministre de l\u2019Emploi et de la Formation Professionnelle et le Pr\u00e9sident de l\u2019UNPM. La mise en place de cette structure, qui devrait se r\u00e9unir p\u00e9riodiquement, devrait permettre de redynamiser ce partenariat et de veiller \u00e0 un suivi m\u00e9thodique de la mise en \u0153uvre des conventions bilat\u00e9rales.<\/p>\n<p>Les engagements ont \u00e9t\u00e9 renouvel\u00e9s en pr\u00e9sence des proches collaborateurs du ministre et des pr\u00e9sidents des diff\u00e9rentes f\u00e9d\u00e9rations de l\u2019UNPM.<br \/>\n(avec agence)<\/p>\n","protected":false},"excerpt":{"rendered":"<p>L\u2019Etat mauritanien a rappel\u00e9 \u00e0 l\u2019organisation patronale de l\u2019UNPM ses engagements \u00e0 contribuer \u00e0 l\u2019emploi et la formation des jeunes lors d\u2019une r\u00e9union tenue, il y a quelques jours, par le Ministre de l\u2019Emploi et de la Formation Professionnelle, Niang Mamoudou et le Pr\u00e9sident de l\u2019Union nationale du Patronat mauritanien (UNPM), Mohamed Zeine El Abidine &hellip;<\/p>\n","protected":false},"author":2,"featured_media":6314,"comment_status":"open","ping_status":"open","sticky":false,"template":"","format":"standard","meta":{"footnotes":""},"categories":[18,2],"tags":[],"class_list":["post-6312","post","type-post","status-publish","format-standard","has-post-thumbnail","hentry","category-actualites","category-economie"],"_links":{"self":[{"href":"https:\/\/ladepeche.mr\/index.php?rest_route=\/wp\/v2\/posts\/6312","targetHints":{"allow":["GET"]}}],"collection":[{"href":"https:\/\/ladepeche.mr\/index.php?rest_route=\/wp\/v2\/posts"}],"about":[{"href":"https:\/\/ladepeche.mr\/index.php?rest_route=\/wp\/v2\/types\/post"}],"author":[{"embeddable":true,"href":"https:\/\/ladepeche.mr\/index.php?rest_route=\/wp\/v2\/users\/2"}],"replies":[{"embeddable":true,"href":"https:\/\/ladepeche.mr\/index.php?rest_route=%2Fwp%2Fv2%2Fcomments&post=6312"}],"version-history":[{"count":1,"href":"https:\/\/ladepeche.mr\/index.php?rest_route=\/wp\/v2\/posts\/6312\/revisions"}],"predecessor-version":[{"id":6313,"href":"https:\/\/ladepeche.mr\/index.php?rest_route=\/wp\/v2\/posts\/6312\/revisions\/6313"}],"wp:featuredmedia":[{"embeddable":true,"href":"https:\/\/ladepeche.mr\/index.php?rest_route=\/wp\/v2\/media\/6314"}],"wp:attachment":[{"href":"https:\/\/ladepeche.mr\/index.php?rest_route=%2Fwp%2Fv2%2Fmedia&parent=6312"}],"wp:term":[{"taxonomy":"category","embeddable":true,"href":"https:\/\/ladepeche.mr\/index.php?rest_route=%2Fwp%2Fv2%2Fcategories&post=6312"},{"taxonomy":"post_tag","embeddable":true,"href":"https:\/\/ladepeche.mr\/index.php?rest_route=%2Fwp%2Fv2%2Ftags&post=6312"}],"curies":[{"name":"wp","href":"https:\/\/api.w.org\/{rel}","templated":true}]}}