{"id":6329,"date":"2023-07-05T13:15:41","date_gmt":"2023-07-05T13:15:41","guid":{"rendered":"https:\/\/ladepeche.mr\/?p=6329"},"modified":"2023-07-05T14:32:20","modified_gmt":"2023-07-05T14:32:20","slug":"nouveau-gouvernement-entre-rescapes-permutants-et-les-entrants","status":"publish","type":"post","link":"https:\/\/ladepeche.mr\/?p=6329","title":{"rendered":"Nouveau gouvernement : Entre rescap\u00e9s, permutants et les entrants"},"content":{"rendered":"<p>Quoique parcimonieux, touchant une dizaine de d\u00e9partements minist\u00e9riels, sur une trentaine, le changement op\u00e9r\u00e9 dans le dernier gouvernement, la veille de l\u2019organisation en 2024 de l\u2019\u00e9lection pr\u00e9sidentielle, soul\u00e8ve des interrogations quant aux choix mais aussi aux limogeages de certains responsables.<br \/>\nTous ces changements r\u00e9pondent \u00e9videmment \u00e0 la qu\u00eate d\u2019un \u00e9quilibre soci\u00e9tal qui n\u2019est pas toujours ais\u00e9. Depuis la formation dernier gouvernement en avril 2022, suivie d\u2019un remaniement partiel, en septembre, et la seconde reconduction du premier Ministre, Mohamed Ould Billal, c\u2019\u00e9tait le statu quo en attendant les \u00e9lections g\u00e9n\u00e9rales du 13 mai 2023 dont on esp\u00e9rait qu\u2019elles serviraient de d\u00e9clic pour une reconsid\u00e9ration de la repr\u00e9sentation r\u00e9gionale fortement d\u00e9s\u00e9quilibr\u00e9e. Le dernier gouvernement en \u00e9tait la parfaite illustration avec la pr\u00e9sence h\u00e9g\u00e9monique de certaines r\u00e9gions aux d\u00e9pens de la majorit\u00e9. N\u00e9anmoins, la derni\u00e8re configuration tente, m\u00eame si c\u2019est encore de mani\u00e8re timide, de corriger ces disparit\u00e9s dans la repr\u00e9sentation politique r\u00e9gionale au travers de la mise en place d\u2019un nouveau gouvernement. M\u00eame si le renouveau n\u2019est pas total, le gouvernement actuel semble \u00eatre inspir\u00e9 des r\u00e9sultats des derni\u00e8res \u00e9lections g\u00e9n\u00e9rales. La pr\u00e9sentation puis l\u2019\u00e9lection de l\u2019actuel pr\u00e9sident de l\u2019Assembl\u00e9e nationale, Mohamed Ould Meguett, issu de la r\u00e9gion du Brakna, a probablement pes\u00e9 de son ombre sur le choix des hommes dans cette repr\u00e9sentation r\u00e9gionale.<br \/>\nLa formation du gouvernement a encore consacr\u00e9, au moins, huit permutations dont certaines pourraient \u00e9branler la coh\u00e9sion de l\u2019action du gouvernement sous l\u2019ancienne formule. Mais l\u2019on voit clairement que le pr\u00e9sident de la R\u00e9publique et le premier Ministre, ont voulu introduire une dose de technocrates notamment pour des d\u00e9partements \u00e0 haute qualification professionnelle. C\u2019est m\u00eame l\u00e0 faire d\u2019une pierre deux avec en plus de formations solides, un rajeunissement de la classe gouvernementale.<br \/>\nPour l\u2019heure, en tout cas, le pr\u00e9sident semble, avec la reconduction de Mohamed Ould Billal, avoir dessin\u00e9 une lettre de mission insistant sur trois axes prioritaires \u00e0 son sens \u00e0 savoir : \u00ab pr\u00e9server et consolider les acquis ; acc\u00e9l\u00e9rer l\u2019ach\u00e8vement des programmes et des politiques publiques en cours et enfin accorder la plus grande importance aux secteurs des services et productifs et aux programmes sociaux qui ont un impact direct sur la vie des citoyens en acc\u00e9l\u00e9rant les r\u00e9formes n\u00e9cessaires pour accro\u00eetre l\u2019efficacit\u00e9 de ces secteurs, am\u00e9liorer la qualit\u00e9 des diff\u00e9rents services et assurer un acc\u00e8s universel \u00e0 ceux-ci \u00bb. <\/p>\n<p>Les dinosaures intouchables<\/p>\n<p>Dix ministres au moins ont gard\u00e9 leurs postes lors du renouvellement de ce gouvernement. Ils semblent, au regard des changements op\u00e9r\u00e9s jusqu\u2019ici dans les \u00e9quipes du premier ministre, des femmes et des hommes \u00ab intouchables \u00bb. Certains justifient d\u2019une proximit\u00e9 r\u00e9elle avec le pr\u00e9sident de la R\u00e9publique. Le pr\u00e9sident serait personnellement satisfait de leur apport \u00e0 l\u2019action d\u2019ensemble du gouvernement. C\u2019est pour cette raison qu\u2019ils n\u2019auraient pas quitt\u00e9 les commandes de leurs d\u00e9partements respectifs. D\u2019autres, sans perdre la confiance du pr\u00e9sident, ont quand m\u00eame chang\u00e9 de d\u00e9partements. Ils recommencent donc \u00e0 z\u00e9ro pour marquer de leurs empreintes les nouveaux d\u00e9partements \u00e0 leurs charges. Mais beaucoup perdent au change. Ils sont huit ministres \u00e0 devoir recommencer \u00e0 s\u2019installer avant de prendre la mesure des d\u00e9fis qui les attendent.<br \/>\nC\u2019est par contre, le d\u00e9part qui ressemble fort \u00e0 une \u00e9viction de certains ministres \u00e0 l\u2019issue de la formation de ce gouvernement qui laisse perplexe. Ils sont au total 9 ministres \u00e0 rendre leurs tabliers. Ils \u00e9taient connus et m\u00eame suspect\u00e9s d\u2019\u00eatre dans la loge des \u00ab ministres intouchables \u00bb. L\u2019opinion pensait m\u00eame que le pr\u00e9sident \u00e9tait leur mentor. Si l\u2019on peut expliquer le d\u00e9part de certains d\u2019entre eux du fait de la surrepr\u00e9sentation r\u00e9gionale, le limogeage de certains reste inexpliqu\u00e9. Seul Mohamed Ould Abdallahi Ould Ethmane, ex-ministre de l\u2019\u00e9levage, en est sursitaire puisqu\u2019il a \u00e9t\u00e9 nomm\u00e9 ministre conseiller \u00e0 la Pr\u00e9sidence de la R\u00e9publique.<\/p>\n<p>Les entrants, eux, ne sont pourtant pas fich\u00e9s politiquement. On pourrait en d\u00e9duire qu\u2019ils sont choisis pour leurs comp\u00e9tences intrins\u00e8ques. Certains sont m\u00eame des \u00ab cracks \u00bb dans leurs domaines. D\u2019autres justifient d\u2019une longue exp\u00e9rience dans les d\u00e9partements o\u00f9 ils ont \u00e9lu fonction. Tout nouveau, tout beau. Mais attention, le r\u00e9pit sera de courte dur\u00e9e. Dans ce lot on pourrait ajouter Ahmed Sid\u2019Ahmed Di\u00e9 dont l\u2019\u00e9toile brille de plus belle dans cette ascension au sein du gouvernement. Il est choisi, ministre de la Culture, de la Jeunesse, des Sports et des Relations avec le Parlement. Idem pour Hamoud Ould M\u2019Hamed qui de Maaden gravit \u2013\u00e0 nouveau les \u00e9chelons du gouvernement par la premi\u00e8re \u00e9tape qu\u2019est la d\u00e9l\u00e9gation g\u00e9n\u00e9rale de Taazouz. Un poste cl\u00e9 et d\u2019une importance capitale des programmes sociaux du pr\u00e9sident de la R\u00e9publique. Il y a enfin le retour de Mokctar Ould Diay, nomm\u00e9 ministre charg\u00e9 de cabinet du Pr\u00e9sident de la R\u00e9publique. Une nouvelle appellation \u00ab sur mesure \u00bb ? Le retour de Mokhtar Ould Diye qu\u2019on sait en friction politique avec le pr\u00e9sident de l\u2019Assembl\u00e9e nationale est-il pr\u00e9par\u00e9 pour un poste de \u00ab super ministre \u00bb? Wait and see.<\/p>\n<p>Les Hommes du pr\u00e9sident ! <\/p>\n<p>Ministre de la Justice, Mohamed Mahmoud Ould Cheikh Abdoullah Ben Boya,<\/p>\n<p>Ministre des Affaires \u00e9trang\u00e8res, de la Coop\u00e9ration et des Mauritaniens de l\u2019Ext\u00e9rieur, Mohamed Salem Merzoug,<\/p>\n<p>Ministre de la D\u00e9fense nationale, Hananna Ould Sidi,<\/p>\n<p>Ministre de l\u2019Int\u00e9rieur et de la D\u00e9centralisation, Mohamed Ahmed Ould Mohamed Lemine,<\/p>\n<p>Ministre des Affaires Islamiques et de l\u2019Enseignement Originel, Dah Ould Sidi Ould Amar Taleb,<\/p>\n<p>Ministre des Finances, Isselmou Ould Ahmed M\u2019Bady,<br \/>\nMinistre de l\u2019Emploi et de la Formation professionnelle, Zeynebou Mint Hmidnah,<\/p>\n<p>Ministre de l\u2019Habitat, de l\u2019Urbanisme et de l\u2019Am\u00e9nagement du Territoire, Sid\u2019Ahmed Ould Mohamed,<\/p>\n<p>Ministre de l\u2019Action sociale, de l\u2019Enfance et de la Famille, Savia Mint N\u2019Tahah,<\/p>\n<p>Ministre de l\u2019Environnement, Lalya Kamara.<\/p>\n<p>Les Permutants<\/p>\n<p>Ministre des Affaires \u00e9conomiques et du D\u00e9veloppement durable, Abdessalam Ould Mohamed Saleh.<\/p>\n<p>Ministre de l\u2019Education nationale et de la R\u00e9forme du Syst\u00e8me \u00e9ducatif, Moctar Ould Dahi.<\/p>\n<p>Ministre de la Sant\u00e9, Naha Mint Hamdy Ould Mouknass.<br \/>\nMinistre du P\u00e9trole, de l\u2019Energie et des Mines, porte-parole du gouvernement, Nany Ould Chrougha.<\/p>\n<p>Ministre des P\u00eaches et de l\u2019Economie maritime, Moctar Alhousseyni Lam<\/p>\n<p>Ministre du Commerce, de l\u2019Industrie, de l\u2019Artisanat et du Tourisme, Lemrabott Ould Bennahi.<\/p>\n<p>Ministre de l\u2019Equipement et des Transports, Mohamed Ali Ould Sidi Mohamed<br \/>\nMinistre de l\u2019Enseignement sup\u00e9rieur et de la Recherche scientifique, Niang Mamoudou<\/p>\n<p>Les Entrants<\/p>\n<p>Ministre de la Fonction publique et du Travail, Sidi Yahya Ould Cheikhna Ould Lemrabott,<br \/>\nMinistre de la Transformation num\u00e9rique, de l\u2019innovation et de la Modernisation de l\u2019Administration, M. Mohamed Abdallahi Ould Louly,<br \/>\nMinistre de l\u2019Agriculture, Moma Ould Beibate Hamahoullah,<br \/>\nMinistre de l\u2019Elevage, Hmede\u00eet Ould Cheine,<br \/>\nMinistre de l\u2019Hydraulique et de l\u2019Assainissement, Isma\u00eal Ould Abdel Vettah,<br \/>\nMinistre Secr\u00e9taire g\u00e9n\u00e9rale du gouvernement, A\u00eessata Ba Yahya,<br \/>\nMinistre d\u00e9l\u00e9gu\u00e9 aupr\u00e8s du ministre des Affaires \u00e9trang\u00e8res, de la Coop\u00e9ration et des Mauritaniens de l\u2019ext\u00e9rieur charg\u00e9 des Mauritaniens de l\u2019ext\u00e9rieur, Mohamed Yahya Ould Saa\u00eed. <\/p>\n<p>Les sortants<\/p>\n<p>Ministre conseill\u00e8re \u00e0 la pr\u00e9sidence : Coumba B\u00e2<br \/>\nMAEPSP : Ousmane Mamadou Kane<br \/>\nMinistre de l\u2019\u00e9ducation et de la r\u00e9forme du syst\u00e8me \u00e9ducatif : Brahim Vall Ould Mohamed LemineIl<br \/>\nMinistre de la Transformation num\u00e9rique, de l\u2019innovation et de la Modernisation de l\u2019Administration Mokhtar Ould Mohamed El Yedaly<br \/>\nMinistre des p\u00eaches et de l\u2019\u00e9conomie maritime, Mohamed Ould Abidine Ould Maayiv,<br \/>\nMinistre de l\u2019agriculture, Yahya Ould Ahmed Waghf<br \/>\nMinistre de l\u2019hydraulique et de l\u2019assainissement : Sidi Mohamed Ould Taleb Amar<br \/>\nMinistre de l&#8217;enseignement sup\u00e9rieur et de la recherche scientifique: Mohamed Lemine Ould Aboye Ould Cheikh El Hadrami<br \/>\nMinistre de la Culture, de la jeunesse et des sports et des relations avec le Parlement<br \/>\nMohamed Ould Soueidate,<\/p>\n","protected":false},"excerpt":{"rendered":"<p>Quoique parcimonieux, touchant une dizaine de d\u00e9partements minist\u00e9riels, sur une trentaine, le changement op\u00e9r\u00e9 dans le dernier gouvernement, la veille de l\u2019organisation en 2024 de l\u2019\u00e9lection pr\u00e9sidentielle, soul\u00e8ve des interrogations quant aux choix mais aussi aux limogeages de certains responsables. Tous ces changements r\u00e9pondent \u00e9videmment \u00e0 la qu\u00eate d\u2019un \u00e9quilibre soci\u00e9tal qui n\u2019est pas toujours &hellip;<\/p>\n","protected":false},"author":2,"featured_media":6332,"comment_status":"open","ping_status":"open","sticky":false,"template":"","format":"standard","meta":{"footnotes":""},"categories":[18],"tags":[],"class_list":["post-6329","post","type-post","status-publish","format-standard","has-post-thumbnail","hentry","category-actualites"],"_links":{"self":[{"href":"https:\/\/ladepeche.mr\/index.php?rest_route=\/wp\/v2\/posts\/6329","targetHints":{"allow":["GET"]}}],"collection":[{"href":"https:\/\/ladepeche.mr\/index.php?rest_route=\/wp\/v2\/posts"}],"about":[{"href":"https:\/\/ladepeche.mr\/index.php?rest_route=\/wp\/v2\/types\/post"}],"author":[{"embeddable":true,"href":"https:\/\/ladepeche.mr\/index.php?rest_route=\/wp\/v2\/users\/2"}],"replies":[{"embeddable":true,"href":"https:\/\/ladepeche.mr\/index.php?rest_route=%2Fwp%2Fv2%2Fcomments&post=6329"}],"version-history":[{"count":3,"href":"https:\/\/ladepeche.mr\/index.php?rest_route=\/wp\/v2\/posts\/6329\/revisions"}],"predecessor-version":[{"id":6336,"href":"https:\/\/ladepeche.mr\/index.php?rest_route=\/wp\/v2\/posts\/6329\/revisions\/6336"}],"wp:featuredmedia":[{"embeddable":true,"href":"https:\/\/ladepeche.mr\/index.php?rest_route=\/wp\/v2\/media\/6332"}],"wp:attachment":[{"href":"https:\/\/ladepeche.mr\/index.php?rest_route=%2Fwp%2Fv2%2Fmedia&parent=6329"}],"wp:term":[{"taxonomy":"category","embeddable":true,"href":"https:\/\/ladepeche.mr\/index.php?rest_route=%2Fwp%2Fv2%2Fcategories&post=6329"},{"taxonomy":"post_tag","embeddable":true,"href":"https:\/\/ladepeche.mr\/index.php?rest_route=%2Fwp%2Fv2%2Ftags&post=6329"}],"curies":[{"name":"wp","href":"https:\/\/api.w.org\/{rel}","templated":true}]}}