{"id":6338,"date":"2023-07-06T12:26:05","date_gmt":"2023-07-06T12:26:05","guid":{"rendered":"https:\/\/ladepeche.mr\/?p=6338"},"modified":"2023-07-06T12:27:20","modified_gmt":"2023-07-06T12:27:20","slug":"partenariat-strategique-maroc-italie-la-question-du-sahara-litalie-salue-les-efforts-serieux-et-credibles-menes-par-le-maroc-tels-refletes-dans-la-resolution-2654","status":"publish","type":"post","link":"https:\/\/ladepeche.mr\/?p=6338","title":{"rendered":"Partenariat strat\u00e9gique Maroc-Italie\/ La question du Sahara\/ L&#8217;Italie salue &#8216;\u2019les efforts s\u00e9rieux et cr\u00e9dibles men\u00e9s par le Maroc\u2019\u2019 tels refl\u00e9t\u00e9s dans la r\u00e9solution 2654"},"content":{"rendered":"<p>Rome &#8211; Le ministre des Affaires \u00e9trang\u00e8res, de la Coop\u00e9ration africaine et des Marocains r\u00e9sidant \u00e0 l\u2019\u00e9tranger, Nasser Bourita, et le Vice-pr\u00e9sident italien du Conseil des ministres et ministre des Affaires \u00e9trang\u00e8res et de la Coop\u00e9ration internationale, Antonio Tajani, ont sign\u00e9, mercredi 05 juillet \u00e0 Rome, le Plan d&#8217;Action pour la mise en \u0153uvre du partenariat strat\u00e9gique multidimensionnel entre le Maroc et l\u2019Italie.<br \/>\nLa signature de ce plan d\u2019action marque la mise en \u0153uvre concr\u00e8te de l\u2019instrument bilat\u00e9ral structurant qu\u2019est la D\u00e9claration Conjointe sur le partenariat strat\u00e9gique multidimensionnel entre les deux pays, sign\u00e9e le 1er novembre 2019, \u00e0 Rabat.<br \/>\nDans cette D\u00e9claration conjointe, qui pose les fondations d\u2019un partenariat bilat\u00e9ral r\u00e9nov\u00e9 et ambitieux, l\u2019Italie avait salu\u00e9 &#8216;\u2019les r\u00e9formes de grande port\u00e9e engag\u00e9es par le Maroc au cours des deux derni\u00e8res d\u00e9cennies sous l&#8217;impulsion de Sa Majest\u00e9 le Roi Mohammed VI et les efforts r\u00e9alis\u00e9s en vue d&#8217;un d\u00e9veloppement politique, \u00e9conomique et social\u2019\u2019. Rome avait \u00e9galement salu\u00e9 l&#8217;action men\u00e9e par le Souverain en faveur du d\u00e9veloppement, de la stabilit\u00e9 et de l&#8217;\u00e9panouissement du continent africain.<br \/>\nA cette occasion, les deux pays avaient exprim\u00e9 leur d\u00e9termination \u00e0 agir conjointement pour pr\u00e9server et consolider le niveau atteint des relations, et \u00e0 s&#8217;engager \u00e0 donner un nouvel \u00e9lan au dialogue politique dans toutes ses dimensions pour r\u00e9pondre aux besoins de stabilit\u00e9 et de paix r\u00e9gionale et internationale.<br \/>\nDans le domaine s\u00e9curitaire, le Maroc et l\u2019Italie avaient salu\u00e9 encore le professionnalisme reconnu des services des deux pays et appr\u00e9ci\u00e9 leurs efforts dans la contribution \u00e0 la s\u00e9curit\u00e9 internationale. Ils se sont f\u00e9licit\u00e9s, \u00e0 cet \u00e9gard, du r\u00f4le jou\u00e9 par Rome et Rabat en mati\u00e8re de lutte contre le terrorisme, la migration irr\u00e9guli\u00e8re et la criminalit\u00e9 transnationale. Au sujet de la question migratoire, les deux parties ont encourag\u00e9 \u2018\u2019une migration l\u00e9gale porteuse de plus-value pour les deux pays\u2019\u2019.<\/p>\n<p>Il ressort du m\u00eame document que les deux pays sont convaincus qu&#8217;un r\u00e8glement pacifique des diff\u00e9rends et des conflits affectant la r\u00e9gion jouerait un r\u00f4le d\u00e9terminant dans la stabilit\u00e9 et le d\u00e9veloppement de cette derni\u00e8re, et \u2018\u2019constituent l&#8217;un pour l&#8217;autre des partenaires cl\u00e9s dans la gestion des d\u00e9fis r\u00e9gionaux et internationaux\u2019\u2019.<br \/>\nPar ailleurs, les deux parties ont saisi l\u2019occasion pour r\u00e9affirmer leur engagement commun \u00e0 renforcer le dialogue politique et le processus d&#8217;int\u00e9gration avec l&#8217;Union Europ\u00e9enne, en vue d&#8217;un partenariat r\u00e9nov\u00e9 avec le Royaume du Maroc, qui prenne en compte toutes les dimensions des relations avec ce groupement r\u00e9gional.<br \/>\nPour ce qui est du partenariat strat\u00e9gique multidimensionnel, le Maroc et l\u2019Italie s\u2019engagent \u00e9galement \u00e0 se concerter sur les questions li\u00e9es \u00e0 l\u2019Afrique et \u00e0 promouvoir une coop\u00e9ration tripartite mutuellement b\u00e9n\u00e9fique avec des partenaires africains.<br \/>\nLadite D\u00e9claration Conjointe \u00e9voque \u00e9galement la question de la paix au Moyen-Orient, pr\u00e9cisant que les deux parties ont appel\u00e9 \u00e0 l&#8217;instauration d&#8217;une paix juste et globale dans cette r\u00e9gion et estim\u00e9, au sujet du conflit isra\u00e9lo-palestinien, que la solution de deux \u00c9tats, avec J\u00e9rusalem comme capitale pour les deux, contribuera, sans aucun doute, \u00e0 ce but et permettra aux peuples de la r\u00e9gion de vivre en paix et s\u00e9curit\u00e9 selon leurs aspirations l\u00e9gitimes.<br \/>\nS\u2019agissant de la Question du Sahara, ce Plan d\u2019Action pr\u00e9cise que &#8220;L\u2019Italie salue les efforts s\u00e9rieux et cr\u00e9dibles men\u00e9s par le Maroc&#8221;, tels que refl\u00e9t\u00e9s dans la r\u00e9solution 2654 du Conseil de s\u00e9curit\u00e9 du 27 octobre 2022. Se r\u00e9f\u00e9rant ainsi \u00e0 l\u2019Initiative Marocaine d\u2019Autonomie, l\u2019Italie r\u00e9affirme \u2018\u2019son appui aux efforts du Secr\u00e9taire G\u00e9n\u00e9ral de l\u2019ONU pour poursuivre le processus politique visant \u00e0 parvenir \u00e0 une solution politique, juste, r\u00e9aliste, pragmatique, durable et mutuellement acceptable \u00e0 la question du Sahara, qui repose sur le compromis en conformit\u00e9 avec la r\u00e9solution 2654\u2019\u2019, souligne-t-on dans le document.<br \/>\nDans ce m\u00eame Plan d\u2019action, l\u2019Italie, \u2018\u2019encourage toutes les parties \u00e0 poursuivre leur engagement dans un esprit de r\u00e9alisme et de compromis, dans le contexte d\u2019arrangements conformes aux buts et principes \u00e9nonc\u00e9s dans la Charte des Nations Unies\u2019\u2019.<br \/>\nA l\u2019occasion de cette visite et \u00e0 la faveur de son entrevue avec Monsieur BOURITA, le pr\u00e9sident de la Chambre des d\u00e9put\u00e9s italien, M. Lorenzo Fontana, a indiqu\u00e9 que le Maroc est un interlocuteur privil\u00e9gi\u00e9 pour la stabilit\u00e9 de la M\u00e9diterran\u00e9e, en soulignant l\u2019excellence des relations liant le Maroc et l\u2019Italie dans plusieurs domaines.<br \/>\nDans une d\u00e9claration \u00e0 la presse au terme d\u2019une rencontre avec le ministre marocain des Affaires \u00e9trang\u00e8re, Nasser Bourita, le pr\u00e9sident de la Commission \u2018\u2019politique de l\u2019Union Europ\u00e9enne\u2019\u2019 au S\u00e9nat italien et ancien ministre des Affaires Etrang\u00e8res, Guiulio Terzi Di Sant\u2019Agata, a soulign\u00e9 \u2018\u2019la vision de SM le Roi Mohammed VI en mati\u00e8re de lutte contre la radicalisation et l\u2019engagement du Souverain en faveur de la consolidation des valeurs d\u00e9mocratiques et de libert\u00e9 avant de pr\u00e9ciser que ces questions \u2018\u2019requi\u00e8rent toute l\u2019attention tant au niveau bilat\u00e9ral que multilat\u00e9ral\u2019\u2019.<br \/>\nL\u2019ancien chef de la diplomatie italienne a indiqu\u00e9 avoir \u00e9chang\u00e9 avec M. Bourita sur les relations bilat\u00e9rales entre le Maroc et l\u2019Italie, qui se d\u00e9veloppent de mani\u00e8re \u201ctr\u00e8s positive tous azimut\u201d, au niveau des \u00e9changes politiques, de la coop\u00e9ration sur des dossiers de s\u00e9curit\u00e9, d\u2019\u00e9conomie, des d\u00e9fis du climat, ainsi que de la participation dans les organisations multilat\u00e9rales dans lesquelles les deux pays coop\u00e8rent de fa\u00e7on \u201ctr\u00e8s active\u201d et sur le plan aussi des relations entre le Maroc et l\u2019UE.<br \/>\nIl s\u2019est, en outre, f\u00e9licit\u00e9 du partenariat \u201cstrat\u00e9gique, tr\u00e8s avanc\u00e9 et sp\u00e9cial\u201d entre son pays et le Maroc, relevant que les deux pays partagent le souci en ce qui concerne &#8216;\u2019la prolif\u00e9ration de groupuscules et d\u2019entit\u00e9s qui se sont r\u00e9pandus en Afrique\u2019\u2019 et qui menacent la stabilit\u00e9 et la s\u00e9curit\u00e9 sur le continent. M. Di Sant\u2019Agata a \u00e9galement fait \u00e9tat de \u201cconvergences significatives\u201d entre le gouvernement italien et la \u2018\u2019vision humaine, \u00e9galitaire et soutenable\u2019\u2019 de d\u00e9veloppement pr\u00f4n\u00e9e par le Maroc.<br \/>\nIl s\u2019agit de la premi\u00e8re visite de M. Bourita en Italie apr\u00e8s la nomination, en octobre 2022, de M. Tajani en tant que Vice-pr\u00e9sident du Conseil des ministres et ministre des Affaires \u00e9trang\u00e8res et de la Coop\u00e9ration Internationale de la R\u00e9publique italienne.<br \/>\n (Avec m\u00e9dia)<\/p>\n","protected":false},"excerpt":{"rendered":"<p>Rome &#8211; Le ministre des Affaires \u00e9trang\u00e8res, de la Coop\u00e9ration africaine et des Marocains r\u00e9sidant \u00e0 l\u2019\u00e9tranger, Nasser Bourita, et le Vice-pr\u00e9sident italien du Conseil des ministres et ministre des Affaires \u00e9trang\u00e8res et de la Coop\u00e9ration internationale, Antonio Tajani, ont sign\u00e9, mercredi 05 juillet \u00e0 Rome, le Plan d&#8217;Action pour la mise en \u0153uvre du &hellip;<\/p>\n","protected":false},"author":2,"featured_media":6340,"comment_status":"open","ping_status":"open","sticky":false,"template":"","format":"standard","meta":{"footnotes":""},"categories":[18,29],"tags":[],"class_list":["post-6338","post","type-post","status-publish","format-standard","has-post-thumbnail","hentry","category-actualites","category-monde"],"_links":{"self":[{"href":"https:\/\/ladepeche.mr\/index.php?rest_route=\/wp\/v2\/posts\/6338","targetHints":{"allow":["GET"]}}],"collection":[{"href":"https:\/\/ladepeche.mr\/index.php?rest_route=\/wp\/v2\/posts"}],"about":[{"href":"https:\/\/ladepeche.mr\/index.php?rest_route=\/wp\/v2\/types\/post"}],"author":[{"embeddable":true,"href":"https:\/\/ladepeche.mr\/index.php?rest_route=\/wp\/v2\/users\/2"}],"replies":[{"embeddable":true,"href":"https:\/\/ladepeche.mr\/index.php?rest_route=%2Fwp%2Fv2%2Fcomments&post=6338"}],"version-history":[{"count":2,"href":"https:\/\/ladepeche.mr\/index.php?rest_route=\/wp\/v2\/posts\/6338\/revisions"}],"predecessor-version":[{"id":6341,"href":"https:\/\/ladepeche.mr\/index.php?rest_route=\/wp\/v2\/posts\/6338\/revisions\/6341"}],"wp:featuredmedia":[{"embeddable":true,"href":"https:\/\/ladepeche.mr\/index.php?rest_route=\/wp\/v2\/media\/6340"}],"wp:attachment":[{"href":"https:\/\/ladepeche.mr\/index.php?rest_route=%2Fwp%2Fv2%2Fmedia&parent=6338"}],"wp:term":[{"taxonomy":"category","embeddable":true,"href":"https:\/\/ladepeche.mr\/index.php?rest_route=%2Fwp%2Fv2%2Fcategories&post=6338"},{"taxonomy":"post_tag","embeddable":true,"href":"https:\/\/ladepeche.mr\/index.php?rest_route=%2Fwp%2Fv2%2Ftags&post=6338"}],"curies":[{"name":"wp","href":"https:\/\/api.w.org\/{rel}","templated":true}]}}