{"id":6343,"date":"2023-07-06T15:54:22","date_gmt":"2023-07-06T15:54:22","guid":{"rendered":"https:\/\/ladepeche.mr\/?p=6343"},"modified":"2023-07-06T20:10:19","modified_gmt":"2023-07-06T20:10:19","slug":"belgique-le-corps-dun-mauritanien-abandonne-depuis-1-mois-dans-une-morgue","status":"publish","type":"post","link":"https:\/\/ladepeche.mr\/?p=6343","title":{"rendered":"Belgique: Le corps d\u2019un mauritanien abandonn\u00e9 depuis 1 mois dans une morgue"},"content":{"rendered":"<p>Il s\u2019appellerait Sidi N\u2019Diaye et serait ressortissant mauritanien de la ville de Rosso. Il y serait n\u00e9 en 1952.<br \/>\nL\u2019homme est d\u00e9c\u00e9d\u00e9 de mort naturelle en Belgique o\u00f9 probablement il r\u00e9sidait. Mais son corps, jamais r\u00e9clam\u00e9 par ses proches, g\u00eet toujours dans une morgue d\u2019un h\u00f4pital belge dans la ville d\u2019Anvers. Cela fait plus de trente jours que le corps est gard\u00e9 dans la morgue.<br \/>\nUn appel pour la prise en charge mortuaire du d\u00e9funt a \u00e9t\u00e9 relay\u00e9 sur la toile gr\u00e2ce \u00e0 notre cons\u0153ur Fatimetou S.D.<\/p>\n","protected":false},"excerpt":{"rendered":"<p>Il s\u2019appellerait Sidi N\u2019Diaye et serait ressortissant mauritanien de la ville de Rosso. Il y serait n\u00e9 en 1952. L\u2019homme est d\u00e9c\u00e9d\u00e9 de mort naturelle en Belgique o\u00f9 probablement il r\u00e9sidait. Mais son corps, jamais r\u00e9clam\u00e9 par ses proches, g\u00eet toujours dans une morgue d\u2019un h\u00f4pital belge dans la ville d\u2019Anvers. Cela fait plus de &hellip;<\/p>\n","protected":false},"author":2,"featured_media":6344,"comment_status":"open","ping_status":"open","sticky":false,"template":"","format":"standard","meta":{"footnotes":""},"categories":[18,29],"tags":[],"class_list":["post-6343","post","type-post","status-publish","format-standard","has-post-thumbnail","hentry","category-actualites","category-monde"],"_links":{"self":[{"href":"https:\/\/ladepeche.mr\/index.php?rest_route=\/wp\/v2\/posts\/6343","targetHints":{"allow":["GET"]}}],"collection":[{"href":"https:\/\/ladepeche.mr\/index.php?rest_route=\/wp\/v2\/posts"}],"about":[{"href":"https:\/\/ladepeche.mr\/index.php?rest_route=\/wp\/v2\/types\/post"}],"author":[{"embeddable":true,"href":"https:\/\/ladepeche.mr\/index.php?rest_route=\/wp\/v2\/users\/2"}],"replies":[{"embeddable":true,"href":"https:\/\/ladepeche.mr\/index.php?rest_route=%2Fwp%2Fv2%2Fcomments&post=6343"}],"version-history":[{"count":2,"href":"https:\/\/ladepeche.mr\/index.php?rest_route=\/wp\/v2\/posts\/6343\/revisions"}],"predecessor-version":[{"id":6348,"href":"https:\/\/ladepeche.mr\/index.php?rest_route=\/wp\/v2\/posts\/6343\/revisions\/6348"}],"wp:featuredmedia":[{"embeddable":true,"href":"https:\/\/ladepeche.mr\/index.php?rest_route=\/wp\/v2\/media\/6344"}],"wp:attachment":[{"href":"https:\/\/ladepeche.mr\/index.php?rest_route=%2Fwp%2Fv2%2Fmedia&parent=6343"}],"wp:term":[{"taxonomy":"category","embeddable":true,"href":"https:\/\/ladepeche.mr\/index.php?rest_route=%2Fwp%2Fv2%2Fcategories&post=6343"},{"taxonomy":"post_tag","embeddable":true,"href":"https:\/\/ladepeche.mr\/index.php?rest_route=%2Fwp%2Fv2%2Ftags&post=6343"}],"curies":[{"name":"wp","href":"https:\/\/api.w.org\/{rel}","templated":true}]}}