{"id":6349,"date":"2023-07-06T20:16:12","date_gmt":"2023-07-06T20:16:12","guid":{"rendered":"https:\/\/ladepeche.mr\/?p=6349"},"modified":"2023-07-06T21:32:14","modified_gmt":"2023-07-06T21:32:14","slug":"communique-du-conseil-des-ministres-du-jeudi-06-juillet-2023","status":"publish","type":"post","link":"https:\/\/ladepeche.mr\/?p=6349","title":{"rendered":"Communiqu\u00e9 du Conseil des Ministres du jeudi 06 juillet 2023"},"content":{"rendered":"<p>Le Conseil des Ministres s\u2019est r\u00e9uni le Jeudi 06 juillet 2023 sous la Pr\u00e9sidence de Son Excellence Monsieur Mohamed Ould Cheikh El-Ghazouani, Pr\u00e9sident de la R\u00e9publique.<\/p>\n<p>Le Conseil a examin\u00e9 et approuv\u00e9 le projet de loi autorisant l\u2019accord de financement sign\u00e9 le 08 juin 2023, entre la R\u00e9publique Islamique de Mauritanie et l\u2019Association Internationale de D\u00e9veloppement (IDA) destin\u00e9 au financement du Projet d\u2019Harmonisation et d\u2019Am\u00e9lioration des Statistiques en Afrique de l\u2019Ouest et du Centre.<\/p>\n<p>Le pr\u00e9sent projet de loi a pour objectifs : i) d\u2019am\u00e9liorer la performance statistique des pays, l\u2019harmonisation r\u00e9gionale, l\u2019acc\u00e8s aux donn\u00e9es et leur utilisation, et ii) de renforcer la modernisation du syst\u00e8me statistique dans les pays participants.<\/p>\n<p>Au niveau national, le projet soutiendra le plan d\u2019action prioritaire quinquennal (2021-2025) de la r\u00e9cente Strat\u00e9gie National de D\u00e9veloppement Statistique (SNDS) d\u00e9cennale couvrant la p\u00e9riode 2021-2030, qui vise \u00e0 construire, \u00e0 l\u2019horizon 2030, un syst\u00e8me statistique efficace et cr\u00e9dible, dot\u00e9 de ressources suffisantes, avec un cadre juridique et organisationnel appropri\u00e9, dont les productions r\u00e9pondent aux besoins des politiques nationales de d\u00e9veloppement et \u00e0 ceux des utilisateurs.<\/p>\n<p>Au niveau r\u00e9gional, le projet vise \u00e0 appuyer l\u2019Agence Nationale de la Statistique et de l\u2019Analyse D\u00e9mographique et \u00c9conomique (ANSADE) \u00e0 l\u2019alignement sur la Strat\u00e9gie pour l\u2019Harmonisation des Statistiques en Afrique 2017-2026 (SHaSA2) de la Commission de l\u2019Union africaine (CUA) et sur les engagements r\u00e9gionaux et mondiaux pour un meilleur suivi des Objectifs de D\u00e9veloppement Durable (ODD).<\/p>\n<p>Le Conseil a \u00e9galement examin\u00e9 et adopt\u00e9 les deux projets de d\u00e9crets suivants :<\/p>\n<p>\u2010 Projet de d\u00e9cret portant nomination du Pr\u00e9sident et des Membres du Conseil d\u2019Administration de la Caisse Nationale de Solidarit\u00e9 en Sant\u00e9 (CNASS).<\/p>\n<p>\u2010 Projet de d\u00e9cret portant approbation et d\u00e9claration d\u2019utilit\u00e9 publique le plan de lotissement de la nouvelle ville de Beder (Regroupement de Beder, Commune d\u2019Oum Lehiadh, Moughataa d\u2019Aioun, Wilaya du Hodh El Gharbi.<\/p>\n<p>Ce lotissement vise \u00e0 renforcer les efforts des Pouvoirs Publics dans le domaine de regroupement des localit\u00e9s, il aidera \u00e0 l\u2019acc\u00e8s des populations aux diff\u00e9rents services et r\u00e9seaux tout en cr\u00e9ant un cadre urbain ad\u00e9quat moderne, r\u00e9pondant aux normes urbanistiques et garantissant la qui\u00e9tude et la s\u00e9curit\u00e9.<\/p>\n<p>Le nouveau plan de lotissement de la nouvelle ville de Beder couvre une superficie totale de 254 hectares, et comprend :<\/p>\n<p>\u2010 Lots d\u2019habitats ;<\/p>\n<p>\u2010 Lots commerciaux ;<\/p>\n<p>\u2010 Lots r\u00e9serv\u00e9s aux \u00e9quipement collectifs ;<\/p>\n<p>\u2010 Places publiques ;<\/p>\n<p>\u2010 R\u00e9serves destin\u00e9es aux espaces verts ;<\/p>\n<p>\u2010 R\u00e9serves fonci\u00e8res ;<\/p>\n<p>\u2010 Voiries et r\u00e9seaux.<\/p>\n<p>Le Ministre des Affaires \u00c9trang\u00e8res, de la Coop\u00e9ration et des Mauritaniens de l\u2019Ext\u00e9rieur, a pr\u00e9sent\u00e9 une communication relative \u00e0 la situation internationale.<\/p>\n<p>Le Ministre de l\u2019Int\u00e9rieur et de la D\u00e9centralisation a pr\u00e9sent\u00e9 une communication relative \u00e0 la situation int\u00e9rieure.<\/p>\n<p>Ami<\/p>\n","protected":false},"excerpt":{"rendered":"<p>Le Conseil des Ministres s\u2019est r\u00e9uni le Jeudi 06 juillet 2023 sous la Pr\u00e9sidence de Son Excellence Monsieur Mohamed Ould Cheikh El-Ghazouani, Pr\u00e9sident de la R\u00e9publique. Le Conseil a examin\u00e9 et approuv\u00e9 le projet de loi autorisant l\u2019accord de financement sign\u00e9 le 08 juin 2023, entre la R\u00e9publique Islamique de Mauritanie et l\u2019Association Internationale de &hellip;<\/p>\n","protected":false},"author":2,"featured_media":6350,"comment_status":"open","ping_status":"open","sticky":false,"template":"","format":"standard","meta":{"footnotes":""},"categories":[18],"tags":[],"class_list":["post-6349","post","type-post","status-publish","format-standard","has-post-thumbnail","hentry","category-actualites"],"_links":{"self":[{"href":"https:\/\/ladepeche.mr\/index.php?rest_route=\/wp\/v2\/posts\/6349","targetHints":{"allow":["GET"]}}],"collection":[{"href":"https:\/\/ladepeche.mr\/index.php?rest_route=\/wp\/v2\/posts"}],"about":[{"href":"https:\/\/ladepeche.mr\/index.php?rest_route=\/wp\/v2\/types\/post"}],"author":[{"embeddable":true,"href":"https:\/\/ladepeche.mr\/index.php?rest_route=\/wp\/v2\/users\/2"}],"replies":[{"embeddable":true,"href":"https:\/\/ladepeche.mr\/index.php?rest_route=%2Fwp%2Fv2%2Fcomments&post=6349"}],"version-history":[{"count":1,"href":"https:\/\/ladepeche.mr\/index.php?rest_route=\/wp\/v2\/posts\/6349\/revisions"}],"predecessor-version":[{"id":6351,"href":"https:\/\/ladepeche.mr\/index.php?rest_route=\/wp\/v2\/posts\/6349\/revisions\/6351"}],"wp:featuredmedia":[{"embeddable":true,"href":"https:\/\/ladepeche.mr\/index.php?rest_route=\/wp\/v2\/media\/6350"}],"wp:attachment":[{"href":"https:\/\/ladepeche.mr\/index.php?rest_route=%2Fwp%2Fv2%2Fmedia&parent=6349"}],"wp:term":[{"taxonomy":"category","embeddable":true,"href":"https:\/\/ladepeche.mr\/index.php?rest_route=%2Fwp%2Fv2%2Fcategories&post=6349"},{"taxonomy":"post_tag","embeddable":true,"href":"https:\/\/ladepeche.mr\/index.php?rest_route=%2Fwp%2Fv2%2Ftags&post=6349"}],"curies":[{"name":"wp","href":"https:\/\/api.w.org\/{rel}","templated":true}]}}