{"id":6352,"date":"2023-07-06T20:27:34","date_gmt":"2023-07-06T20:27:34","guid":{"rendered":"https:\/\/ladepeche.mr\/?p=6352"},"modified":"2023-07-06T20:27:46","modified_gmt":"2023-07-06T20:27:46","slug":"le-president-de-la-republique-recoit-le-ministre-de-leducation-des-emirats-arabes-unis","status":"publish","type":"post","link":"https:\/\/ladepeche.mr\/?p=6352","title":{"rendered":"Le pr\u00e9sident de la R\u00e9publique re\u00e7oit le ministre de l\u2019\u00c9ducation des \u00c9mirats Arabes Unis"},"content":{"rendered":"<p>Son Excellence le Pr\u00e9sident de la R\u00e9publique, M. Mohamed Ould Cheikh El Ghazouani, a re\u00e7u jeudi soir, en audience au Palais pr\u00e9sidentiel \u00e0 Nouakchott, SE Dr Ahmed bin Abdullah Hamid Belhoul Al Falasi, ministre de l\u2019\u00c9ducation des \u00c9mirats Arabes Unis.<\/p>\n<p>La rencontre a \u00e9t\u00e9 l\u2019occasion d\u2019aborder les diff\u00e9rents volets de la coop\u00e9ration entre les deux pays et les moyens de la renforcer afin de servir les int\u00e9r\u00eats communs des deux peuples fr\u00e8res.<\/p>\n<p>La rencontre s\u2019est d\u00e9roul\u00e9e en pr\u00e9sence du ministre charg\u00e9 de la Pr\u00e9sidence, M. Mokhtar Ould Diay, du ministre de l\u2019Education Nationale et de la R\u00e9forme du Syst\u00e8me Educatif, M. Mokhtar Ould Dahi, de l\u2019ambassadeur des \u00c9mirats Arabes Unis accr\u00e9dit\u00e9 en Mauritanie, SEM. Hamed Ghanem Hamed Lemhiri, et des membres de la d\u00e9l\u00e9gation accompagnant l\u2019h\u00f4te \u00e9mirati.<br \/>\nAmi<\/p>\n","protected":false},"excerpt":{"rendered":"<p>Son Excellence le Pr\u00e9sident de la R\u00e9publique, M. Mohamed Ould Cheikh El Ghazouani, a re\u00e7u jeudi soir, en audience au Palais pr\u00e9sidentiel \u00e0 Nouakchott, SE Dr Ahmed bin Abdullah Hamid Belhoul Al Falasi, ministre de l\u2019\u00c9ducation des \u00c9mirats Arabes Unis. La rencontre a \u00e9t\u00e9 l\u2019occasion d\u2019aborder les diff\u00e9rents volets de la coop\u00e9ration entre les deux &hellip;<\/p>\n","protected":false},"author":2,"featured_media":6353,"comment_status":"open","ping_status":"open","sticky":false,"template":"","format":"standard","meta":{"footnotes":""},"categories":[18,29],"tags":[],"class_list":["post-6352","post","type-post","status-publish","format-standard","has-post-thumbnail","hentry","category-actualites","category-monde"],"_links":{"self":[{"href":"https:\/\/ladepeche.mr\/index.php?rest_route=\/wp\/v2\/posts\/6352","targetHints":{"allow":["GET"]}}],"collection":[{"href":"https:\/\/ladepeche.mr\/index.php?rest_route=\/wp\/v2\/posts"}],"about":[{"href":"https:\/\/ladepeche.mr\/index.php?rest_route=\/wp\/v2\/types\/post"}],"author":[{"embeddable":true,"href":"https:\/\/ladepeche.mr\/index.php?rest_route=\/wp\/v2\/users\/2"}],"replies":[{"embeddable":true,"href":"https:\/\/ladepeche.mr\/index.php?rest_route=%2Fwp%2Fv2%2Fcomments&post=6352"}],"version-history":[{"count":1,"href":"https:\/\/ladepeche.mr\/index.php?rest_route=\/wp\/v2\/posts\/6352\/revisions"}],"predecessor-version":[{"id":6354,"href":"https:\/\/ladepeche.mr\/index.php?rest_route=\/wp\/v2\/posts\/6352\/revisions\/6354"}],"wp:featuredmedia":[{"embeddable":true,"href":"https:\/\/ladepeche.mr\/index.php?rest_route=\/wp\/v2\/media\/6353"}],"wp:attachment":[{"href":"https:\/\/ladepeche.mr\/index.php?rest_route=%2Fwp%2Fv2%2Fmedia&parent=6352"}],"wp:term":[{"taxonomy":"category","embeddable":true,"href":"https:\/\/ladepeche.mr\/index.php?rest_route=%2Fwp%2Fv2%2Fcategories&post=6352"},{"taxonomy":"post_tag","embeddable":true,"href":"https:\/\/ladepeche.mr\/index.php?rest_route=%2Fwp%2Fv2%2Ftags&post=6352"}],"curies":[{"name":"wp","href":"https:\/\/api.w.org\/{rel}","templated":true}]}}