{"id":6360,"date":"2023-07-06T22:07:15","date_gmt":"2023-07-06T22:07:15","guid":{"rendered":"https:\/\/ladepeche.mr\/?p=6360"},"modified":"2023-07-06T22:09:38","modified_gmt":"2023-07-06T22:09:38","slug":"depouille-abandonnee-dans-une-morgue-sidi-ndiaye-etait-senegalais","status":"publish","type":"post","link":"https:\/\/ladepeche.mr\/?p=6360","title":{"rendered":"D\u00e9pouille abandonn\u00e9e dans une morgue en Belgique : SIDI N\u2019Diaye \u00e9tait S\u00e9n\u00e9galais"},"content":{"rendered":"<p>Selon des r\u00e9actions obtenues \u00e0 l\u2019issue de la diffusion de l\u2019information se rapportant \u00e0 la pr\u00e9sence depuis plus d\u2019un mois de la d\u00e9pouille d\u2019un homme dans une morgue \u00e0 Anvers, en Belgique, Sidi N\u2019Diaye ne serait pas mauritanien mais bien s\u00e9n\u00e9galais.<br \/>\nArriv\u00e9 depuis quelques ann\u00e9es en Belgique \u00e0 la recherche d\u2019un asile \u00e9conomique, le d\u00e9funt se serait procur\u00e9 une identit\u00e9 mauritanienne pour faire valoir sa demande d\u2019asile pour \u00abpers\u00e9cution\u00a0\u00bb. Mais il n\u2019aurait jamais obtenu le s\u00e9same. Il restera malgr\u00e9 tout tout ce temps en Belgique o\u00f9 il a r\u00e9cemment trouv\u00e9 la mort. Son corps est rest\u00e9 plus d\u2019un mois dans une morgue de l\u2019h\u00f4pital d\u2019Anvers o\u00f9 son propre fr\u00e8re s\u2019occuperait en ce moment des formalit\u00e9s de transfert du corps vers son pays d\u2019origine ; le S\u00e9n\u00e9gal.<br \/>\nUn appel pour la prise en charge du transfert mortuaire du d\u00e9funt avait \u00e9t\u00e9 relay\u00e9 sur la toile par certains internautes \u00e9galement abus\u00e9s sur l\u2019origine du d\u00e9funt. <\/p>\n","protected":false},"excerpt":{"rendered":"<p>Selon des r\u00e9actions obtenues \u00e0 l\u2019issue de la diffusion de l\u2019information se rapportant \u00e0 la pr\u00e9sence depuis plus d\u2019un mois de la d\u00e9pouille d\u2019un homme dans une morgue \u00e0 Anvers, en Belgique, Sidi N\u2019Diaye ne serait pas mauritanien mais bien s\u00e9n\u00e9galais. Arriv\u00e9 depuis quelques ann\u00e9es en Belgique \u00e0 la recherche d\u2019un asile \u00e9conomique, le d\u00e9funt &hellip;<\/p>\n","protected":false},"author":2,"featured_media":6344,"comment_status":"open","ping_status":"open","sticky":false,"template":"","format":"standard","meta":{"footnotes":""},"categories":[18,29],"tags":[],"class_list":["post-6360","post","type-post","status-publish","format-standard","has-post-thumbnail","hentry","category-actualites","category-monde"],"_links":{"self":[{"href":"https:\/\/ladepeche.mr\/index.php?rest_route=\/wp\/v2\/posts\/6360","targetHints":{"allow":["GET"]}}],"collection":[{"href":"https:\/\/ladepeche.mr\/index.php?rest_route=\/wp\/v2\/posts"}],"about":[{"href":"https:\/\/ladepeche.mr\/index.php?rest_route=\/wp\/v2\/types\/post"}],"author":[{"embeddable":true,"href":"https:\/\/ladepeche.mr\/index.php?rest_route=\/wp\/v2\/users\/2"}],"replies":[{"embeddable":true,"href":"https:\/\/ladepeche.mr\/index.php?rest_route=%2Fwp%2Fv2%2Fcomments&post=6360"}],"version-history":[{"count":2,"href":"https:\/\/ladepeche.mr\/index.php?rest_route=\/wp\/v2\/posts\/6360\/revisions"}],"predecessor-version":[{"id":6362,"href":"https:\/\/ladepeche.mr\/index.php?rest_route=\/wp\/v2\/posts\/6360\/revisions\/6362"}],"wp:featuredmedia":[{"embeddable":true,"href":"https:\/\/ladepeche.mr\/index.php?rest_route=\/wp\/v2\/media\/6344"}],"wp:attachment":[{"href":"https:\/\/ladepeche.mr\/index.php?rest_route=%2Fwp%2Fv2%2Fmedia&parent=6360"}],"wp:term":[{"taxonomy":"category","embeddable":true,"href":"https:\/\/ladepeche.mr\/index.php?rest_route=%2Fwp%2Fv2%2Fcategories&post=6360"},{"taxonomy":"post_tag","embeddable":true,"href":"https:\/\/ladepeche.mr\/index.php?rest_route=%2Fwp%2Fv2%2Ftags&post=6360"}],"curies":[{"name":"wp","href":"https:\/\/api.w.org\/{rel}","templated":true}]}}