{"id":6365,"date":"2023-07-07T15:42:30","date_gmt":"2023-07-07T15:42:30","guid":{"rendered":"https:\/\/ladepeche.mr\/?p=6365"},"modified":"2023-07-07T15:42:30","modified_gmt":"2023-07-07T15:42:30","slug":"une-allemande-pourrait-prendre-la-tete-de-lalliance-sahel","status":"publish","type":"post","link":"https:\/\/ladepeche.mr\/?p=6365","title":{"rendered":"Une allemande pourrait prendre la t\u00eate de l&#8217;Alliance Sahel"},"content":{"rendered":"<p>Lundi prochain (10.07), Svenja Schulze, la ministre allemande de la Coop\u00e9ration \u00e9conomique et du D\u00e9veloppement, devrait prendre la pr\u00e9sidence de l&#8217;Alliance Sahel, actuellement pr\u00e9sid\u00e9e par l&#8217;Espagne.<br \/>\nL\u2019Alliance Sahel a pour objectif principal d\u2019apporter une aide financi\u00e8re aux r\u00e9gions d\u00e9favoris\u00e9es du Sahel, ceci dans le but de freiner l\u2019avanc\u00e9e des groupes djihadistes dans la r\u00e9gion.<\/p>\n<p>Cr\u00e9\u00e9e en juillet 2017, sous l&#8217;impulsion de la France, l&#8217;Allemagne, l&#8217;Union europ\u00e9enne, la Banque mondiale ou encore la Banque africaine de d\u00e9veloppement, elle est une plateforme qui soutient le d\u00e9veloppement des pays du G5 Sahel : la Mauritanie, le Tchad, le Burkina Faso, le Niger et le Mali. <\/p>\n<p>Elle vise essentiellement trois objectifs : mobiliser des investissements, y compris aupr\u00e8s du secteur priv\u00e9, acc\u00e9l\u00e9rer la mise en \u0153uvre des projets de d\u00e9veloppement et mesurer les r\u00e9sultats obtenus.<br \/>\nLe but : lutter contre l&#8217;expansion des groupes djihadistes en insistant sur le financement de projets qui vont venir en aide aux populations. L\u2019Alliance Sahel reprend donc \u00e0 compte l\u2019argument selon lequel la seule r\u00e9ponse militaire ne suffit pas face aux djihadistes et qu\u2019il faut investir dans les r\u00e9gions les plus pauvres.<\/p>\n<p>Soutien aux populations<br \/>\nTrois ans apr\u00e8s sa cr\u00e9ation, l\u2019organisation revendique un soutien financier apport\u00e9 \u00e0 un demi-million de paysans et d\u2019\u00e9leveurs, tandis que plus de 400.000 jeunes auraient b\u00e9n\u00e9fici\u00e9 de formations professionnelles. Mais nous n\u2019avons pas \u00e9t\u00e9 en mesure de v\u00e9rifier ces chiffres.<\/p>\n<p>Le co\u00fbt global de ces projets en 2022 est de 28 milliards d\u2019euros.<br \/>\nL\u2019action de cette organisationse porte aussi sur les besoins de base comme l\u2019acc\u00e8s \u00e0 l\u2019\u00e9lectricit\u00e9 ou \u00e0 l\u2019eau potable.<\/p>\n<p>Son action se r\u00e9sume donc en grande partie \u00e0 la distribution de l\u2019aide au d\u00e9veloppement, accord\u00e9e essentiellement par l\u2019Allemagne, la France, l\u2019Union europ\u00e9enne ou la Banque mondiale.<\/p>\n<p>C\u2019est pourquoi la pr\u00e9sidence de cette organisation pourrait \u00eatre accord\u00e9e \u00e0 la ministre allemande du D\u00e9veloppement, Svenia Schulze. Elle remplacerait le ministre espagnol des Affaires \u00e9trang\u00e8res, Jos\u00e9 Manuel Albares Bueno.<br \/>\nhttps:\/\/www.dw.com\/fr\/sahel-alliance-sahel-svenja-schulze-nouakchott-lutte-contre-le-djihadisme\/a-66142745<\/p>\n","protected":false},"excerpt":{"rendered":"<p>Lundi prochain (10.07), Svenja Schulze, la ministre allemande de la Coop\u00e9ration \u00e9conomique et du D\u00e9veloppement, devrait prendre la pr\u00e9sidence de l&#8217;Alliance Sahel, actuellement pr\u00e9sid\u00e9e par l&#8217;Espagne. L\u2019Alliance Sahel a pour objectif principal d\u2019apporter une aide financi\u00e8re aux r\u00e9gions d\u00e9favoris\u00e9es du Sahel, ceci dans le but de freiner l\u2019avanc\u00e9e des groupes djihadistes dans la r\u00e9gion. Cr\u00e9\u00e9e &hellip;<\/p>\n","protected":false},"author":2,"featured_media":6366,"comment_status":"open","ping_status":"open","sticky":false,"template":"","format":"standard","meta":{"footnotes":""},"categories":[18,29,28],"tags":[],"class_list":["post-6365","post","type-post","status-publish","format-standard","has-post-thumbnail","hentry","category-actualites","category-monde","category-sahel"],"_links":{"self":[{"href":"https:\/\/ladepeche.mr\/index.php?rest_route=\/wp\/v2\/posts\/6365","targetHints":{"allow":["GET"]}}],"collection":[{"href":"https:\/\/ladepeche.mr\/index.php?rest_route=\/wp\/v2\/posts"}],"about":[{"href":"https:\/\/ladepeche.mr\/index.php?rest_route=\/wp\/v2\/types\/post"}],"author":[{"embeddable":true,"href":"https:\/\/ladepeche.mr\/index.php?rest_route=\/wp\/v2\/users\/2"}],"replies":[{"embeddable":true,"href":"https:\/\/ladepeche.mr\/index.php?rest_route=%2Fwp%2Fv2%2Fcomments&post=6365"}],"version-history":[{"count":1,"href":"https:\/\/ladepeche.mr\/index.php?rest_route=\/wp\/v2\/posts\/6365\/revisions"}],"predecessor-version":[{"id":6367,"href":"https:\/\/ladepeche.mr\/index.php?rest_route=\/wp\/v2\/posts\/6365\/revisions\/6367"}],"wp:featuredmedia":[{"embeddable":true,"href":"https:\/\/ladepeche.mr\/index.php?rest_route=\/wp\/v2\/media\/6366"}],"wp:attachment":[{"href":"https:\/\/ladepeche.mr\/index.php?rest_route=%2Fwp%2Fv2%2Fmedia&parent=6365"}],"wp:term":[{"taxonomy":"category","embeddable":true,"href":"https:\/\/ladepeche.mr\/index.php?rest_route=%2Fwp%2Fv2%2Fcategories&post=6365"},{"taxonomy":"post_tag","embeddable":true,"href":"https:\/\/ladepeche.mr\/index.php?rest_route=%2Fwp%2Fv2%2Ftags&post=6365"}],"curies":[{"name":"wp","href":"https:\/\/api.w.org\/{rel}","templated":true}]}}