{"id":6368,"date":"2023-07-07T23:25:24","date_gmt":"2023-07-07T23:25:24","guid":{"rendered":"https:\/\/ladepeche.mr\/?p=6368"},"modified":"2023-07-07T23:25:24","modified_gmt":"2023-07-07T23:25:24","slug":"senegal-sonko-promet-le-chaos-si-sa-candidature-est-empechee","status":"publish","type":"post","link":"https:\/\/ladepeche.mr\/?p=6368","title":{"rendered":"S\u00e9n\u00e9gal : Sonko promet &#8220;le chaos&#8221; si sa candidature est emp\u00each\u00e9e"},"content":{"rendered":"<p>L&#8217;opposant Ousmane Sonko a promis jeudi des \u00e9lections au S\u00e9n\u00e9gal dans un &#8220;chaos indescriptible&#8221; si sa candidature \u00e0 la pr\u00e9sidentielle de 2024 est emp\u00each\u00e9e, lors de sa premi\u00e8re prise de parole depuis que le pr\u00e9sident Macky Sall a annonc\u00e9 lundi ne pas briguer un troisi\u00e8me mandat.<br \/>\nL&#8217;opposant Ousmane Sonko a promis jeudi des \u00e9lections au S\u00e9n\u00e9gal dans un &#8220;chaos indescriptible&#8221; si sa candidature \u00e0 la pr\u00e9sidentielle de 2024 est emp\u00each\u00e9e, lors de sa premi\u00e8re prise de parole depuis que le pr\u00e9sident Macky Sall a annonc\u00e9 lundi ne pas briguer un troisi\u00e8me mandat.<\/p>\n<p>&#8220;Il n&#8217;y aura pas d&#8217;\u00e9lection dans ce pays, ou alors ce sera dans un chaos indescriptible si par des combines judiciaires le pr\u00e9sident Macky Sall voulait emp\u00eacher ma candidature&#8221;, pr\u00e9vient-il dans un entretien sur la cha\u00eene France 24.<\/p>\n<p>M. Sonko, plus farouche opposant du pr\u00e9sident Sall, a \u00e9t\u00e9 condamn\u00e9 il y a un mois \u00e0 deux ans de prison ferme dans une affaire de m\u0153urs. Cette condamnation le rend en l&#8217;\u00e9tat actuel in\u00e9ligible. Elle a engendr\u00e9 d\u00e9but juin les troubles les plus graves depuis des ann\u00e9es au S\u00e9n\u00e9gal, faisant 16 morts selon les autorit\u00e9s et une trentaine selon l&#8217;opposition.<br \/>\nM. Sonko a estim\u00e9 que M. Sall a renonc\u00e9 \u00e0 une troisi\u00e8me candidature, &#8220;non pas parce qu&#8217;il est un d\u00e9mocrate&#8221;, mais \u00e0 cause de la &#8220;pression populaire et internationale&#8221;. Selon lui, il n&#8217;y a pas de raison de le &#8220;f\u00e9liciter&#8221; pour cela.<br \/>\nMalgr\u00e9 &#8220;l&#8217;acharnement&#8221; du pouvoir pour l&#8217;\u00e9liminer de la course \u00e0 la pr\u00e9sidentielle selon lui, le leader du Pastef s&#8217;est dit &#8220;pr\u00eat \u00e0 pardonner&#8221;, et m\u00eame \u00e0 &#8220;oublier&#8221; s&#8217;il peut participer \u00e0 l&#8217;\u00e9lection.<\/p>\n<p>&#8220;Nous lui (Macky Sall) souhaitons de terminer ce mandat en beaut\u00e9 et de pouvoir partir dans la s\u00e9r\u00e9nit\u00e9, lui et sa famille&#8221;, a-t-il ajout\u00e9, r\u00e9clamant des \u00e9lections &#8220;libres&#8221;, &#8220;transparentes&#8221; et &#8220;inclusives&#8221;.<\/p>\n<p>Il a affirm\u00e9 qu&#8217;il n&#8217;y a aucun contact &#8220;officiel&#8221; ou &#8220;officieux&#8221; entre lui et le pr\u00e9sident. Il s&#8217;est dit pr\u00eat &#8220;\u00e0 faire des sacrifices&#8221; pour &#8220;apaiser&#8221; le pays, mais a rappel\u00e9 qu&#8217;il ne discuterait pas &#8220;le couteau \u00e0 la gorge&#8221;.<\/p>\n<p>M. Sonko est bloqu\u00e9 par les forces de s\u00e9curit\u00e9 chez lui \u00e0 Dakar, &#8220;s\u00e9questr\u00e9&#8221; selon lui, depuis le 28 mai.<br \/>\nhttps:\/\/www.msn.com\/fr-xl\/actualite\/afrique\/s%C3%A9n%C3%A9gal-sonko-promet-le-chaos-si-sa-candidature-est-emp%C3%AAch%C3%A9e\/ar-AA1dyhIc?ocid=winp1taskbar&#038;cvid=0cc195e750854591b04979bba54af39d&#038;ei=15<\/p>\n","protected":false},"excerpt":{"rendered":"<p>L&#8217;opposant Ousmane Sonko a promis jeudi des \u00e9lections au S\u00e9n\u00e9gal dans un &#8220;chaos indescriptible&#8221; si sa candidature \u00e0 la pr\u00e9sidentielle de 2024 est emp\u00each\u00e9e, lors de sa premi\u00e8re prise de parole depuis que le pr\u00e9sident Macky Sall a annonc\u00e9 lundi ne pas briguer un troisi\u00e8me mandat. L&#8217;opposant Ousmane Sonko a promis jeudi des \u00e9lections au &hellip;<\/p>\n","protected":false},"author":2,"featured_media":6369,"comment_status":"open","ping_status":"open","sticky":false,"template":"","format":"standard","meta":{"footnotes":""},"categories":[18,29],"tags":[],"class_list":["post-6368","post","type-post","status-publish","format-standard","has-post-thumbnail","hentry","category-actualites","category-monde"],"_links":{"self":[{"href":"https:\/\/ladepeche.mr\/index.php?rest_route=\/wp\/v2\/posts\/6368","targetHints":{"allow":["GET"]}}],"collection":[{"href":"https:\/\/ladepeche.mr\/index.php?rest_route=\/wp\/v2\/posts"}],"about":[{"href":"https:\/\/ladepeche.mr\/index.php?rest_route=\/wp\/v2\/types\/post"}],"author":[{"embeddable":true,"href":"https:\/\/ladepeche.mr\/index.php?rest_route=\/wp\/v2\/users\/2"}],"replies":[{"embeddable":true,"href":"https:\/\/ladepeche.mr\/index.php?rest_route=%2Fwp%2Fv2%2Fcomments&post=6368"}],"version-history":[{"count":1,"href":"https:\/\/ladepeche.mr\/index.php?rest_route=\/wp\/v2\/posts\/6368\/revisions"}],"predecessor-version":[{"id":6370,"href":"https:\/\/ladepeche.mr\/index.php?rest_route=\/wp\/v2\/posts\/6368\/revisions\/6370"}],"wp:featuredmedia":[{"embeddable":true,"href":"https:\/\/ladepeche.mr\/index.php?rest_route=\/wp\/v2\/media\/6369"}],"wp:attachment":[{"href":"https:\/\/ladepeche.mr\/index.php?rest_route=%2Fwp%2Fv2%2Fmedia&parent=6368"}],"wp:term":[{"taxonomy":"category","embeddable":true,"href":"https:\/\/ladepeche.mr\/index.php?rest_route=%2Fwp%2Fv2%2Fcategories&post=6368"},{"taxonomy":"post_tag","embeddable":true,"href":"https:\/\/ladepeche.mr\/index.php?rest_route=%2Fwp%2Fv2%2Ftags&post=6368"}],"curies":[{"name":"wp","href":"https:\/\/api.w.org\/{rel}","templated":true}]}}