{"id":6372,"date":"2023-07-08T12:41:18","date_gmt":"2023-07-08T12:41:18","guid":{"rendered":"https:\/\/ladepeche.mr\/?p=6372"},"modified":"2023-07-08T12:41:43","modified_gmt":"2023-07-08T12:41:43","slug":"6372","status":"publish","type":"post","link":"https:\/\/ladepeche.mr\/?p=6372","title":{"rendered":"Formes contemporaines de l\u2019esclavage dans le monde: Le commissaire aux droits de l\u2019homme exhorte \u00e0 une prise en compte des r\u00e9ponses aux recommandations formul\u00e9es par Tomoya Obokata"},"content":{"rendered":"<p>Le Commissaire aux Droits de l\u2019Homme, \u00e0 l\u2019Action humanitaire et aux Relations avec la Soci\u00e9t\u00e9 civile, Cheikh Ahmedou Ould Ahmed Salem Ould Sidi, a invit\u00e9 vendredi, \u00e0 l\u2019occasion d\u2019un \u00e9change par visioconf\u00e9rence, le rapporteur sp\u00e9cial des Nations Unies sur les formes contemporaines d\u2019esclavage, Tomoya Obokata, \u00e0 prendre en compte dans le cadre de son rapport sur les formes contemporaines de l\u2019esclavage, en cours de finalisation, les r\u00e9ponses apport\u00e9es par les autorit\u00e9s mauritaniennes aux recommandations faites dans le cadre de la mission de travail effectu\u00e9e par le responsable onusien en Mauritanie du 04 au 13 mai 2022.<br \/>\nCes propositions avaient trait \u00e0 la cr\u00e9ation d\u2019un comit\u00e9 technique de suivi des recommandations ; \u00e0 redynamisation de l\u2019Autorit\u00e9 nationale de lutte contre la traite des personnes et le trafic illicite de migrants, et ses m\u00e9canismes d\u2019action. Elles concernent \u00e9galement la cr\u00e9ation d\u2019un fonds pour soutenir et aider les victimes de l\u2019esclavage et de la traite des \u00eatres humains ; l\u2019adoption du m\u00e9canisme national d\u2019orientation des victimes et du num\u00e9ro vert 1916 pour d\u00e9noncer de telles \u00e9ventuelles pratiques. Il s\u2019agit aussi, par ailleurs, de la mise en place d\u2019une cellule conjointe entre le Minist\u00e8re de la Justice, le Commissariat aux Droits de l\u2019Homme et le Parquet g\u00e9n\u00e9ral pour le suivi des dossiers d\u2019esclavage et le traitement de ceux qui sont port\u00e9s devant la justice et les donn\u00e9es statistiques s\u2019y rapportant.<br \/>\nLe rapporteur sp\u00e9cial onusien avait partag\u00e9 avec le gouvernement pour concertation son rapport de mission dans le pays. Le rapport sera officiellement publi\u00e9 dans les jours qui viennent avant d\u2019\u00eatre discut\u00e9 en Conseil des droits de l\u2019homme, lors de sa 45e session, qui se tiendra \u00e0 Gen\u00e8ve, au cours du mois de septembre 2023.<br \/>\nLes deux parties se sont f\u00e9licit\u00e9es de la coop\u00e9ration dans ce domaine et pour les efforts ainsi que les r\u00e9alisations concr\u00e9tis\u00e9es par les autorit\u00e9s mauritaniennes dans la lutte contre toutes les formes d\u2019esclavage auxquels la communaut\u00e9 internationale dans son ensemble est sensible. <\/p>\n","protected":false},"excerpt":{"rendered":"<p>Le Commissaire aux Droits de l\u2019Homme, \u00e0 l\u2019Action humanitaire et aux Relations avec la Soci\u00e9t\u00e9 civile, Cheikh Ahmedou Ould Ahmed Salem Ould Sidi, a invit\u00e9 vendredi, \u00e0 l\u2019occasion d\u2019un \u00e9change par visioconf\u00e9rence, le rapporteur sp\u00e9cial des Nations Unies sur les formes contemporaines d\u2019esclavage, Tomoya Obokata, \u00e0 prendre en compte dans le cadre de son rapport &hellip;<\/p>\n","protected":false},"author":2,"featured_media":6373,"comment_status":"open","ping_status":"open","sticky":false,"template":"","format":"standard","meta":{"footnotes":""},"categories":[18,29],"tags":[],"class_list":["post-6372","post","type-post","status-publish","format-standard","has-post-thumbnail","hentry","category-actualites","category-monde"],"_links":{"self":[{"href":"https:\/\/ladepeche.mr\/index.php?rest_route=\/wp\/v2\/posts\/6372","targetHints":{"allow":["GET"]}}],"collection":[{"href":"https:\/\/ladepeche.mr\/index.php?rest_route=\/wp\/v2\/posts"}],"about":[{"href":"https:\/\/ladepeche.mr\/index.php?rest_route=\/wp\/v2\/types\/post"}],"author":[{"embeddable":true,"href":"https:\/\/ladepeche.mr\/index.php?rest_route=\/wp\/v2\/users\/2"}],"replies":[{"embeddable":true,"href":"https:\/\/ladepeche.mr\/index.php?rest_route=%2Fwp%2Fv2%2Fcomments&post=6372"}],"version-history":[{"count":2,"href":"https:\/\/ladepeche.mr\/index.php?rest_route=\/wp\/v2\/posts\/6372\/revisions"}],"predecessor-version":[{"id":6375,"href":"https:\/\/ladepeche.mr\/index.php?rest_route=\/wp\/v2\/posts\/6372\/revisions\/6375"}],"wp:featuredmedia":[{"embeddable":true,"href":"https:\/\/ladepeche.mr\/index.php?rest_route=\/wp\/v2\/media\/6373"}],"wp:attachment":[{"href":"https:\/\/ladepeche.mr\/index.php?rest_route=%2Fwp%2Fv2%2Fmedia&parent=6372"}],"wp:term":[{"taxonomy":"category","embeddable":true,"href":"https:\/\/ladepeche.mr\/index.php?rest_route=%2Fwp%2Fv2%2Fcategories&post=6372"},{"taxonomy":"post_tag","embeddable":true,"href":"https:\/\/ladepeche.mr\/index.php?rest_route=%2Fwp%2Fv2%2Ftags&post=6372"}],"curies":[{"name":"wp","href":"https:\/\/api.w.org\/{rel}","templated":true}]}}