{"id":6376,"date":"2023-07-08T12:50:10","date_gmt":"2023-07-08T12:50:10","guid":{"rendered":"https:\/\/ladepeche.mr\/?p=6376"},"modified":"2023-07-08T12:50:10","modified_gmt":"2023-07-08T12:50:10","slug":"les-eau-vont-construire-une-universite-pour-les-specialites-scientifiques-en-mauritanie","status":"publish","type":"post","link":"https:\/\/ladepeche.mr\/?p=6376","title":{"rendered":"Les EAU vont construire une universit\u00e9 pour les sp\u00e9cialit\u00e9s scientifiques en Mauritanie"},"content":{"rendered":"<p>Le ministre \u00e9mirati de l\u2019\u00e9ducation et de l\u2019enseignement Ahmed Ben Abdalla Hamid Belhoul El Vilassi a r\u00e9v\u00e9l\u00e9 jeudi soir que son pays a d\u00e9cid\u00e9 de construire en Mauritanie une universit\u00e9 pour les sp\u00e9cialit\u00e9s scientifiques.<\/p>\n<p>Le ministre a \u00e9mis l\u2019espoir que les travaux puissent commencer l\u2019ann\u00e9e prochaine, pr\u00e9cisant que cette \u00e9tape vient concr\u00e9tiser les relations entre les deux pays fr\u00e8res.<br \/>\nDans une d\u00e9claration \u00e0 la presse le responsable \u00e9mirati a dit que son pays appr\u00e9ciait l\u2019importance dans l\u2019investissement du cadre humain et l\u2019enseignement.<\/p>\n<p>Le ministre \u00e9mirati avait \u00e9t\u00e9 re\u00e7u jeudi soir par le pr\u00e9sident mauritanien Mohamed O. Cheikh El Ghazouani au palais pr\u00e9sidentiel.<\/p>\n<p>Au cours de cette audience ont \u00e9t\u00e9 \u00e9voqu\u00e9s les domaines de coop\u00e9ration entre les deux pays et les moyens de les d\u00e9velopper davantage dans l\u2019int\u00e9r\u00eat mutuel des deux peuples, selon l\u2019agence mauritanienne d\u2019information.<\/p>\n<p>L\u2019audience s\u2019est d\u00e9roul\u00e9e en pr\u00e9sence du ministre charg\u00e9 du cabinet du pr\u00e9sident de la r\u00e9publique Moctar O. Diay et le ministre de l\u2019\u00e9ducation nationale et de la r\u00e9forme du syst\u00e8me \u00e9ducatif, Moctar O. Dahi, l\u2019ambassadeur des Emirats arabes unis en Mauritanie Hamed Ghanem Hamed Lemhiri, et des membres de la d\u00e9l\u00e9gation d\u2019accompagnant.<br \/>\nSahram\u00e9dias<\/p>\n","protected":false},"excerpt":{"rendered":"<p>Le ministre \u00e9mirati de l\u2019\u00e9ducation et de l\u2019enseignement Ahmed Ben Abdalla Hamid Belhoul El Vilassi a r\u00e9v\u00e9l\u00e9 jeudi soir que son pays a d\u00e9cid\u00e9 de construire en Mauritanie une universit\u00e9 pour les sp\u00e9cialit\u00e9s scientifiques. Le ministre a \u00e9mis l\u2019espoir que les travaux puissent commencer l\u2019ann\u00e9e prochaine, pr\u00e9cisant que cette \u00e9tape vient concr\u00e9tiser les relations entre &hellip;<\/p>\n","protected":false},"author":2,"featured_media":0,"comment_status":"open","ping_status":"open","sticky":false,"template":"","format":"standard","meta":{"footnotes":""},"categories":[27],"tags":[],"class_list":["post-6376","post","type-post","status-publish","format-standard","hentry","category-sante"],"_links":{"self":[{"href":"https:\/\/ladepeche.mr\/index.php?rest_route=\/wp\/v2\/posts\/6376","targetHints":{"allow":["GET"]}}],"collection":[{"href":"https:\/\/ladepeche.mr\/index.php?rest_route=\/wp\/v2\/posts"}],"about":[{"href":"https:\/\/ladepeche.mr\/index.php?rest_route=\/wp\/v2\/types\/post"}],"author":[{"embeddable":true,"href":"https:\/\/ladepeche.mr\/index.php?rest_route=\/wp\/v2\/users\/2"}],"replies":[{"embeddable":true,"href":"https:\/\/ladepeche.mr\/index.php?rest_route=%2Fwp%2Fv2%2Fcomments&post=6376"}],"version-history":[{"count":1,"href":"https:\/\/ladepeche.mr\/index.php?rest_route=\/wp\/v2\/posts\/6376\/revisions"}],"predecessor-version":[{"id":6377,"href":"https:\/\/ladepeche.mr\/index.php?rest_route=\/wp\/v2\/posts\/6376\/revisions\/6377"}],"wp:attachment":[{"href":"https:\/\/ladepeche.mr\/index.php?rest_route=%2Fwp%2Fv2%2Fmedia&parent=6376"}],"wp:term":[{"taxonomy":"category","embeddable":true,"href":"https:\/\/ladepeche.mr\/index.php?rest_route=%2Fwp%2Fv2%2Fcategories&post=6376"},{"taxonomy":"post_tag","embeddable":true,"href":"https:\/\/ladepeche.mr\/index.php?rest_route=%2Fwp%2Fv2%2Ftags&post=6376"}],"curies":[{"name":"wp","href":"https:\/\/api.w.org\/{rel}","templated":true}]}}