{"id":6378,"date":"2023-07-08T17:16:29","date_gmt":"2023-07-08T17:16:29","guid":{"rendered":"https:\/\/ladepeche.mr\/?p=6378"},"modified":"2023-07-08T18:04:45","modified_gmt":"2023-07-08T18:04:45","slug":"eaux-stagnantes-le-gouvernement-sur-le-pied-de-guerre","status":"publish","type":"post","link":"https:\/\/ladepeche.mr\/?p=6378","title":{"rendered":"Eaux de pluie stagnantes : Le gouvernement sur le pied de guerre"},"content":{"rendered":"<p>Le nouveau ministre de l\u2019hydraulique et de l\u2019assainissement, Isma\u00eal Ould Abdel Fettah, n\u2019a pas de temps \u00e0 perdre avec les premi\u00e8res averses tomb\u00e9es hier sur la capitale. En effet, le ministre, accompagn\u00e9 du directeur de l\u2019Onas (office national de l\u2019assainissement), Ahmed Zeidane Ould Mohamed Mahmoud, \u00e9tait sur le terrain aux premi\u00e8res gouttes de pluie pour constater de visu et faire un bilan de la situation. Il \u00e9tait le premier t\u00e9moin de l\u2019entr\u00e9e en action des \u00e9quipes sp\u00e9cialis\u00e9es de l\u2019ONAS inaugurant un vaste et intensif processus de pompage d\u2019eau obstruant les rues dans certains quartierset des march\u00e9s de la ville, apr\u00e8s les pluies tomb\u00e9es la veille sur la capitale Nouakchott.<\/p>\n<p>Les quantit\u00e9s d\u2019eau de pluie enregistr\u00e9es \u00e0 Nouakchott se sont concentr\u00e9es sur Tevragh Zeina (30mm) dans la moughata de Nouakchott Ouest alors que dans la moughataa Nouakchott Nord, la moughataa de Teyarett a \u00e9t\u00e9 la plus arros\u00e9e avec 29 mm enregistr\u00e9s. Mais Nouakchott Ouest reste a re\u00e7u un cumul de 63 mm ( avec le Ksar 23 mm et Sebkha, 10 mm). <\/p>\n<p>La zone \u00e9pargn\u00e9e est aujourd\u2019hui Nouakchott Sud avec un pic \u00e0 15 mm \u00e0 Arafat alors qu\u2019\u00e0 El Mina et Riyad, il n\u2019a presque pas plu. Mais outre la quantit\u00e9 des pluies enregistr\u00e9es, la nature des terrains et le d\u00e9ficit de voiries publiques accentuent encore le d\u00e9fi lanc\u00e9 aux services d\u2019assainissement en cette p\u00e9riode pluvieuse. La bataille ne fait donc que commencer et le d\u00e9partement a \u00e0 c\u0153ur de concr\u00e9tiser les directives du pr\u00e9sident Mohamed Ghzaouani dans la prise en charge et la gestion des al\u00e9as de l\u2019hivernage dans tout le pays et sp\u00e9cifiquement dans la capitale politique.<br \/>\nLe ministre de l\u2019hydraulique, Isma\u00eal Ould Abdelfettah, et le directeur de l\u2019Onas, Ahmed Zeidane Ould Ahmed Mahmoud, \u00e9taient donc aper\u00e7us sur le terrain aux premi\u00e8res lueurs du jour dans l\u2019objectif \u00e9vident de voir de pr\u00e8s les efforts d\u00e9ploy\u00e9s pour juguler les eaux issues des premi\u00e8res averses en ce d\u00e9but d\u2019hivernage et \u00e9ventuellement mettre en \u0153uvre un plan de riposte rapide.<\/p>\n<p>R\u00e9partition des eaux de pluie tomb\u00e9es sur Nouakchott dans la nuit du 07 au 08 juillet 2023<\/p>\n<p>Nouakchott Ouest<br \/>\nTevragh Zeina 30 mm<br \/>\nKsar 23 mm<br \/>\nSebkha 10 mm<\/p>\n<p>Nouakchott Nord<br \/>\n29 mm Teyarett<br \/>\n15 mm dar naim<br \/>\n06 toujounine<\/p>\n<p>Nouakchott Sud<br \/>\nArafat 15 mm<br \/>\nEl Mina 05 mm<br \/>\nRiyad  02 mm<\/p>\n","protected":false},"excerpt":{"rendered":"<p>Le nouveau ministre de l\u2019hydraulique et de l\u2019assainissement, Isma\u00eal Ould Abdel Fettah, n\u2019a pas de temps \u00e0 perdre avec les premi\u00e8res averses tomb\u00e9es hier sur la capitale. En effet, le ministre, accompagn\u00e9 du directeur de l\u2019Onas (office national de l\u2019assainissement), Ahmed Zeidane Ould Mohamed Mahmoud, \u00e9tait sur le terrain aux premi\u00e8res gouttes de pluie pour &hellip;<\/p>\n","protected":false},"author":2,"featured_media":6391,"comment_status":"open","ping_status":"open","sticky":false,"template":"","format":"standard","meta":{"footnotes":""},"categories":[18],"tags":[],"class_list":["post-6378","post","type-post","status-publish","format-standard","has-post-thumbnail","hentry","category-actualites"],"_links":{"self":[{"href":"https:\/\/ladepeche.mr\/index.php?rest_route=\/wp\/v2\/posts\/6378","targetHints":{"allow":["GET"]}}],"collection":[{"href":"https:\/\/ladepeche.mr\/index.php?rest_route=\/wp\/v2\/posts"}],"about":[{"href":"https:\/\/ladepeche.mr\/index.php?rest_route=\/wp\/v2\/types\/post"}],"author":[{"embeddable":true,"href":"https:\/\/ladepeche.mr\/index.php?rest_route=\/wp\/v2\/users\/2"}],"replies":[{"embeddable":true,"href":"https:\/\/ladepeche.mr\/index.php?rest_route=%2Fwp%2Fv2%2Fcomments&post=6378"}],"version-history":[{"count":8,"href":"https:\/\/ladepeche.mr\/index.php?rest_route=\/wp\/v2\/posts\/6378\/revisions"}],"predecessor-version":[{"id":6396,"href":"https:\/\/ladepeche.mr\/index.php?rest_route=\/wp\/v2\/posts\/6378\/revisions\/6396"}],"wp:featuredmedia":[{"embeddable":true,"href":"https:\/\/ladepeche.mr\/index.php?rest_route=\/wp\/v2\/media\/6391"}],"wp:attachment":[{"href":"https:\/\/ladepeche.mr\/index.php?rest_route=%2Fwp%2Fv2%2Fmedia&parent=6378"}],"wp:term":[{"taxonomy":"category","embeddable":true,"href":"https:\/\/ladepeche.mr\/index.php?rest_route=%2Fwp%2Fv2%2Fcategories&post=6378"},{"taxonomy":"post_tag","embeddable":true,"href":"https:\/\/ladepeche.mr\/index.php?rest_route=%2Fwp%2Fv2%2Ftags&post=6378"}],"curies":[{"name":"wp","href":"https:\/\/api.w.org\/{rel}","templated":true}]}}