{"id":6397,"date":"2023-07-09T16:44:00","date_gmt":"2023-07-09T16:44:00","guid":{"rendered":"https:\/\/ladepeche.mr\/?p=6397"},"modified":"2023-07-09T16:44:00","modified_gmt":"2023-07-09T16:44:00","slug":"lancement-des-travaux-de-la-12eme-session-ordinaire-du-conseil-des-ministres-du-g5-sahel","status":"publish","type":"post","link":"https:\/\/ladepeche.mr\/?p=6397","title":{"rendered":"Lancement des travaux de  la 12\u00e8me session ordinaire du Conseil des Ministres du G5 Sahel"},"content":{"rendered":"<p>Les travaux de la 12\u00e8me session  ordinaire  du conseil des ministres du G5 Sahel ont d\u00e9but\u00e9, dimanche,  \u00e0 Nouakchott,  en marge de la 4\u00e8me Assembl\u00e9e g\u00e9n\u00e9rale de l\u2019Alliance Sahel qui se tiendra demain lundi, au Palais des congr\u00e8s de Nouakchott.    <\/p>\n<p>Dans un mot introductif,  le ministre de l&#8217;Economie et du D\u00e9veloppement durable,  Pr\u00e9sident du conseil des ministres G5 Sahel,  M. Abdessalam Ould Mohamed Saleh, a indiqu\u00e9 que la pr\u00e9sente session vise   \u00e0  examiner et adopter la nouvelle Strat\u00e9gie pour le D\u00e9veloppement et la S\u00e9curit\u00e9 du G5 Sahel 2023-2033,  visant \u00e0 am\u00e9liorer les conditions s\u00e9curitaires et de d\u00e9veloppement durable pour les populations de l\u2019espace du G5 Sahel.<br \/>\nIl a ajout\u00e9 que  cette strat\u00e9gie est orient\u00e9e  sur trois d\u00e9fis majeurs que sont: l\u2019adaptation r\u00e9gionale en mati\u00e8re de lutte contre l\u2019ins\u00e9curit\u00e9; le soutien des efforts de d\u00e9veloppement dans le contexte d\u2019ins\u00e9curit\u00e9 persistante et d\u2019urgence humanitaire croissante ;  et l\u2019optimisation de l\u2019environnement institutionnel d\u2019intervention du G5 Sahel.<\/p>\n<p>Au sujet  de l&#8217;examen  et l&#8217;approbation  du  Programme d&#8217;investissements Prioritaires (PIP) du G5 Sahel pour la p\u00e9riode 2023-2028, pr\u00e9vu \u00e0 l&#8217;ordre du jour,   le ministre a pr\u00e9cis\u00e9 que ce programme refl\u00e8te  l&#8217;engagement ferme des Etats membres  \u00e0 investir dans l&#8217;avenir des pays, en renfor\u00e7ant la stabilit\u00e9, en favorisant une croissance inclusive et durable, et en am\u00e9liorant la qualit\u00e9 de vie des citoyens.<br \/>\nCe nouveau PIP,  a-t -il poursuit,  s\u2019articule autour de neuf programmes r\u00e9gionaux qui sont d\u00e9clin\u00e9s en 27 projets r\u00e9gionaux hi\u00e9rarchis\u00e9s en fonction de leur urgence et de leur importance par rapport aux  priorit\u00e9s des Etats.<\/p>\n<p>&#8220;Le troisi\u00e8me   objectif de la session  concerne l&#8217; examen  et la validation des Termes de r\u00e9f\u00e9rence de recrutement du cabinet qui sera charg\u00e9 de mener l&#8217;audit organisationnel du Secr\u00e9tariat ex\u00e9cutif du G5 Sahel, afin de renforcer notre efficacit\u00e9, notre transparence et notre responsabilit\u00e9 en tant qu&#8217;organisation r\u00e9gionale&#8221;, a-t -il not\u00e9.<\/p>\n<p>Ont pris part  \u00e0 l&#8217;ouverture de la session, le ministre nig\u00e9rien du Plan, Dr. Rabiou Abdou, le ministre tchadien  de la prospective \u00e9conomique et des partenariats  internationaux, M. Moussa Batraki, le ministre Burkinabais de l&#8217;habitat et de la R\u00e9forme fonci\u00e8re,  Michael Sidib\u00e9, le secr\u00e9taire ex\u00e9cutif du G5 Sahel, et les experts de l&#8217;organisation.<br \/>\nSource MInistere \u00e9conomie et d\u00e9veloppement durable<\/p>\n","protected":false},"excerpt":{"rendered":"<p>Les travaux de la 12\u00e8me session ordinaire du conseil des ministres du G5 Sahel ont d\u00e9but\u00e9, dimanche, \u00e0 Nouakchott, en marge de la 4\u00e8me Assembl\u00e9e g\u00e9n\u00e9rale de l\u2019Alliance Sahel qui se tiendra demain lundi, au Palais des congr\u00e8s de Nouakchott. Dans un mot introductif, le ministre de l&#8217;Economie et du D\u00e9veloppement durable, Pr\u00e9sident du conseil &hellip;<\/p>\n","protected":false},"author":2,"featured_media":6398,"comment_status":"open","ping_status":"open","sticky":false,"template":"","format":"standard","meta":{"footnotes":""},"categories":[18,29,28],"tags":[],"class_list":["post-6397","post","type-post","status-publish","format-standard","has-post-thumbnail","hentry","category-actualites","category-monde","category-sahel"],"_links":{"self":[{"href":"https:\/\/ladepeche.mr\/index.php?rest_route=\/wp\/v2\/posts\/6397","targetHints":{"allow":["GET"]}}],"collection":[{"href":"https:\/\/ladepeche.mr\/index.php?rest_route=\/wp\/v2\/posts"}],"about":[{"href":"https:\/\/ladepeche.mr\/index.php?rest_route=\/wp\/v2\/types\/post"}],"author":[{"embeddable":true,"href":"https:\/\/ladepeche.mr\/index.php?rest_route=\/wp\/v2\/users\/2"}],"replies":[{"embeddable":true,"href":"https:\/\/ladepeche.mr\/index.php?rest_route=%2Fwp%2Fv2%2Fcomments&post=6397"}],"version-history":[{"count":1,"href":"https:\/\/ladepeche.mr\/index.php?rest_route=\/wp\/v2\/posts\/6397\/revisions"}],"predecessor-version":[{"id":6399,"href":"https:\/\/ladepeche.mr\/index.php?rest_route=\/wp\/v2\/posts\/6397\/revisions\/6399"}],"wp:featuredmedia":[{"embeddable":true,"href":"https:\/\/ladepeche.mr\/index.php?rest_route=\/wp\/v2\/media\/6398"}],"wp:attachment":[{"href":"https:\/\/ladepeche.mr\/index.php?rest_route=%2Fwp%2Fv2%2Fmedia&parent=6397"}],"wp:term":[{"taxonomy":"category","embeddable":true,"href":"https:\/\/ladepeche.mr\/index.php?rest_route=%2Fwp%2Fv2%2Fcategories&post=6397"},{"taxonomy":"post_tag","embeddable":true,"href":"https:\/\/ladepeche.mr\/index.php?rest_route=%2Fwp%2Fv2%2Ftags&post=6397"}],"curies":[{"name":"wp","href":"https:\/\/api.w.org\/{rel}","templated":true}]}}