{"id":6400,"date":"2023-07-09T21:07:39","date_gmt":"2023-07-09T21:07:39","guid":{"rendered":"https:\/\/ladepeche.mr\/?p=6400"},"modified":"2023-07-09T21:08:49","modified_gmt":"2023-07-09T21:08:49","slug":"musique-adviser-et-mia-guisse-non-grata","status":"publish","type":"post","link":"https:\/\/ladepeche.mr\/?p=6400","title":{"rendered":"Musique : Adviser et Mia Guiss\u00e9 \u00abnon grata \u00bb"},"content":{"rendered":"<p>Les artistes Adviser et Mia Guiss\u00e9 qui entendaient organiser une soir\u00e9e Gala \u00e0 Nouakchott ont d\u00fb ajourner leur projet apr\u00e8s \u00ab le refus de derni\u00e8re minutes des autorit\u00e9s \u00bb expliquent les artistes \u00e0 leurs fans dans un communiqu\u00e9 rendu public dimanche.<br \/>\n\u00abNotre volont\u00e9 \u00e9tait de cr\u00e9er des ponts entre nos artistes et des artistes \u00e9trangers afin de faire rayonner notre pays, la Mauritanie, \u00e0 l\u2019international, \u00bb regrettent les deux artistes arguant d\u2019un refus \u00ab non justifi\u00e9 \u00bb des autorit\u00e9s nationales.<\/p>\n","protected":false},"excerpt":{"rendered":"<p>Les artistes Adviser et Mia Guiss\u00e9 qui entendaient organiser une soir\u00e9e Gala \u00e0 Nouakchott ont d\u00fb ajourner leur projet apr\u00e8s \u00ab le refus de derni\u00e8re minutes des autorit\u00e9s \u00bb expliquent les artistes \u00e0 leurs fans dans un communiqu\u00e9 rendu public dimanche. \u00abNotre volont\u00e9 \u00e9tait de cr\u00e9er des ponts entre nos artistes et des artistes \u00e9trangers &hellip;<\/p>\n","protected":false},"author":2,"featured_media":6401,"comment_status":"open","ping_status":"open","sticky":false,"template":"","format":"standard","meta":{"footnotes":""},"categories":[18,15,26],"tags":[],"class_list":["post-6400","post","type-post","status-publish","format-standard","has-post-thumbnail","hentry","category-actualites","category-culture","category-en-panne"],"_links":{"self":[{"href":"https:\/\/ladepeche.mr\/index.php?rest_route=\/wp\/v2\/posts\/6400","targetHints":{"allow":["GET"]}}],"collection":[{"href":"https:\/\/ladepeche.mr\/index.php?rest_route=\/wp\/v2\/posts"}],"about":[{"href":"https:\/\/ladepeche.mr\/index.php?rest_route=\/wp\/v2\/types\/post"}],"author":[{"embeddable":true,"href":"https:\/\/ladepeche.mr\/index.php?rest_route=\/wp\/v2\/users\/2"}],"replies":[{"embeddable":true,"href":"https:\/\/ladepeche.mr\/index.php?rest_route=%2Fwp%2Fv2%2Fcomments&post=6400"}],"version-history":[{"count":2,"href":"https:\/\/ladepeche.mr\/index.php?rest_route=\/wp\/v2\/posts\/6400\/revisions"}],"predecessor-version":[{"id":6403,"href":"https:\/\/ladepeche.mr\/index.php?rest_route=\/wp\/v2\/posts\/6400\/revisions\/6403"}],"wp:featuredmedia":[{"embeddable":true,"href":"https:\/\/ladepeche.mr\/index.php?rest_route=\/wp\/v2\/media\/6401"}],"wp:attachment":[{"href":"https:\/\/ladepeche.mr\/index.php?rest_route=%2Fwp%2Fv2%2Fmedia&parent=6400"}],"wp:term":[{"taxonomy":"category","embeddable":true,"href":"https:\/\/ladepeche.mr\/index.php?rest_route=%2Fwp%2Fv2%2Fcategories&post=6400"},{"taxonomy":"post_tag","embeddable":true,"href":"https:\/\/ladepeche.mr\/index.php?rest_route=%2Fwp%2Fv2%2Ftags&post=6400"}],"curies":[{"name":"wp","href":"https:\/\/api.w.org\/{rel}","templated":true}]}}