{"id":6407,"date":"2023-07-10T20:42:00","date_gmt":"2023-07-10T20:42:00","guid":{"rendered":"https:\/\/ladepeche.mr\/?p=6407"},"modified":"2023-07-10T20:42:45","modified_gmt":"2023-07-10T20:42:45","slug":"le-president-de-la-republique-appelle-a-davantage-dengagement-de-la-communaute-internationale-au-profit-du-g5-sahel","status":"publish","type":"post","link":"https:\/\/ladepeche.mr\/?p=6407","title":{"rendered":"Le Pr\u00e9sident de la R\u00e9publique appelle \u00e0 davantage d\u2019engagement de la communaut\u00e9 internationale au profit du G5 Sahel"},"content":{"rendered":"<p>Son Excellence le Pr\u00e9sident de la R\u00e9publique, M. Mohamed Ould Cheikh El Ghazouani, pr\u00e9sident en exercice du G5-Sahel, a supervis\u00e9 ce lundi, au Palais des Conf\u00e9rences de Nouakchott, l\u2019ouverture des travaux de la quatri\u00e8me Assembl\u00e9e G\u00e9n\u00e9rale de l\u2019Alliance pour le Sahel.<\/p>\n<p>L\u2019Assembl\u00e9e g\u00e9n\u00e9rale se penche sur plusieurs sujets, notamment la question de la s\u00e9curit\u00e9 et du d\u00e9veloppement, la corr\u00e9lation entre s\u00e9curit\u00e9 et d\u00e9veloppement, l\u2019\u00e9valuation du contexte des priorit\u00e9s pour les pays du Sahel, et la nouvelle strat\u00e9gie de d\u00e9veloppement de l\u2019ensemble sah\u00e9lien et d\u2019accompagnement des populations des pays de la zone dans un contexte d\u2019instabilit\u00e9 et d\u2019ins\u00e9curit\u00e9 croissantes.<br \/>\nLes travaux de l\u2019association traitent \u00e9galement de la question du partenariat renouvel\u00e9 du groupe et des nouvelles priorit\u00e9s strat\u00e9giques. Une pr\u00e9sentation sera faite sur les actions engag\u00e9es par le G5-sahel, ses projets d\u2019avenir, le degr\u00e9 de renforcement de la r\u00e9silience socio-\u00e9conomique et la s\u00e9curit\u00e9 alimentaire, le d\u00e9veloppement r\u00e9gional, l\u2019acc\u00e8s aux services de base, l\u2019engagement dans l\u2019agenda de transformation au Sahel \u00e0 travers des initiatives strat\u00e9giques pour les ann\u00e9es \u00e0 venir, ainsi que les enjeux globaux \u00e0 la lumi\u00e8re des acquis et des perspectives de renforcement du dialogue partenarial.<\/p>\n<p>Ouvrant les travaux de cette quatri\u00e8me session ordinaire de l\u2019Alliance, Son Excellence le Pr\u00e9sident de la R\u00e9publique, M. Mohamed Ould Cheikh El Ghazouani, pr\u00e9sident en exercice du G5-Sahel, a prononc\u00e9 un important discours dans lequel il a soulign\u00e9 que le d\u00e9fi s\u00e9curitaire que constituent le terrorisme et l\u2019extr\u00e9misme violent n\u2019est pas dissociable du vecteur inhibiteur du d\u00e9veloppement que sont : la pauvret\u00e9, l\u2019injustice sociale, la mal gouvernance, le changement climatique, l\u2019absence de perspectives et les tensions sociales.<\/p>\n<p>Il a indiqu\u00e9 que la d\u00e9termination du G5-Sahel s\u2019est clairement traduite dans la feuille de route de la pr\u00e9sidence mauritanienne du G5 Sahel, qui se fixe comme objectif entre autres, de renforcer les capacit\u00e9s des acteurs de d\u00e9fense et de s\u00e9curit\u00e9, particuli\u00e8rement la force conjointe reform\u00e9e. Son excellence le Pr\u00e9sident de la R\u00e9publique a appel\u00e9, au nom de tous les chefs d\u2019Etats du G5 Sahel, \u00e0 davantage d\u2019engagement de la communaut\u00e9 internationale et de mobilisation de ressources financi\u00e8res au profit du G5 Sahel.<\/p>\n<p>Voici le texte int\u00e9gral de ce discours :<\/p>\n<p>\u00ab Excellence Monsieur le Premier Ministre,<\/p>\n<p>Excellence Monsieur le Pr\u00e9sident de l\u2019Assembl\u00e9e Nationale,<\/p>\n<p>Excellence Monsieur le Pr\u00e9sident du Conseil Constitutionnel<\/p>\n<p>Excellence, Monsieur M. Jos\u00e9 Manuel Albares, Ministre des Affaires \u00e9trang\u00e8res, de l\u2019Union europ\u00e9enne et de la Coop\u00e9ration, du Royaume d\u2019Espagne et Pr\u00e9sident de l\u2019Assembl\u00e9e G\u00e9n\u00e9rale de l\u2019Alliance Sahel,<\/p>\n<p>Excellence, Madame Svenja Schulze, Ministre f\u00e9d\u00e9rale de la Coop\u00e9ration \u00e9conomique et du D\u00e9veloppement de la R\u00e9publique F\u00e9d\u00e9rale d\u2019Allemagne,<\/p>\n<p>Excellence, Monsieur le Vice-Pr\u00e9sident du Groupe de la Banque mondiale pour l\u2019Afrique de l\u2019Ouest et centrale, et Pr\u00e9sident du Comit\u00e9 de Pilotage Op\u00e9rationnel de l\u2019Alliance Sahel,<\/p>\n<p>Excellences, Messieurs les Ministres de tutelle du G5 Sahel, du Burkina-Faso, du Niger et du Tchad et de la Mauritanie,<\/p>\n<p>Excellences, Mesdames et Messieurs les Repr\u00e9sentants des pays, organisations et institutions internationales, membres ou partenaires de l\u2019Alliance Sahel,<\/p>\n<p>Excellence, Monsieur le Secr\u00e9taire Ex\u00e9cutif du G5 Sahel, Excellences, Mesdames et Messieurs les membres du Corps diplomatique en Mauritanie, Excellence, Mesdames et Messieurs,<\/p>\n<p>Je voudrais tout d\u2019abord vous souhaiter, \u00e0 toutes et \u00e0 tous, la bienvenue en R\u00e9publique Islamique de Mauritanie et vous adresser, aux noms de tous les Chefs d\u2019Etat du G5 Sahel et en mon nom propre, mes sinc\u00e8res remerciements pour avoir, malgr\u00e9 vos multiples occupations et mus par votre souci de renforcer la dynamique partenariale autour du G5 Sahel, tenu \u00e0 prendre part aux travaux de cette quatri\u00e8me session de l\u2019Assembl\u00e9e g\u00e9n\u00e9rale.<\/p>\n<p>Votre pr\u00e9sence aujourd\u2019hui me conforte dans ma conviction quant \u00e0 la p\u00e9rennit\u00e9 de votre engagement et votre soutien aux efforts que nous que nous ne cessons de d\u00e9ployer, pour relever les \u00e9normes d\u00e9fis s\u00e9curitaires, \u00e9conomiques, sociaux et \u00e9cologiques qui hypoth\u00e8quent le devenir du Sahel, dans son ensemble, et particuli\u00e8rement les pays du G5 Sahel.<\/p>\n<p>Je voudrais \u00e9galement remercier Son Excellence, Monsieur Jos\u00e9 Manuel Albares, pour son excellent travail \u00e0 la pr\u00e9sidence de l\u2019Assembl\u00e9e g\u00e9n\u00e9rale de l\u2019Alliance Sahel et souhaiter plein succ\u00e8s et r\u00e9ussite \u00e0 Mme Svenja Schulze, ministre F\u00e9d\u00e9rale de la coop\u00e9ration Economique et du D\u00e9veloppement de la R\u00e9publique F\u00e9d\u00e9rale d\u2019Allemagne dans sa nouvelle mission de pr\u00e9sidente de l\u2019assembl\u00e9e g\u00e9n\u00e9rale de l\u2019Alliance.<\/p>\n<p>En outre, j\u2019exprime ma profonde gratitude aux autorit\u00e9s espagnoles et allemandes, ainsi qu\u2019\u00e0 l\u2019ensemble des pays et organisations, membres ou partenaires de l\u2019Alliance, pour les efforts consentis, afin de rendre possible la tenue de cette 4e session de l\u2019Assembl\u00e9e g\u00e9n\u00e9rale.<\/p>\n<p>En se tenant concomitamment avec la 12e session ordinaire du Conseil des Ministres du G5 Sahel, cette session de l\u2019Assembl\u00e9e g\u00e9n\u00e9rale nous offre aujourd\u2019hui, l\u2019heureuse opportunit\u00e9 de remettre en perspective, en vue de le renforcer et d\u2019en am\u00e9liorer l\u2019efficacit\u00e9, le partenariat entre l\u2019Alliance Sahel et le G5 Sahel.<\/p>\n<p>Excellences Mesdames et Messieurs,<\/p>\n<p>Il est aujourd\u2019hui, indubitable que le Sahel dans son ensemble et particuli\u00e8rement les pays du G5 Sahel, fait face \u00e0 des crises s\u00e9curitaires, socio\u00e9conomiques et \u00e9cologiques sans commune mesures avec ses seules capacit\u00e9s propres de r\u00e9silience.<\/p>\n<p>Ces crises, exacerb\u00e9es par une conjoncture internationale particuli\u00e8rement difficile, s\u2019alimentent et s\u2019amplifient les unes les autres, dans une sorte de dramatique cercle vicieux.<\/p>\n<p>On ne peut esp\u00e9rer rompre ce cercle que par la mise en synergie des efforts, l\u2019adoption d\u2019une approche holistique, et la mise en place d\u2019une forte r\u00e9ponse collective, durablement appuy\u00e9e par une solidarit\u00e9 agissante de la part de la communaut\u00e9 internationale.<\/p>\n<p>En effet, le d\u00e9fi s\u00e9curitaire que constituent le terrorisme et l\u2019extr\u00e9misme violent n\u2019est pas dissociable du vecteur inhibiteur du d\u00e9veloppement que sont : la pauvret\u00e9, l\u2019injustice sociale, la mal gouvernance, le changement climatique, l\u2019absence de perspectives et les tensions sociales. C\u2019est g\u00e9n\u00e9ralement \u00e0 la confluence de ces vecteurs que violence germe et prosp\u00e8re.<\/p>\n<p>Aussi, le G5 Sahel a tr\u00e8s rapidement cibl\u00e9 la mobilisation de partenaires autour de ses programmes de d\u00e9veloppement, de gouvernance, de r\u00e9silience et de s\u00e9curit\u00e9.<\/p>\n<p>Et, c\u2019est pr\u00e9cis\u00e9ment la prise de consid\u00e9ration de ce lien quasi organique entre s\u00e9curit\u00e9 et d\u00e9veloppement qui constitue la cl\u00e9 de vo\u00fbte de l\u2019organisation du G5 Sahel.<\/p>\n<p>Excellence Mesdames et Messieurs,<\/p>\n<p>En d\u00e9pit d\u2019un contexte r\u00e9gional et international plut\u00f4t d\u00e9favorable, il est ind\u00e9niable que le G5 Sahel a enregistr\u00e9 des acquis non n\u00e9gligeables, notamment :<\/p>\n<p>Le renforcement des canaux d\u2019\u00e9changes et de coordination entre les forces de d\u00e9fense et de s\u00e9curit\u00e9 nationales,<\/p>\n<p>La capitalisation par la force conjointe d\u2019importants acquis en termes de formation, d\u2019\u00e9quipements et d\u2019infrastructures,<\/p>\n<p>La mise en place de groupes d\u2019action rapides de surveillance et d\u2019intervention (GARSI),<\/p>\n<p>Ou encore sur le plan \u00e9conomique, la mise en \u0153uvre d\u2019un programme d\u2019investissement prioritaire pour la p\u00e9riode 2019 \u2013 2021 et l\u2019adoption en cours d\u2019un nouveau plan couvrant la p\u00e9riode 2023 \u2013 2025.<\/p>\n<p>Certes, de f\u00e2cheux et regrettables \u00e9v\u00e9nements sont venus, r\u00e9cemment, perturber le fonctionnement de notre organisation et accentuer davantage la vuln\u00e9rabilit\u00e9 de cette zone d\u00e9j\u00e0 tr\u00e8s fragile. A titre illustratif on pourrait citer entre autres :<\/p>\n<p>Le retrait malien du G5 Sahel qui a subitement rompu la continuit\u00e9 g\u00e9ographique de notre espace et nous a priv\u00e9, tr\u00e8s momentan\u00e9ment, je l\u2019esp\u00e8re, de l\u2019apport pr\u00e9cieux d\u2019un pays fr\u00e8re et membre fondateur,<\/p>\n<p>Le retrait de la force barkhane,<\/p>\n<p>Le conflit arm\u00e9 au Soudan\u2026<\/p>\n<p>Cependant, face \u00e0 ces \u00e9volutions, les chefs d\u2019Etat du G5 Sahel ont, le 20 f\u00e9vrier 2023, \u00e0 N\u2019Djamena, fortement r\u00e9affirm\u00e9 leur ferme d\u00e9termination \u00e0 pr\u00e9server et \u00e0 renforcer le G5 Sahel, du fait de leur profonde conviction que la victoire contre le terrorisme et sous-d\u00e9veloppement, requiert imp\u00e9rativement la mutualisation des moyens et la mise en synergie des efforts.<\/p>\n<p>Cette d\u00e9termination s\u2019est clairement traduite dans la feuille de route de la pr\u00e9sidence mauritanienne du G5 Sahel, qui se fixe comme objectif entre autres, de :<\/p>\n<p>Renforcer les capacit\u00e9s des acteurs de d\u00e9fense et de s\u00e9curit\u00e9, particuli\u00e8rement la force conjointe reform\u00e9e,<\/p>\n<p>Dynamiser les structures li\u00e9es \u00e0 la s\u00e9curit\u00e9, abrit\u00e9es par les pays membres,<\/p>\n<p>Op\u00e9rationnaliser le programme d\u2019investissements prioritaires 2023 \u2013 2025, et promouvoir les \u00e9changes \u00e9conomiques entre les pays du Sahel tout en travaillant \u00e0 les mobiliser autour de projets structurants align\u00e9s sur la strat\u00e9gie de d\u00e9veloppement et de s\u00e9curit\u00e9,<\/p>\n<p>\u0152uvrer \u00e0 redynamiser et \u00e0 \u00e9largir le partenariat international en faveur du G5 Sahel.<\/p>\n<p>La tenue de cette 4e assembl\u00e9e g\u00e9n\u00e9rale de l\u2019Alliance Sahel \u00e0 Nouakchott, vient aujourd\u2019hui confirmer avec force, l\u2019existence r\u00e9elle d\u2019un v\u00e9ritable \u00e9lan politique visant \u00e0 revitaliser le G5 Sahel.<\/p>\n<p>Je tiens ici, \u00e0 renouveler mes remerciements \u00e0 tous les pays, organisations et institutions internationales, membres ou partenaires de l\u2019Alliance, pour leur appui, qu\u2019ils n\u2019ont cess\u00e9, dans un cadre de redevabilit\u00e9 r\u00e9ciproque, de nous apporter dans le domaine de l\u2019emploi des jeunes, de l\u2019agriculture, de la s\u00e9curit\u00e9 alimentaire, de l\u2019\u00e9cologie et des services de base.<\/p>\n<p>Cependant, il est clair que pour r\u00e9pondre efficacement aux d\u00e9fis s\u00e9curitaires et de d\u00e9veloppement au Sahel, nous avons besoin d\u2019une plus large mobilisation de la communaut\u00e9 internationale.<\/p>\n<p>Aussi, j\u2019appelle au nom de tous les chefs d\u2019Etats du G5 Sahel, \u00e0 davantage d\u2019engagement de la communaut\u00e9 internationale et de mobilisation de ressources financi\u00e8res au profit du G5 Sahel.<\/p>\n<p>Il est particuli\u00e8rement urgent de :<\/p>\n<p>Mettre en \u0153uvre des actions \u00e0 court terme, \u00e0 effets rapides, associ\u00e9es \u00e0 des actions structurantes de long terme, qui induisent une transformation qualitative et p\u00e9renne des conditions de vie des populations,<\/p>\n<p>Trouver des solutions d\u2019emplois d\u00e9cents des femmes et les jeunes en mettant en \u0153uvre des activit\u00e9s g\u00e9n\u00e9ratrices de revenus au profit des populations vuln\u00e9rables,<\/p>\n<p>Am\u00e9liorer la proactivit\u00e9 du secteur agricole \u00e0 travers une intensification agro\u00e9cologique, gr\u00e2ce \u00e0 l\u2019exploitation d\u2019\u00e9nergies renouvelables comme l\u2019hydrog\u00e8ne vert ;<\/p>\n<p>Aussi, tout en esp\u00e9rant que vos travaux contribueront \u00e0 une plus grande mobilisation de financements au profit de la strat\u00e9gie de d\u00e9fense et de s\u00e9curit\u00e9 du G5 Sahel, je vous souhaite plein succ\u00e8s et r\u00e9ussite et d\u00e9clare ouverte la 4e session de l\u2019Assembl\u00e9e g\u00e9n\u00e9rale de l\u2019Alliance Sahel.<\/p>\n<p>Je vous remercie \u00bb.<\/p>\n<p>L\u2019ouverture des travaux de l\u2019Assembl\u00e9e G\u00e9n\u00e9rale de l\u2019Alliance Sahel s\u2019est d\u00e9roul\u00e9e en pr\u00e9sence du Premier ministre, M. Mohamed Ould Bilal Messoud, du pr\u00e9sident de l\u2019Assembl\u00e9e Nationale, du ministre secr\u00e9taire g\u00e9n\u00e9ral de la Pr\u00e9sidence de la R\u00e9publique, du ministre directeur de cabinet du Pr\u00e9sident de la R\u00e9publique, du ministre conseiller \u00e0 la Pr\u00e9sidence de la R\u00e9publique, de plusieurs membres du gouvernement, des repr\u00e9sentants du corps diplomatique, des institutions financi\u00e8res et des agences de coop\u00e9ration internationale.<br \/>\nAmi<\/p>\n","protected":false},"excerpt":{"rendered":"<p>Son Excellence le Pr\u00e9sident de la R\u00e9publique, M. Mohamed Ould Cheikh El Ghazouani, pr\u00e9sident en exercice du G5-Sahel, a supervis\u00e9 ce lundi, au Palais des Conf\u00e9rences de Nouakchott, l\u2019ouverture des travaux de la quatri\u00e8me Assembl\u00e9e G\u00e9n\u00e9rale de l\u2019Alliance pour le Sahel. L\u2019Assembl\u00e9e g\u00e9n\u00e9rale se penche sur plusieurs sujets, notamment la question de la s\u00e9curit\u00e9 et &hellip;<\/p>\n","protected":false},"author":2,"featured_media":6409,"comment_status":"open","ping_status":"open","sticky":false,"template":"","format":"standard","meta":{"footnotes":""},"categories":[18,29,28],"tags":[],"class_list":["post-6407","post","type-post","status-publish","format-standard","has-post-thumbnail","hentry","category-actualites","category-monde","category-sahel"],"_links":{"self":[{"href":"https:\/\/ladepeche.mr\/index.php?rest_route=\/wp\/v2\/posts\/6407","targetHints":{"allow":["GET"]}}],"collection":[{"href":"https:\/\/ladepeche.mr\/index.php?rest_route=\/wp\/v2\/posts"}],"about":[{"href":"https:\/\/ladepeche.mr\/index.php?rest_route=\/wp\/v2\/types\/post"}],"author":[{"embeddable":true,"href":"https:\/\/ladepeche.mr\/index.php?rest_route=\/wp\/v2\/users\/2"}],"replies":[{"embeddable":true,"href":"https:\/\/ladepeche.mr\/index.php?rest_route=%2Fwp%2Fv2%2Fcomments&post=6407"}],"version-history":[{"count":1,"href":"https:\/\/ladepeche.mr\/index.php?rest_route=\/wp\/v2\/posts\/6407\/revisions"}],"predecessor-version":[{"id":6408,"href":"https:\/\/ladepeche.mr\/index.php?rest_route=\/wp\/v2\/posts\/6407\/revisions\/6408"}],"wp:featuredmedia":[{"embeddable":true,"href":"https:\/\/ladepeche.mr\/index.php?rest_route=\/wp\/v2\/media\/6409"}],"wp:attachment":[{"href":"https:\/\/ladepeche.mr\/index.php?rest_route=%2Fwp%2Fv2%2Fmedia&parent=6407"}],"wp:term":[{"taxonomy":"category","embeddable":true,"href":"https:\/\/ladepeche.mr\/index.php?rest_route=%2Fwp%2Fv2%2Fcategories&post=6407"},{"taxonomy":"post_tag","embeddable":true,"href":"https:\/\/ladepeche.mr\/index.php?rest_route=%2Fwp%2Fv2%2Ftags&post=6407"}],"curies":[{"name":"wp","href":"https:\/\/api.w.org\/{rel}","templated":true}]}}