{"id":6410,"date":"2023-07-11T13:08:57","date_gmt":"2023-07-11T13:08:57","guid":{"rendered":"https:\/\/ladepeche.mr\/?p=6410"},"modified":"2023-07-11T13:14:09","modified_gmt":"2023-07-11T13:14:09","slug":"le-ministre-du-petrole-tente-sensibilise-la-bei-sur-les-opportunites-dinvestir-dans-lhydrogene","status":"publish","type":"post","link":"https:\/\/ladepeche.mr\/?p=6410","title":{"rendered":"Le ministre du P\u00e9trole sensibilise la BEI sur les opportunit\u00e9s d\u2019investir dans l\u2019hydrog\u00e8ne"},"content":{"rendered":"<p>Le ministre du P\u00e9trole, des Mines et de l\u2019Energie, porte-parole du gouvernement, Nani Ould Chrougha a pr\u00e9sent\u00e9 lundi au vice-pr\u00e9sident de la Banque Europ\u00e9nne d\u2019Investissement (BEI), Ambroise Fayolle, en visite en Mauritanie, les atouts de notre pays en mati\u00e8re de d\u00e9veloppement de l\u2019hydrog\u00e8ne vert et de partenariat promoteur dans ce domaine<br \/>\nLe ministre Nani Ould Chrougha a notamment vant\u00e9 les m\u00e9rites de transformation et de la transition \u00e9nerg\u00e9tique en Mauritanie par le d\u00e9veloppement d\u2019\u00e9nergie plus propre comme l\u2019hydrog\u00e8ne vert qui fait des \u00e9mules dans le monde des industries Le ministre mauritanien a insist\u00e9 dans ce cadre sur le nouveau partenariat ourdi par les autorit\u00e9s de son pays et les grands t\u00e9nors du d\u00e9veloppement de l\u2019hydrog\u00e8ne promu \u00e0 supplanter les \u00e9nergies fossiles. Le ministre mauritanien a estim\u00e9, \u00e0 cet effet, que les deux parties disposaient dans le potentiel  mauritanien d\u2019une r\u00e9elle opportunit\u00e9 de partenariat.<br \/>\nLe vice-pr\u00e9sident de la Banque Europ\u00e9nne d\u2019Investissement (BEI), Ambroise Fayolle, a quant \u00e0 lui lou\u00e9 et rappel\u00e9 la diversit\u00e9 de la coop\u00e9ration entre les deux parties et mis en exergue l\u2019importance de la transition \u00e9nerg\u00e9tique via l\u2019usage industriel de l\u2019hydrog\u00e8ne vert. Le responsable de la BEI, faut-il le rappeler, a sign\u00e9 au cours de sa visite en Mauritanie une convention de financement de 20 millions d\u2019Euros avec la Banque Mauritanitenne de l\u2019Investissement (BMI).<\/p>\n","protected":false},"excerpt":{"rendered":"<p>Le ministre du P\u00e9trole, des Mines et de l\u2019Energie, porte-parole du gouvernement, Nani Ould Chrougha a pr\u00e9sent\u00e9 lundi au vice-pr\u00e9sident de la Banque Europ\u00e9nne d\u2019Investissement (BEI), Ambroise Fayolle, en visite en Mauritanie, les atouts de notre pays en mati\u00e8re de d\u00e9veloppement de l\u2019hydrog\u00e8ne vert et de partenariat promoteur dans ce domaine Le ministre Nani Ould &hellip;<\/p>\n","protected":false},"author":2,"featured_media":6411,"comment_status":"open","ping_status":"open","sticky":false,"template":"","format":"standard","meta":{"footnotes":""},"categories":[18,2],"tags":[],"class_list":["post-6410","post","type-post","status-publish","format-standard","has-post-thumbnail","hentry","category-actualites","category-economie"],"_links":{"self":[{"href":"https:\/\/ladepeche.mr\/index.php?rest_route=\/wp\/v2\/posts\/6410","targetHints":{"allow":["GET"]}}],"collection":[{"href":"https:\/\/ladepeche.mr\/index.php?rest_route=\/wp\/v2\/posts"}],"about":[{"href":"https:\/\/ladepeche.mr\/index.php?rest_route=\/wp\/v2\/types\/post"}],"author":[{"embeddable":true,"href":"https:\/\/ladepeche.mr\/index.php?rest_route=\/wp\/v2\/users\/2"}],"replies":[{"embeddable":true,"href":"https:\/\/ladepeche.mr\/index.php?rest_route=%2Fwp%2Fv2%2Fcomments&post=6410"}],"version-history":[{"count":2,"href":"https:\/\/ladepeche.mr\/index.php?rest_route=\/wp\/v2\/posts\/6410\/revisions"}],"predecessor-version":[{"id":6416,"href":"https:\/\/ladepeche.mr\/index.php?rest_route=\/wp\/v2\/posts\/6410\/revisions\/6416"}],"wp:featuredmedia":[{"embeddable":true,"href":"https:\/\/ladepeche.mr\/index.php?rest_route=\/wp\/v2\/media\/6411"}],"wp:attachment":[{"href":"https:\/\/ladepeche.mr\/index.php?rest_route=%2Fwp%2Fv2%2Fmedia&parent=6410"}],"wp:term":[{"taxonomy":"category","embeddable":true,"href":"https:\/\/ladepeche.mr\/index.php?rest_route=%2Fwp%2Fv2%2Fcategories&post=6410"},{"taxonomy":"post_tag","embeddable":true,"href":"https:\/\/ladepeche.mr\/index.php?rest_route=%2Fwp%2Fv2%2Ftags&post=6410"}],"curies":[{"name":"wp","href":"https:\/\/api.w.org\/{rel}","templated":true}]}}