{"id":6413,"date":"2023-07-11T13:11:17","date_gmt":"2023-07-11T13:11:17","guid":{"rendered":"https:\/\/ladepeche.mr\/?p=6413"},"modified":"2023-07-11T13:12:28","modified_gmt":"2023-07-11T13:12:28","slug":"alliance-sahel-lors-de-leur-4eme-assemblee-generale-les-membres-reaffirment-leur-partenariat-avec-le-g5-sahel-communique-de-presse","status":"publish","type":"post","link":"https:\/\/ladepeche.mr\/?p=6413","title":{"rendered":"Alliance Sahel: lors de leur 4eme Assembl\u00e9e G\u00e9n\u00e9rale, les membres r\u00e9affirment leur partenariat avec le G5 Sahel (Communiqu\u00e9 de presse)"},"content":{"rendered":"<p>Nouakchott, 10 juillet 2023 \u2013 Plus de 120 repr\u00e9sentants de l\u2019Alliance Sahel et de ses partenaires Sah\u00e9liens se sont r\u00e9unis \u00e0 Nouakchott le 10 juillet 2023, \u00e0 l\u2019occasion de la 4eme Assembl\u00e9e g\u00e9n\u00e9rale de l\u2019Alliance. La rencontre s\u2019est tenue en pr\u00e9sence de Son Excellence Mohamed Cheikh El Ghazouani, Pr\u00e9sident de la R\u00e9publique Islamique de Mauritanie. Dans un environnement complexe marqu\u00e9 par la d\u00e9gradation de la situation s\u00e9curitaire, humanitaire, notamment d\u2019ins\u00e9curit\u00e9 alimentaire dans plusieurs r\u00e9gions du Sahel, les membres ont r\u00e9affirm\u00e9 leur soutien \u00e0 l\u2019int\u00e9gration et la solidarit\u00e9 r\u00e9gionales. A l\u2019\u00e9coute des priorit\u00e9s des pays sah\u00e9liens, ils ont propos\u00e9 d\u2019accro\u00eetre leur engagement en faveur des populations sur trois priorit\u00e9s strat\u00e9giques. Au terme de l\u2019Assembl\u00e9e g\u00e9n\u00e9rale, l\u2019Espagne a remis la pr\u00e9sidence de l\u2019Alliance Sahel \u00e0 l\u2019Allemagne. <\/p>\n<p>Malgr\u00e9 les nombreux potentiels de la r\u00e9gion, le Sahel reste confront\u00e9 \u00e0 des crises multiples.  L\u2019augmentation et la diversit\u00e9 des facteurs d\u2019ins\u00e9curit\u00e9, les transitions politiques en cours dans certains pays, les niveaux \u00e9lev\u00e9s d\u2019ins\u00e9curit\u00e9 alimentaire, les impacts croissants des chocs li\u00e9s au changement climatique et \u00e0 la guerre contre l\u2019Ukraine p\u00e8sent sur les acquis de d\u00e9veloppement. Ils conduisent dans certaines r\u00e9gions \u00e0 des d\u00e9placements de populations importants qui fragilisent davantage la coh\u00e9sion sociale et les conditions de vie.<\/p>\n<p>Dans son discours d\u2019ouverture, le pr\u00e9sident Ghazouani a rappel\u00e9 qu\u2019\u00ab Il est aujourd&#8217;hui indubitable que le Sahel dans son ensemble, et particuli\u00e8rement les pays du G5, fait face \u00e0 des crises s\u00e9curitaires, socio\u00e9conomiques et \u00e9cologiques sans commune mesure avec ses seules capacit\u00e9s propres de r\u00e9silience. Ces crises, exacerb\u00e9es par une conjoncture internationale particuli\u00e8rement difficile, s&#8217;alimentent et s&#8217;amplifient les unes les autres, dans une sorte de dramatique cercle vicieux. Nous ne pouvons esp\u00e9rer rompre ce cycle que par la mise en synergie des efforts, l&#8217;adoption d&#8217;une approche holistique et la mise en place d&#8217;une forte r\u00e9ponse collective, durablement appuy\u00e9e par une solidarit\u00e9 agissante de la part de la communaut\u00e9 internationale. \u00bb<\/p>\n<p>Dans ce contexte, les membres de l\u2019Alliance restent mobilis\u00e9s avec un accroissement global de leurs interventions dans les secteurs de concentration de l\u2019Alliance (hausse de 15% en valeur et 18% en nombre de projets en ex\u00e9cution entre 2021 et 2022 pour un montant total de 26,5 milliards d\u2019euros).  <\/p>\n<p>Cette 4eme Assembl\u00e9e g\u00e9n\u00e9rale \u00e9tait pr\u00e9sid\u00e9e par le Ministre Espagnol des Affaires Etrang\u00e8res, de l\u2019Union europ\u00e9enne et de la Coop\u00e9ration, Jose Manuel Albares. Dans son discours d\u2019ouverture, le Ministre Albares a soulign\u00e9 que &#8220;L&#8217;Espagne estime que le lien entre s\u00e9curit\u00e9, d\u00e9veloppement et changement climatique est crucial\u201d<\/p>\n<p>Un partenariat r\u00e9vis\u00e9 et r\u00e9affirm\u00e9 <\/p>\n<p>Convaincus que l\u2019int\u00e9gration et la solidarit\u00e9 r\u00e9gionales sont essentielles pour r\u00e9pondre aux d\u00e9fis de la r\u00e9gion, les membres de l&#8217;Alliance Sahel ont r\u00e9it\u00e9r\u00e9 leur soutien au G5 Sahel. Une version r\u00e9vis\u00e9e du protocole de partenariat liant les deux initiatives a \u00e9t\u00e9 sign\u00e9e par le Secr\u00e9taire ex\u00e9cutif du G5 Sahel et le Chef de l\u2019Unit\u00e9 de Coordination de l\u2019Alliance Sahel ce 10 juillet. Les membres de l&#8217;Alliance se sont engag\u00e9s \u00e0 renforcer le dialogue r\u00e9gional sur les priorit\u00e9s de politique publique et les r\u00e9formes jug\u00e9es prioritaires pour soutenir les trajectoires de d\u00e9veloppement des pays du G5 Sahel en s\u2019alignant sur les priorit\u00e9s de la nouvelle Strat\u00e9gie D\u00e9veloppement et S\u00e9curit\u00e9 du G5 Sahel. <\/p>\n<p>A cette fin, les membres de l&#8217;Alliance ont propos\u00e9 d&#8217;accroitre leur engagement collectif sur trois priorit\u00e9s strat\u00e9giques (i) la cr\u00e9ation d\u2019opportunit\u00e9s par l\u2019emploi, l\u2019\u00e9ducation et le d\u00e9veloppement des comp\u00e9tences, (ii) la r\u00e9silience aux chocs, notamment \u00e0 travers l\u2019appui aux dispositifs nationaux de pr\u00e9vention et de r\u00e9ponse aux crises, (iii) le d\u00e9veloppement des territoires et l\u2019acc\u00e8s localement aux services de base en portant une attention particuli\u00e8re aux zones fragiles. <\/p>\n<p>Au terme de cette Assembl\u00e9e, le Ministre espagnol des Affaires Etrang\u00e8res, de l\u2019Union europ\u00e9enne et de la Coop\u00e9ration, Jose Manuel Albares et la Ministre F\u00e9d\u00e9rale allemande de la Coop\u00e9ration \u00e9conomique et du D\u00e9veloppement, Mme Svenja Schulze ont act\u00e9 le passage de la pr\u00e9sidence de l\u2019Assembl\u00e9e g\u00e9n\u00e9rale de l\u2019Alliance Sahel de l\u2019Espagne \u00e0 l\u2019Allemagne.<br \/>\nMme Svenja Schulze a rappel\u00e9 dans son discours de cl\u00f4ture que \u00ab L\u2019Alliance Sahel regroupe les principaux bailleurs civils soutenant la r\u00e9gion. Ensemble, nous pouvons am\u00e9liorer durablement et sensiblement la situation des populations au Sahel. Avec ma pr\u00e9sidence, j\u2019entends montrer \u00e0 la population de la r\u00e9gion du Sahel que nous sommes \u00e0 ses c\u00f4t\u00e9s et que notre soutien fait la diff\u00e9rence. Je m\u2019engage pour plus d\u2019emplois, des offres de formation, une meilleure couverture des besoins de base et des filets de protection sociale plus robustes au Sahel. \u00bb<\/p>\n<p>Les membres de l\u2019Alliance Sahel encouragent l\u2019ensemble des partenaires internationaux \u00e0 renforcer leur soutien financier, technique et politique. Il n\u2019y aura pas de paix et de stabilit\u00e9 au Sahel sans un changement profond et qualitatif des conditions de vie des Sah\u00e9liennes et des Sah\u00e9liens.  <\/p>\n<p>RECOMMANDATIONS DES MEMBRES DE L\u2019ALLIANCE SAHEL LORS DE<br \/>\nLA 4\u00e8me ASSEMBLEE GENERALE :<\/p>\n<p>1.\tSoutenir l\u2019int\u00e9gration et la solidarit\u00e9 r\u00e9gionales pour r\u00e9pondre aux d\u00e9fis auxquels fait face la r\u00e9gion. <\/p>\n<p>2.\tRenforcer et coordonner davantage nos appuis pour r\u00e9pondre aux besoins urgents des populations sah\u00e9liennes sur la base d\u2019engagements r\u00e9ciproques clairement d\u00e9finis. <\/p>\n<p>3.\tAccro\u00eetre notre engagement collectif et notre impact sur trois priorit\u00e9s strat\u00e9giques (i) la cr\u00e9ation d\u2019opportunit\u00e9s par l\u2019emploi, l\u2019\u00e9ducation et le d\u00e9veloppement des comp\u00e9tences, (ii) la r\u00e9silience aux chocs (iii) le d\u00e9veloppement des territoires et l\u2019acc\u00e8s aux services de base.<\/p>\n<p>4.\tRenforcer l\u2019efficacit\u00e9 de l\u2019Alliance Sahel comme plateforme de coordination et de dialogue par la mise en \u0153uvre des recommandations de la revue ind\u00e9pendante de l\u2019Alliance Sahel. <\/p>\n<p>5.\tPoursuivre nos efforts pour assurer aux populations vivant dans les zones fragiles p\u00e9riph\u00e9riques particuli\u00e8rement expos\u00e9es \u00e0 l\u2019expansion de l\u2019extr\u00e9misme violent, l\u2019acc\u00e8s aux services essentiels et aux opportunit\u00e9s \u00e9conomiques et d\u2019emploi. <\/p>\n<p>A propos de la 4\u00e8me Assembl\u00e9e G\u00e9n\u00e9rale de l\u2019Alliance Sahel<\/p>\n<p>F\u00e9d\u00e9rant l\u2019action de 27 partenaires au d\u00e9veloppement bilat\u00e9raux et multilat\u00e9raux (18 membres de plein exercice et 9 observateurs), l\u00b4Alliance Sahel constitue aujourd\u2019hui le principal cadre de coordination renforc\u00e9 des initiatives de coop\u00e9ration au d\u00e9veloppement au Sahel. (alliance-sahel.org) <\/p>\n<p>La 4\u00e8me Assembl\u00e9e G\u00e9n\u00e9rale de l\u2019Alliance Sahel, pr\u00e9sid\u00e9e par M. Jos\u00e9 Manuel Albares Bueno, Ministre espagnol des Affaires \u00e9trang\u00e8res, de l\u2019Union Europ\u00e9enne et de la Coop\u00e9ration s\u2019est tenue \u00e0 Nouakchott le 10 Juillet 2023 et a connu une participation de haut niveau de ses partenaires, avec la participation de M. Abdesselam Ould Mohamed Saleh, Ministre Mauritanien des Affaires \u00e9conomiques et du D\u00e9veloppement durable et Pr\u00e9sident en exercice du Conseil des Ministres du G5 Sahel ; M. Mohamed Salem Ould Merzoug, Ministre des Affaires \u00e9trang\u00e8res, de la Coop\u00e9ration et des Mauritaniens de l&#8217;Ext\u00e9rieur ; M. Moussa Natal Batraki, Ministre Tchadien de la Prospective \u00e9conomique et des Partenariats internationaux ; M. Mika\u00eflou Sidib\u00e9, Ministre Burkinab\u00e8 de l\u2019Urbanisme, des Affaires fonci\u00e8res et de l\u2019Habitat ; M. Eric Tiar\u00e9, Secr\u00e9taire ex\u00e9cutif du G5 Sahel ; M. Djim\u00e9 Adoum, Haut Repr\u00e9sentant de la Coalition pour le Sahel ; M. Djibo Soumana, Directeur Nig\u00e9rien de la Coop\u00e9ration Militaire et des Op\u00e9rations de Maintien de la Paix ; M. Gilbert Zongo, Assistant sp\u00e9cial du Haut repr\u00e9sentant de l\u2019Union Africaine pour le Mali et le Sahel ; M. Philippe Van Amersfoort, Chef du Secr\u00e9tariat du partenariat pour la s\u00e9curit\u00e9 et la stabilit\u00e9 au Sahel ; M. Patrick Berg, Directeur Ex\u00e9cutif de la Facilit\u00e9 G5 Sahel. Pour les membres, ont particip\u00e9 \u00e0 l\u2019Assembl\u00e9e G\u00e9n\u00e9rale : Mme Svenja Schulze, Ministre Allemande f\u00e9d\u00e9rale de la Coop\u00e9ration \u00e9conomique et du D\u00e9veloppement ; Mme Jutta Urpilainen, Commissaire Europ\u00e9enne pour les Partenariats internationaux ; M. Ant\u00f3n Leis Garc\u00eda, Directeur de l\u2019Agence espagnole de Coop\u00e9ration internationale pour le D\u00e9veloppement ; Mme Giovanie Biha, Repr\u00e9sentante sp\u00e9ciale adjointe du Secr\u00e9taire g\u00e9n\u00e9ral des Nations Unies pour l\u2019Afrique de l\u2019Ouest et le Sahel; M. Abdoulaye Mar Dieye, Coordonnateur sp\u00e9cial du Secr\u00e9taire g\u00e9n\u00e9ral des Nations Unies pour le d\u00e9veloppement au Sahel ; Mme Emanuela Claudia Del Re, Repr\u00e9sentante Sp\u00e9ciale de l\u2019Union Europ\u00e9enne pour le Sahel ; M. Ambroise Fayolle, Vice-Pr\u00e9sident de la Banque europ\u00e9enne d\u2019investissement ; M. Ousmane Diagana, Vice-Pr\u00e9sident de la Banque Mondiale pour l\u2019Afrique de l\u2019Ouest et du Centre ; M. Christian Yoka, Directeur Afrique, Agence fran\u00e7aise de D\u00e9veloppement ; M. Marcel Lebleu, Directeur g\u00e9n\u00e9ral, Afrique de l&#8217;Ouest et du Centre, Affaires Mondiales Canada ; M. Daniel Ndoye, Responsable pays Burkina Faso, Banque Africaine de D\u00e9veloppement ; M. Lossou Gal\u00e9 Djibom, Coordonnateur G\u00e9n\u00e9ral Financement et Investissement, Banque Ouest Africaine de D\u00e9veloppement ; Mme Gitte Christensen Snefstrup, Conseill\u00e8re Sp\u00e9ciale, Minist\u00e8re des Affaires \u00e9trang\u00e8res du Danemark ; Abel Barry, chef du p\u00f4le Paix et Stabilit\u00e9, Organisation internationale de la Francophonie ; M. Benjamin Duer, Charg\u00e9 d\u2019Affaires, Minist\u00e8re des Affaires Etrang\u00e8res des Pays-Bas ; M. Malcom Green, Directeur adjoint, D\u00e9partement Sahel et s\u00e9curit\u00e9, Bureau des Affaires \u00e9trang\u00e8res et du Commonwealth (UK) ; Mme Alyson Mc Farland, Repr\u00e9sentante de l&#8217;USAID au Burkina Faso ; M. Marco Riccardo Rusconi, Vice-Directeur Adjoint de la Coop\u00e9ration au D\u00e9veloppement, Minist\u00e8re des Affaires \u00e9trang\u00e8res et de la Coop\u00e9ration internationale d\u2019Itale ;  Mme Clara De Sousa, Directrice des op\u00e9rations du Groupe de la Banque Mondiale pour le Mali, Burkina Faso, Niger et Tchad ; M. Knut Langeland, Ambassadeur, Repr\u00e9sentant Sp\u00e9cial pour le Sahel de la Norv\u00e8ge ; M. Alexandre Garcia, Ambassadeur de France en Mauritanie, M. Tatsukuni Uchida, Ambassadeur du Japon en Mauritanie ; Mme C\u00e9drine Beney, Ambassadrice, Envoy\u00e9e Sp\u00e9ciale de la Suisse pour le Sahel ; Mme Arianna Whelan, Directrice Adjointe de l&#8217;Unit\u00e9 Afrique, D\u00e9partement des Affaires Etrang\u00e8res, Irlande ; Mme Anna-Joy Rickard, Resonsable Sahel au Tony Blair Institute. <\/p>\n<p>Acc\u00e9der \u00e0 la d\u00e9claration de la 4\u00e8me Assembl\u00e9e G\u00e9n\u00e9rale de l\u2019Alliance :<br \/>\nalliance-sahel.org<\/p>\n<p>Informations et contact :<br \/>\n&#8211;\tAude Rossignol, charg\u00e9e de communication, Unit\u00e9 de Coordination de l\u2019Alliance Sahel, aude.rossignol@giz.de<\/p>\n","protected":false},"excerpt":{"rendered":"<p>Nouakchott, 10 juillet 2023 \u2013 Plus de 120 repr\u00e9sentants de l\u2019Alliance Sahel et de ses partenaires Sah\u00e9liens se sont r\u00e9unis \u00e0 Nouakchott le 10 juillet 2023, \u00e0 l\u2019occasion de la 4eme Assembl\u00e9e g\u00e9n\u00e9rale de l\u2019Alliance. La rencontre s\u2019est tenue en pr\u00e9sence de Son Excellence Mohamed Cheikh El Ghazouani, Pr\u00e9sident de la R\u00e9publique Islamique de Mauritanie. &hellip;<\/p>\n","protected":false},"author":2,"featured_media":6415,"comment_status":"open","ping_status":"open","sticky":false,"template":"","format":"standard","meta":{"footnotes":""},"categories":[18,29],"tags":[],"class_list":["post-6413","post","type-post","status-publish","format-standard","has-post-thumbnail","hentry","category-actualites","category-monde"],"_links":{"self":[{"href":"https:\/\/ladepeche.mr\/index.php?rest_route=\/wp\/v2\/posts\/6413","targetHints":{"allow":["GET"]}}],"collection":[{"href":"https:\/\/ladepeche.mr\/index.php?rest_route=\/wp\/v2\/posts"}],"about":[{"href":"https:\/\/ladepeche.mr\/index.php?rest_route=\/wp\/v2\/types\/post"}],"author":[{"embeddable":true,"href":"https:\/\/ladepeche.mr\/index.php?rest_route=\/wp\/v2\/users\/2"}],"replies":[{"embeddable":true,"href":"https:\/\/ladepeche.mr\/index.php?rest_route=%2Fwp%2Fv2%2Fcomments&post=6413"}],"version-history":[{"count":1,"href":"https:\/\/ladepeche.mr\/index.php?rest_route=\/wp\/v2\/posts\/6413\/revisions"}],"predecessor-version":[{"id":6414,"href":"https:\/\/ladepeche.mr\/index.php?rest_route=\/wp\/v2\/posts\/6413\/revisions\/6414"}],"wp:featuredmedia":[{"embeddable":true,"href":"https:\/\/ladepeche.mr\/index.php?rest_route=\/wp\/v2\/media\/6415"}],"wp:attachment":[{"href":"https:\/\/ladepeche.mr\/index.php?rest_route=%2Fwp%2Fv2%2Fmedia&parent=6413"}],"wp:term":[{"taxonomy":"category","embeddable":true,"href":"https:\/\/ladepeche.mr\/index.php?rest_route=%2Fwp%2Fv2%2Fcategories&post=6413"},{"taxonomy":"post_tag","embeddable":true,"href":"https:\/\/ladepeche.mr\/index.php?rest_route=%2Fwp%2Fv2%2Ftags&post=6413"}],"curies":[{"name":"wp","href":"https:\/\/api.w.org\/{rel}","templated":true}]}}