{"id":6418,"date":"2023-07-12T09:58:19","date_gmt":"2023-07-12T09:58:19","guid":{"rendered":"https:\/\/ladepeche.mr\/?p=6418"},"modified":"2023-07-12T09:59:42","modified_gmt":"2023-07-12T09:59:42","slug":"mauritanie-reunion-de-coordination-entre-le-g5-sahel-et-lalliance-sahel-a-nouakchott","status":"publish","type":"post","link":"https:\/\/ladepeche.mr\/?p=6418","title":{"rendered":"Mauritanie- R\u00e9union de coordination entre le G5 Sahel et l\u2019Alliance Sahel \u00e0 Nouakchott"},"content":{"rendered":"<p>L\u2019Alliance pour le Sahel et le secr\u00e9tariat permanant du G5 Sahel ont tenu, mardi, \u00e0 Nouakchott, une r\u00e9union technique pour examiner de pr\u00e8s les projets afin d\u2019assurer leur coh\u00e9rence dans un cadre plus harmonis\u00e9.                                                                                                                                                                                                                                                                                                Les objectifs assign\u00e9s \u00e0 cette rencontre visent, entre autres, \u00e0 faire le point sur la tenue de la 4\u00e8me assembl\u00e9e g\u00e9n\u00e9ral, \u00e0 valider la nouvelle strat\u00e9gie pour le d\u00e9veloppement et la s\u00e9curit\u00e9 et le programme d\u2019investissement prioritaire adopt\u00e9s par le conseil des ministres.<br \/>\nLa rencontre a \u00e9galement donn\u00e9 lieu \u00e0 un retour d\u2019exp\u00e9rience sur la contribution apport\u00e9e par les membres de la coalition pour le Sahel au Plan de d\u00e9veloppement d\u2019urgence. Elle est aussi mise \u00e0 profit pour trouver les points d\u2019intersection, voire de convergence entre le programme d\u2019investissements prioritaires (PIP) 2023-2028 du G5S et les projets de l\u2019alliance Sahel pour \u00e9viter ce qu\u2019il convient d\u2019appeler la dispersion des moyens et les chevauchements.<br \/>\nAinsi, dans la foul\u00e9e les experts du secr\u00e9tariat permanant du G5 Sahel, ont pass\u00e9 en revue le PIP et les \u00e9tapes franchies. Ils ont tenu \u00e0 souligner la nouvelle approche d\u2019intervention qui s\u2019appuie sur une d\u00e9marche consistant \u00e0 prioriser les projets du PIP.<br \/>\nDans son mot prononc\u00e9 \u00e0 l\u2019occasion, le Secr\u00e9taire ex\u00e9cutif du G5 Sahel, Eric Yemdaogo Tiar\u00e9, a exprim\u00e9 son souhait d\u2019entamer des \u00e9changes avec l\u2019ensemble des partenaires sur la redynamisation du partenariat mis en place.<br \/>\nPour sa part, le coordinateur de l\u2019alliance Sahel, M. Debrois, a indiqu\u00e9 que cette r\u00e9union constitue l\u2019occasion pour   jeter un regard sur les r\u00e9formes associ\u00e9es pour accompagner la trajectoire du d\u00e9veloppement des pays du Sahel ; soulignant qu\u2019elle constitue une \u00e9tape premi\u00e8re d\u2019un processus de dialogue dont les prochaines \u00e9tapes seront prochainement d\u00e9finies.<\/p>\n","protected":false},"excerpt":{"rendered":"<p>L\u2019Alliance pour le Sahel et le secr\u00e9tariat permanant du G5 Sahel ont tenu, mardi, \u00e0 Nouakchott, une r\u00e9union technique pour examiner de pr\u00e8s les projets afin d\u2019assurer leur coh\u00e9rence dans un cadre plus harmonis\u00e9. Les objectifs assign\u00e9s \u00e0 cette rencontre visent, entre autres, \u00e0 faire le point sur la tenue de la 4\u00e8me assembl\u00e9e g\u00e9n\u00e9ral, &hellip;<\/p>\n","protected":false},"author":2,"featured_media":6419,"comment_status":"open","ping_status":"open","sticky":false,"template":"","format":"standard","meta":{"footnotes":""},"categories":[18,29,28],"tags":[],"class_list":["post-6418","post","type-post","status-publish","format-standard","has-post-thumbnail","hentry","category-actualites","category-monde","category-sahel"],"_links":{"self":[{"href":"https:\/\/ladepeche.mr\/index.php?rest_route=\/wp\/v2\/posts\/6418","targetHints":{"allow":["GET"]}}],"collection":[{"href":"https:\/\/ladepeche.mr\/index.php?rest_route=\/wp\/v2\/posts"}],"about":[{"href":"https:\/\/ladepeche.mr\/index.php?rest_route=\/wp\/v2\/types\/post"}],"author":[{"embeddable":true,"href":"https:\/\/ladepeche.mr\/index.php?rest_route=\/wp\/v2\/users\/2"}],"replies":[{"embeddable":true,"href":"https:\/\/ladepeche.mr\/index.php?rest_route=%2Fwp%2Fv2%2Fcomments&post=6418"}],"version-history":[{"count":1,"href":"https:\/\/ladepeche.mr\/index.php?rest_route=\/wp\/v2\/posts\/6418\/revisions"}],"predecessor-version":[{"id":6420,"href":"https:\/\/ladepeche.mr\/index.php?rest_route=\/wp\/v2\/posts\/6418\/revisions\/6420"}],"wp:featuredmedia":[{"embeddable":true,"href":"https:\/\/ladepeche.mr\/index.php?rest_route=\/wp\/v2\/media\/6419"}],"wp:attachment":[{"href":"https:\/\/ladepeche.mr\/index.php?rest_route=%2Fwp%2Fv2%2Fmedia&parent=6418"}],"wp:term":[{"taxonomy":"category","embeddable":true,"href":"https:\/\/ladepeche.mr\/index.php?rest_route=%2Fwp%2Fv2%2Fcategories&post=6418"},{"taxonomy":"post_tag","embeddable":true,"href":"https:\/\/ladepeche.mr\/index.php?rest_route=%2Fwp%2Fv2%2Ftags&post=6418"}],"curies":[{"name":"wp","href":"https:\/\/api.w.org\/{rel}","templated":true}]}}