{"id":6437,"date":"2023-07-14T11:04:29","date_gmt":"2023-07-14T11:04:29","guid":{"rendered":"https:\/\/ladepeche.mr\/?p=6437"},"modified":"2023-07-14T12:25:19","modified_gmt":"2023-07-14T12:25:19","slug":"exclusif-a-garcia-la-france-et-la-mauritanie-partagent-une-analyse-commune-sur-la-plupart-des-grands-sujets-internationaux-et-regionaux","status":"publish","type":"post","link":"https:\/\/ladepeche.mr\/?p=6437","title":{"rendered":"Exclusif- A. Garcia : \u00ab La France et la Mauritanie partagent une analyse commune sur la plupart des grands sujets internationaux et r\u00e9gionaux \u00bb"},"content":{"rendered":"<p>SEM. Alexandre Garcia, ambassadeur de France en Mauritanie, passe en revue, dans un entretien exclusif avec \u00ab La D\u00e9p\u00eache de Mauritanie \u00bb, l\u2019\u00e9tat de la coop\u00e9ration entre notre pays et la France. Il y aborde, \u00e9galement, le renouveau strat\u00e9gique du G5 Sahel.  <\/p>\n<p><strong>La D\u00e9p\u00eache de Mauritanie:<\/strong> Excellence, quelle est votre appr\u00e9ciation des relations bilat\u00e9rales entre la France et la Mauritanie ?<\/p>\n<p><strong>SEM Alexandre Garcia:<\/strong> La relation bilat\u00e9rale entre la France et la Mauritanie est de tr\u00e8s grande qualit\u00e9. C\u2019est une relation fond\u00e9e d\u2019abord sur des liens d\u2019amiti\u00e9 anciens, historiques m\u00eame, entre nos deux pays et nos deux peuples. C\u2019est une relation tr\u00e8s \u00e9troite, d\u2019abord sur le plan politique : la relation est excellente entre nos deux chefs d\u2019Etat, les Pr\u00e9sidents Macron et Ghazouani. Les \u00e9changes sont r\u00e9guliers et tr\u00e8s substantiels. La France et la Mauritanie partagent ainsi une analyse commune sur la plupart des grands sujets internationaux et r\u00e9gionaux , qu\u2019il s\u2019agisse par exemple de la question de la s\u00e9curit\u00e9 au Sahel ou des enjeux climatiques et de d\u00e9veloppement. Ces contacts \u00e9troits ne se limitent \u00e9videmment pas aux deux Pr\u00e9sidents mais concernent aussi nos ministres, nos parlementaires, nos militaires, nos hauts fonctionnaires sur de tr\u00e8s nombreux sujets, notamment li\u00e9s \u00e0 la coop\u00e9ration dont nous allons parler dans quelques instants. Cette relation bilat\u00e9rale de grande qualit\u00e9 se fonde aussi sur un tissu de liens humains et personnels entre nos deux nations : une forte diaspora mauritanienne en France (pr\u00e8s de 18000 personnes) et une communaut\u00e9 fran\u00e7aise de pr\u00e8s de 2000 personnes en Mauritanie qui repr\u00e9sentent autant de ponts, si je peux dire, entre nos pays. <\/p>\n<p><strong>LDM:<\/strong> Excellence, il existe d\u00e9j\u00e0 une pr\u00e9sence \u00e9conomique fran\u00e7aise importante en Mauritanie, comment peut-elle encore \u00eatre renforc\u00e9e?<\/p>\n<p><strong>SEM Alexandre Garcia:<\/strong> Effectivement, les \u00e9changes entre la Mauritanie et la France ne sont pas n\u00e9gligeables. En 2022, les \u00e9changes commerciaux entre la France et la Mauritanie s\u2019\u00e9l\u00e8vent \u00e0 306 MEUR. La France se positionne en tant que 4\u00e8me fournisseur du pays. Les importations mauritaniennes depuis la France ont augment\u00e9 de 26% et se composent de produits pharmaceutiques, de produits de l\u2019agriculture et de l\u2019\u00e9levage et de machines et \u00e9quipements. Les exportations mauritaniennes vers la France ont quant \u00e0 elles connu une hausse exponentielle de 80%, avec comme principaux postes d\u2019exportation les minerais de fer, les produits de l\u2019agriculture et de la p\u00eache. Une dynamique tr\u00e8s positive, donc.<br \/>\nS\u2019agissant des investissements fran\u00e7ais en Mauritanie : une trentaine d\u2019entreprises fran\u00e7aises sont pr\u00e9sentes en Mauritanie ; qu\u2019elles soient des filiales de grands groupes, des PME ou des soci\u00e9t\u00e9s tenues par des Fran\u00e7ais. Elles d\u00e9veloppent leurs activit\u00e9s dans des secteurs tr\u00e8s vari\u00e9s : le transport et la logistique, le conseil ou encore l\u2019industrie. Nous pouvons citer \u00e0 ce titre CMA CGM, le groupe VICAT avec sa filiale Mauricim, Air France\u2026 Nos entreprises sont \u00e0 l\u2019origine de plus de 2000 emplois en Mauritanie et investissent \u00e9galement de fa\u00e7on concr\u00e8te dans des programmes RSE et dans les transferts de technologies et la formation professionnelle des jeunes Mauritaniens, c\u2019est en quelque sorte leur \u00ab marque de fabrique \u00bb, qui les distingue de leurs concurrents\u2026<br \/>\nPar ailleurs, le fonds d\u2019investissement fran\u00e7ais Meridiam est \u00e0 l\u2019origine du premier PPP du pays, le Terminal \u00e0 conteneurs de Nouakchott (TCN), qui repr\u00e9sente le plus gros investissement du fonds en Afrique. Ce projet, qui a \u00e9t\u00e9 ren\u00e9goci\u00e9 en d\u00e9cembre 2020, permet \u00e0 la Mauritanie de se doter d\u2019infrastructures indispensables \u00e0 son d\u00e9veloppement \u00e9conomique, en permettant son ouverture sur les voies maritimes et l\u2019accueil de bateaux de grande capacit\u00e9. <\/p>\n<p>Via le dispositif fran\u00e7ais et l\u2019appui au d\u00e9veloppement, le Tr\u00e9sor public fran\u00e7ais finance des entrepreneurs innovants ou de technologies vertes permettant aux entreprises d\u2019\u00e9tudier la faisabilit\u00e9 de leurs projets en Mauritanie. Les garanties export g\u00e9r\u00e9es pour le compte du Tr\u00e9sor par BPI France Assurance Export sont \u00e9galement ouvertes sur la Mauritanie. L\u2019AFD finance \u00e9galement de nombreux projets, moteur de croissance dans les secteurs de l\u2019eau, de l\u2019\u00e9lectrification rurale, ou encore de l\u2019\u00e9ducation. L\u2019AFD accompagne \u00e9galement les jeunes entrepreneurs mauritaniens dans le cadre du projet \u00ab Mon Projet, Mon Avenir \u00bb. La Banque Publique d\u2019Investissement (BPI) a sign\u00e9 une convention avec le groupe mauritanien Maurinvest-Maurilog pour la cr\u00e9ation d\u2019un acc\u00e9l\u00e9rateur visant \u00e0 accueillir, former et accompagner les start-ups.<br \/>\nL\u2019organisation de mission d\u2019entreprises, comme celle organis\u00e9e en mars 2023 par le Medef International et BPI France en Mauritanie, procure de belles opportunit\u00e9s de rencontre aux entrepreneurs de nos deux pays, et permet de promouvoir les opportunit\u00e9s \u00e9conomiques existantes en Mauritanie. Il en est de m\u00eame pour le \u00ab Roadshow PPP \u00bb organis\u00e9 par l\u2019APIM l\u2019ann\u00e9e derni\u00e8re et qui est pass\u00e9 par Paris. Ces rencontres sont importantes pour favoriser les \u00e9changes commerciaux entre nos deux pays, en continuant \u00e0 cr\u00e9er du lien avec le tissu \u00e9conomique local, et notamment avec les jeunes entrepreneurs mauritaniens.<br \/>\nDans ce cadre, plusieurs d\u2019entre eux sont chaque ann\u00e9e invit\u00e9s \u00e0 des \u00e9v\u00e8nements business en France, comme Ambition Africa, organis\u00e9 par Business France pour le minist\u00e8re de l\u2019Economie (dont la prochaine \u00e9dition est pr\u00e9vue \u00e0 Bercy les 17 et 18 octobre prochains). Cette communaut\u00e9 va \u00eatre entretenue dans le cadre de la nouvelle initiative lanc\u00e9 par le Pr\u00e9sident de la R\u00e9publique fran\u00e7aise \u00ab Afrique-France entrepreneurs \u00bb qui a pour objectif de faciliter les rencontres et les partenariats entre soci\u00e9t\u00e9s africaines et fran\u00e7aises.<br \/>\nPour autant, nous relevons r\u00e9guli\u00e8rement des difficult\u00e9s d\u2019ordre judiciaire ou l\u00e9gal, li\u00e9es au climat des affaires, bien que la Mauritanie \u0153uvre \u00e0 son am\u00e9lioration.<\/p>\n<p><strong>LDM:<\/strong> Quels sont, selon vous, les secteurs \u00e9conomiques les plus porteurs pour favoriser le renforcement de la pr\u00e9sence \u00e9conomique fran\u00e7aise en Mauritanie ?<\/p>\n<p><strong>SEM Alexandre Garcia:<\/strong> Le secteur de l\u2019\u00e9nergie \u00ab classique \u00bb, avec la mise en exploitation prochaine du champ gazier GTA et les perspectives d\u2019\u00e9tude de nouveaux gisements gaziers, comme Bir Allah, et d\u2019exploitation pour d\u2019autres majors (Total, Shell), qui sont autant d\u2019opportunit\u00e9s pour les entreprises mauritaniennes et fran\u00e7aises, mais aussi pour le d\u00e9veloppement \u00e9conomique du pays.<br \/>\nLe secteur des \u00e9nergies renouvelables constitue aussi un secteur d\u2019int\u00e9r\u00eat commun sur lequel la Mauritanie se positionne en leader dans la sous-r\u00e9gion, gr\u00e2ce \u00e0 ses ressources solaires et \u00e9oliennes tr\u00e8s favorables. La d\u00e9l\u00e9gation d\u2019entreprises fran\u00e7aises venue en mars dernier \u00e9tait compos\u00e9e en grande partie d\u2019entreprises du secteur de l\u2019\u00e9nergie, qui d\u00e9veloppent des solutions d\u2019\u00e9clairage public solaire, de centrales \u00e9lectriques.<br \/>\nLe Tr\u00e9sor fran\u00e7ais finance actuellement l\u2019\u00e9tude de l\u2019Institut Fran\u00e7ais du P\u00e9trole Energies Nouvelles (IFPEN) pour la r\u00e9alisation du cadastre \u00e9olien et solaire du pays qui servira au d\u00e9veloppement de projets de production d\u2019hydrog\u00e8ne vert.<br \/>\nConcernant la fili\u00e8re hydrog\u00e8ne, une entreprise fran\u00e7aise, Total EREN, s\u2019est positionn\u00e9e avec Chariot sur le projet d\u2019hydrog\u00e8ne \u00ab NOUR \u00bb pour une production totale de 10GW. Ce projet d\u2019envergure pourrait renforcer la pr\u00e9sence fran\u00e7aise en Mauritanie, mais sera aussi source d\u2019opportunit\u00e9s pour les entreprises mauritaniennes puisque l\u2019IFPEN r\u00e9alise aussi actuellement le plan de contenu local du projet. Les segments sur lesquels les entreprises mauritaniennes pourraient se positionner leur ont \u00e9t\u00e9 pr\u00e9sent\u00e9s cette ann\u00e9e. Nous pouvons ainsi imaginer que des partenariats soient possibles entre les entreprises mauritaniennes et fran\u00e7aises sur ce type de projet.<br \/>\nEnfin, il y a le secteur agricole et de l\u2019\u00e9levage identifi\u00e9 comme prioritaire par le gouvernement mauritanien, afin d\u2019am\u00e9liorer l\u2019autosuffisance alimentaire. Plusieurs entrepreneurs priv\u00e9s fran\u00e7ais s\u2019int\u00e9ressent \u00e0 ce secteur o\u00f9 ils pr\u00e9sentent des savoir-faire reconnus.<\/p>\n<p><strong>LDM:<\/strong> Quels sont les domaines prioritaires de coop\u00e9ration au d\u00e9veloppement de la France en Mauritanie? <\/p>\n<p><strong>SEM Alexandre Garcia:<\/strong> A ce sujet, il est utile de rappeler que la France est le 4e bailleur mondial en mati\u00e8re de partenariat solidaire et met en \u0153uvre une politique d\u2019investissement solidaire cibl\u00e9e, en particulier en direction des secteurs de la sant\u00e9, de l\u2019adaptation au changement climatique et de l\u2019\u00e9ducation. L\u2019investissement solidaire de la France en Afrique a consid\u00e9rablement augment\u00e9, dans un contexte global de r\u00e9duction de l\u2019engagement des autres bailleurs. La France confirme ainsi sa volont\u00e9 de b\u00e2tir des partenariats avec les pays africains et d\u2019agir en soutien du d\u00e9veloppement d\u2019un continent en forte croissance. Dans ce cadre, la Mauritanie peut compter sur la France pour l\u2019accompagner sur la voie du d\u00e9veloppement. Ce partenariat se r\u00e9alise au quotidien \u00e0 travers les actions de l\u2019Agence fran\u00e7aise de d\u00e9veloppement de Nouakchott et du service de coop\u00e9ration et d\u2019action culturelle de l\u2019ambassade.<br \/>\nEn effet, l\u2019Agence fran\u00e7aise de d\u00e9veloppement d\u00e9tient un portefeuille de 22 projets repr\u00e9sentant 194 millions d\u2019euros d\u2019engagements en dons. En mars 2023, le Directeur G\u00e9n\u00e9ral de l\u2019AFD en visite en Mauritanie a annonc\u00e9 la reprise d\u2019une offre en pr\u00eat souverain, \u00e0 la suite de la mise en place d\u2019un nouveau programme FMI et l\u2019am\u00e9lioration par la Mauritanie de son cadre de viabilit\u00e9 de la dette. Cette perspective a permis d\u2019annoncer le doublement en 2023 des engagements annuels de l\u2019AFD en Mauritanie. Les principaux secteurs d\u2019activit\u00e9 de l\u2019AFD, qui agit aux c\u00f4t\u00e9s de l\u2019Etat mauritanien, sont les secteurs de l\u2019eau et de l\u2019assainissement, de l\u2019agriculture, du d\u00e9veloppement rural et territorial, de l\u2019\u00e9nergie, de l\u2019\u00e9ducation et de la formation, de la sant\u00e9 et de la protection sociale. Notre objectif est de concourir \u00e0 la r\u00e9duction des in\u00e9galit\u00e9s, \u00e0 la lutte contre la pauvret\u00e9 et au bien-\u00eatre des populations les plus vuln\u00e9rables, donc en parfaite ad\u00e9quation avec la politique de croissance mise en \u0153uvre par les autorit\u00e9s mauritaniennes \u00e0 travers la Strat\u00e9gie de croissance acc\u00e9l\u00e9r\u00e9e et de prosp\u00e9rit\u00e9 partag\u00e9e (SCAPP).<br \/>\nL\u2019ann\u00e9e \u00e9coul\u00e9e a \u00e9galement \u00e9t\u00e9 marqu\u00e9e par un engagement renouvel\u00e9 avec les partenaires de l\u2019Alliance Sahel, lors de l\u2019anniversaire de la table ronde de N\u00e9ma, \u00e0 travers l\u2019Approche Territoriale Int\u00e9gr\u00e9e dans le Hodh Ech Chargui, zone de pr\u00e9vention des conflits d\u00e9finie par le G5 Sahel qui a abouti \u00e0 la mobilisation, sous banni\u00e8re Alliance Sahel, de plus de 100M\u20ac pour le financement de la strat\u00e9gie quinquennale de cette r\u00e9gion. L\u2019Alliance Sahel, comme vous le savez, vient d\u2019ailleurs de tenir son Assembl\u00e9e g\u00e9n\u00e9rale annuelle ici m\u00eame \u00e0 Nouakchott en d\u00e9but de semaine, avec la participation tr\u00e8s appr\u00e9ci\u00e9e du Pr\u00e9sident Ghazouani.<br \/>\nPar ailleurs, via le service de coop\u00e9ration et d\u2019action culturelle, l\u2019ambassade s\u2019est attach\u00e9e \u00e0 r\u00e9pondre aux besoins de s\u00e9curit\u00e9 alimentaire de la Mauritanie. Son appui financier a \u00e9t\u00e9 doubl\u00e9 en 2022 par rapport \u00e0 2021 et a permis d\u2019accompagner, en partenariat \u00e9troit avec les acteurs locaux, la riposte coordonn\u00e9e mise en \u0153uvre en Mauritanie.<br \/>\nL\u2019ambassade poursuit \u00e9galement son partenariat avec les autorit\u00e9s mauritaniennes en mati\u00e8re d\u2019\u00e9ducation et d\u2019enseignement sup\u00e9rieur avec notamment le d\u00e9ploiement d\u2019une plateforme d\u2019accompagnement \u00e0 l\u2019apprentissage du fran\u00e7ais langue \u00e9trang\u00e8re (FORMADIS FLE), que j\u2019ai eu l\u2019honneur de lancer avec le Ministre de l\u2019enseignement sup\u00e9rieur et de la recherche scientifique en avril dernier. Dans ce m\u00eame domaine, nous avons mis en place avec l\u2019Agence nationale de la recherche scientifique et de l\u2019innovation (ANRSI) une mobilit\u00e9 \u00e9tudiante d\u2019excellence que nous accompagnons par un programme de bourses conjointes.<br \/>\nNous poursuivons \u00e9galement notre appui \u00e0 la soci\u00e9t\u00e9 civile mauritanienne en partenariat avec le Commissariat aux droits de l\u2019homme, \u00e0 l\u2019action humanitaire et aux relations avec la Soci\u00e9t\u00e9 civile \u00e0 travers un nouveau projet conduit par un consortium d\u2019ONG fran\u00e7aises et un nouvel accord-cadre entre l\u2019op\u00e9rateur France Volontaires et les autorit\u00e9s mauritaniennes.<br \/>\nDans le domaine des m\u00e9dias et de la communication, nous venons de lancer un programme visant \u00e0 la formation des journalistes et \u00e0 la cr\u00e9ation de nouveaux m\u00e9dias innovants, en collaboration \u00e9troite avec la Haute autorit\u00e9 pour la presse et l\u2019audiovisuel (HAPA), laquelle a r\u00e9cemment sign\u00e9 avec son homologue fran\u00e7aise, l\u2019autorit\u00e9 de r\u00e9gulation de la communication audiovisuelle et du num\u00e9rique (ARCOM) un accord de partenariat.<br \/>\nEnfin, conform\u00e9ment aux priorit\u00e9s d\u00e9finies par le pr\u00e9sident Ghazouani, la France va accompagner la Mauritanie pour une meilleure prise en compte de la jeunesse mauritanienne \u00e0 travers un projet ambitieux en cours de d\u00e9finition dans le domaine du sport gr\u00e2ce \u00e0 une relation \u00e9troite nou\u00e9e avec le Comit\u00e9 national olympique et sportif mauritanien.<\/p>\n<p><strong>LDM:<\/strong> Excellence, la France ne m\u00e9nage apparemment pas ses moyens pour venir en aide \u00e0 nos pays. Comment alors expliqueriez-vous le sentiment anti-fran\u00e7ais dans la sous-r\u00e9gion ? <\/p>\n<p><strong>SEM Alexandre Garcia:<\/strong> Tout d\u2019abord, il ne faut pas confondre le narratif anti-fran\u00e7ais, manipul\u00e9 par des hommes et des puissances sans scrupule, et le sentiment qui peut \u00eatre exprim\u00e9 par une partie de la population \u00e0 l\u2019\u00e9gard de la politique fran\u00e7aise en Afrique. Ce sentiment, nous tenons \u00e0 l\u2019\u00e9couter. La France ne nie pas la col\u00e8re que l\u2019on observe chez une partie de la jeunesse africaine. C\u2019est sur la base de ce constat que le pr\u00e9sident de la R\u00e9publique, Emmanuel Macron, a souhait\u00e9 b\u00e2tir un nouveau partenariat depuis 2017. Nous avons conscience qu\u2019une partie de cette col\u00e8re est due \u00e0 la frustration ressentie par les populations vis-\u00e0-vis de certaines difficult\u00e9s auxquelles leurs soci\u00e9t\u00e9s font face, d\u2019ordre socio-\u00e9conomique ou s\u00e9curitaire avec la violence terroriste qui se propage dans la sous-r\u00e9gion et vers le golfe de Guin\u00e9e. Mais on ne peut pas reprocher \u00e0 la France de ne pas r\u00e9gler ces probl\u00e8mes qui rel\u00e8vent de la responsabilit\u00e9 des Etats africains, et lui reprocher en m\u00eame temps de ne pas respecter la souverainet\u00e9 de ces m\u00eames Etats. On entend trop ce double reproche contradictoire. La France n\u2019est pas toute puissante en Afrique. Elle ne se substitue pas aux Etats et ne souhaite pas le faire. Elle a pu faire cette erreur par le pass\u00e9 mais ce pass\u00e9 est r\u00e9volu.<\/p>\n<p>Le souci de la France est aujourd\u2019hui de b\u00e2tir un partenariat d\u2019\u00e9gal \u00e0 \u00e9gal avec les pays du continent africain, bas\u00e9 sur les besoins exprim\u00e9s par nos partenaires, autant que sur ceux que nous pouvons nous-m\u00eames exprimer. Cela a \u00e9t\u00e9 affirm\u00e9 \u00e0 plusieurs reprises par le Pr\u00e9sident de la R\u00e9publique fran\u00e7aise, dans son discours de Ouagadougou en 2017, lors du Nouveau Sommet Afrique-France en 2021, et plus r\u00e9cemment lors d\u2019une conf\u00e9rence de presse sur le partenariat Afrique-France en f\u00e9vrier 2023. Pour cela, la France agit avec les \u00c9tats et dialogue avec la jeunesse et les soci\u00e9t\u00e9s civiles :<\/p>\n<p><strong>&#8211; <\/strong>avec les \u00c9tats :<\/p>\n<p>Nous confirmons notre engagement \u00e0 soutenir la paix, la s\u00e9curit\u00e9, la bonne gouvernance et le d\u00e9veloppement. Nous renfor\u00e7ons nos coop\u00e9rations avec les organisations r\u00e9gionales africaines (Union africaine, CEDEAO). En mati\u00e8re de s\u00e9curit\u00e9, la France est le pays qui s\u2019est le plus engag\u00e9 pour des \u00c9tats africains, dans un cadre clair : \u00e0 la demande d\u2019un \u00c9tat souverain et pour lutter contre le terrorisme. Tous nos accords de d\u00e9fense ont \u00e9t\u00e9 revus en ce sens. La France reste engag\u00e9e au Sahel, dans le golfe de Guin\u00e9e et dans la r\u00e9gion du lac Tchad avec tous les partenaires attach\u00e9s \u00e0 la stabilit\u00e9 et \u00e0 la lutte contre le terrorisme. Nous continuons \u00e9galement de soutenir les efforts politiques, civils et militaires de la CEDEAO et de nos partenaires de la r\u00e9gion qui en font la demande.<\/p>\n<p><strong>&#8211; <\/strong>avec la jeunesse et la soci\u00e9t\u00e9 civile :<\/p>\n<p>Ce nouveau partenariat repose sur un dialogue avec la jeunesse et la soci\u00e9t\u00e9 civile, avec lesquelles nous nous effor\u00e7ons de travailler main dans la main. Il doit permettre d&#8217;agir sans injonction ni ing\u00e9rence, en soutien des acteurs qui pensent et agissent pour que la d\u00e9mocratie soit un mod\u00e8le attractif en Afrique.  <\/p>\n<p><strong>LDM:<\/strong> La situation g\u00e9n\u00e9rale au Sahel est de plus en plus pr\u00e9occupante avec l\u2019instabilit\u00e9 d\u00e9mocratique observ\u00e9e dans certains pays, la pr\u00e9sence de la milice Wagner et le retrait du Mali de l\u2019organisation du G5 Sahel. Que fait la France pour appuyer ses partenaires sah\u00e9liens face \u00e0 ces menaces croissantes?<\/p>\n<p><strong>SEM Alexandre Garcia:<\/strong> La France d\u00e9plore la poursuite de la d\u00e9gradation de la situation s\u00e9curitaire et humanitaire au Sahel, qui d\u00e9montre l\u2019\u00e9chec du recours \u00e0 Wagner pour lutter contre le terrorisme. Dans ce contexte, la s\u00e9curit\u00e9 de nos ressortissants et de nos entreprises reste notre priorit\u00e9.<br \/>\nAu Niger, par exemple, la France coop\u00e8re de longue date avec les autorit\u00e9s, selon leurs besoins, leur rythme et leurs modalit\u00e9s, afin de r\u00e9pondre aux aspirations l\u00e9gitimes du peuple nig\u00e9rien en mati\u00e8re de stabilisation, de d\u00e9veloppement socio-\u00e9conomique et de s\u00e9curit\u00e9. De son c\u00f4t\u00e9, le gouvernement nig\u00e9rien a port\u00e9 le d\u00e9bat des partenariats militaires devant l\u2019Assembl\u00e9e nationale qui a confirm\u00e9 la possibilit\u00e9 de \u00ab nouer des alliances les plus larges possibles pour lutter contre le terrorisme, accueillir sur le territoire nig\u00e9rien les forces europ\u00e9ennes et les faire participer aux op\u00e9rations conjointes \u00bb. Nous entretenons depuis un dialogue \u00e9troit avec les autorit\u00e9s nig\u00e9riennes sur les modalit\u00e9s de la poursuite et du renforcement en cours de notre partenariat s\u00e9curitaire. La France travaille aussi avec les autorit\u00e9s nig\u00e9riennes dans le cadre europ\u00e9en avec le lancement, au printemps dernier, d\u2019une mission de formation des forces arm\u00e9es nig\u00e9riennes accompagn\u00e9e d\u2019un appui financier pour fournir de l\u2019\u00e9quipement et des infrastructures pour appuyer les efforts du Niger dans la lutte contre les groupes terroristes. Le Niger est en effet un acteur cl\u00e9 dans la lutte contre le terrorisme au Sahel.<br \/>\nDans le cas de la Mauritanie, la France coop\u00e8re \u00e9galement de longue date avec la Mauritanie, sans troupes positionn\u00e9es sur le territoire mauritanien, mais avec une coop\u00e9ration technique de grande qualit\u00e9 avec les forces arm\u00e9es mauritaniennes. Parmi les actions les plus remarquables, je rel\u00e8ve en particulier l\u2019appui \u00e0 la composante forces sp\u00e9ciales qui a permis l\u2019atteinte, gr\u00e2ce \u00e0 une intense collaboration, des objectifs d\u2019op\u00e9rationnalisation de l\u2019\u00e9tat-major. Dans la m\u00eame dynamique, lors d\u2019une commission mixte de coop\u00e9ration qui s\u2019est tenue le mois dernier \u00e0 Paris, les militaires des deux pays se sont fix\u00e9 des objectifs capacitaires et op\u00e9rationnels ambitieux mais r\u00e9alistes qui permettront de faire face solidairement aux d\u00e9fis s\u00e9curitaires. Ces objectifs s\u2019inscrivent r\u00e9solument en compl\u00e9mentarit\u00e9 d\u2019autres initiatives, en particulier celles de l\u2019OTAN que la France entend appuyer dans la dur\u00e9e.<\/p>\n<p><strong>LDM :<\/strong> Quelle est, en l\u2019\u00e9tat actuel des choses, la position de la France vis-\u00e0-vis du G5 Sahel dont la pr\u00e9sidence tournante a \u00e9t\u00e9 reprise en f\u00e9vrier par le pr\u00e9sident Ghazouani?<\/p>\n<p><strong>SEM Alexandre Garcia:<\/strong> La France salue la volont\u00e9 de redynamisation du G5 Sahel par la pr\u00e9sidence mauritanienne. La r\u00e9ponse aux d\u00e9fis sah\u00e9liens doit \u00eatre collective et, en ce sens, le G5 Sahel conserve toute sa pertinence. M\u00eame si les circonstances actuelles, en particulier le d\u00e9part du Mali, r\u00e9duisent ses capacit\u00e9s d\u2019action, la mise \u00e0 jour de la Strat\u00e9gie pour le D\u00e9veloppement et la S\u00e9curit\u00e9 (SDS) ainsi que du Programme d\u2019investissements prioritaires (PIP) et du Plan de d\u00e9veloppement d\u2019urgence (PDU) t\u00e9moigne d\u2019un renouveau strat\u00e9gique du G5 Sahel dont nous soutiendrons collectivement les concr\u00e9tisations sur le terrain. La nouvelle feuille de route du G5 Sahel t\u00e9moigne d\u2019une volont\u00e9 des quatre pays restants de s\u2019approprier le dispositif et de l\u2019adapter au nouveau contexte. La France esp\u00e8re que le rapport du panel de haut niveau sur la s\u00e9curit\u00e9 et le d\u00e9veloppement au Sahel dirig\u00e9 par le pr\u00e9sident Issoufou apportera une nouvelle impulsion \u00e0 ces efforts de coordination r\u00e9gionale. Le Sahel reste haut dans l\u2019agenda de politique internationale de la France. Un Etat comme la Mauritanie est un exemple pour les autres Etats de la r\u00e9gion.<\/p>\n<p>Propos recueillis \u00e0 Nouakchott par<br \/>\nJedna DEIDA<\/p>\n","protected":false},"excerpt":{"rendered":"<p>SEM. Alexandre Garcia, ambassadeur de France en Mauritanie, passe en revue, dans un entretien exclusif avec \u00ab La D\u00e9p\u00eache de Mauritanie \u00bb, l\u2019\u00e9tat de la coop\u00e9ration entre notre pays et la France. Il y aborde, \u00e9galement, le renouveau strat\u00e9gique du G5 Sahel. La D\u00e9p\u00eache de Mauritanie: Excellence, quelle est votre appr\u00e9ciation des relations bilat\u00e9rales entre &hellip;<\/p>\n","protected":false},"author":2,"featured_media":6438,"comment_status":"open","ping_status":"open","sticky":false,"template":"","format":"standard","meta":{"footnotes":""},"categories":[18,29],"tags":[],"class_list":["post-6437","post","type-post","status-publish","format-standard","has-post-thumbnail","hentry","category-actualites","category-monde"],"_links":{"self":[{"href":"https:\/\/ladepeche.mr\/index.php?rest_route=\/wp\/v2\/posts\/6437","targetHints":{"allow":["GET"]}}],"collection":[{"href":"https:\/\/ladepeche.mr\/index.php?rest_route=\/wp\/v2\/posts"}],"about":[{"href":"https:\/\/ladepeche.mr\/index.php?rest_route=\/wp\/v2\/types\/post"}],"author":[{"embeddable":true,"href":"https:\/\/ladepeche.mr\/index.php?rest_route=\/wp\/v2\/users\/2"}],"replies":[{"embeddable":true,"href":"https:\/\/ladepeche.mr\/index.php?rest_route=%2Fwp%2Fv2%2Fcomments&post=6437"}],"version-history":[{"count":6,"href":"https:\/\/ladepeche.mr\/index.php?rest_route=\/wp\/v2\/posts\/6437\/revisions"}],"predecessor-version":[{"id":6444,"href":"https:\/\/ladepeche.mr\/index.php?rest_route=\/wp\/v2\/posts\/6437\/revisions\/6444"}],"wp:featuredmedia":[{"embeddable":true,"href":"https:\/\/ladepeche.mr\/index.php?rest_route=\/wp\/v2\/media\/6438"}],"wp:attachment":[{"href":"https:\/\/ladepeche.mr\/index.php?rest_route=%2Fwp%2Fv2%2Fmedia&parent=6437"}],"wp:term":[{"taxonomy":"category","embeddable":true,"href":"https:\/\/ladepeche.mr\/index.php?rest_route=%2Fwp%2Fv2%2Fcategories&post=6437"},{"taxonomy":"post_tag","embeddable":true,"href":"https:\/\/ladepeche.mr\/index.php?rest_route=%2Fwp%2Fv2%2Ftags&post=6437"}],"curies":[{"name":"wp","href":"https:\/\/api.w.org\/{rel}","templated":true}]}}