{"id":6457,"date":"2023-07-15T20:17:13","date_gmt":"2023-07-15T20:17:13","guid":{"rendered":"https:\/\/ladepeche.mr\/?p=6457"},"modified":"2023-07-15T20:20:13","modified_gmt":"2023-07-15T20:20:13","slug":"6457","status":"publish","type":"post","link":"https:\/\/ladepeche.mr\/?p=6457","title":{"rendered":"\u00c9conomie: Rencontre au sommet entre la BCM et la BM pour impulser davantage leur coop\u00e9ration"},"content":{"rendered":"<p>Dr Mohamed-Lemine DHEHBY, Gouverneur de la BCM a rencontr\u00e9, jeudi 13 juillet 2023, \u00e0 Washington , Jorge FAMILAIR, vice-pr\u00e9sident de  la Banque Mondiale en charge de la Tr\u00e9sorerie au sein de cette institution, indique un communiqu\u00e9 de la BCM.<br \/>\nLe Gouverneur de la BCM a examin\u00e9 avec le vice-pr\u00e9sident de la BM, \u00e0 l\u2019occasion de cette rencontre, les voies et moyens d\u2019impulser davantage la coop\u00e9ration entre leurs  deux institutions.<br \/>\nLes \u00e9changes entre les hauts responsables des deux institutions ont particuli\u00e8rement port\u00e9 sur la coop\u00e9ration en mati\u00e8re d\u2019assistance technique dans le domaine de gestion des r\u00e9serves de change, r\u00e9v\u00e8le-t-on de source proche de la rencontre.<\/p>\n","protected":false},"excerpt":{"rendered":"<p>Dr Mohamed-Lemine DHEHBY, Gouverneur de la BCM a rencontr\u00e9, jeudi 13 juillet 2023, \u00e0 Washington , Jorge FAMILAIR, vice-pr\u00e9sident de la Banque Mondiale en charge de la Tr\u00e9sorerie au sein de cette institution, indique un communiqu\u00e9 de la BCM. Le Gouverneur de la BCM a examin\u00e9 avec le vice-pr\u00e9sident de la BM, \u00e0 l\u2019occasion de &hellip;<\/p>\n","protected":false},"author":2,"featured_media":6458,"comment_status":"open","ping_status":"open","sticky":false,"template":"","format":"standard","meta":{"footnotes":""},"categories":[18,2],"tags":[],"class_list":["post-6457","post","type-post","status-publish","format-standard","has-post-thumbnail","hentry","category-actualites","category-economie"],"_links":{"self":[{"href":"https:\/\/ladepeche.mr\/index.php?rest_route=\/wp\/v2\/posts\/6457","targetHints":{"allow":["GET"]}}],"collection":[{"href":"https:\/\/ladepeche.mr\/index.php?rest_route=\/wp\/v2\/posts"}],"about":[{"href":"https:\/\/ladepeche.mr\/index.php?rest_route=\/wp\/v2\/types\/post"}],"author":[{"embeddable":true,"href":"https:\/\/ladepeche.mr\/index.php?rest_route=\/wp\/v2\/users\/2"}],"replies":[{"embeddable":true,"href":"https:\/\/ladepeche.mr\/index.php?rest_route=%2Fwp%2Fv2%2Fcomments&post=6457"}],"version-history":[{"count":4,"href":"https:\/\/ladepeche.mr\/index.php?rest_route=\/wp\/v2\/posts\/6457\/revisions"}],"predecessor-version":[{"id":6462,"href":"https:\/\/ladepeche.mr\/index.php?rest_route=\/wp\/v2\/posts\/6457\/revisions\/6462"}],"wp:featuredmedia":[{"embeddable":true,"href":"https:\/\/ladepeche.mr\/index.php?rest_route=\/wp\/v2\/media\/6458"}],"wp:attachment":[{"href":"https:\/\/ladepeche.mr\/index.php?rest_route=%2Fwp%2Fv2%2Fmedia&parent=6457"}],"wp:term":[{"taxonomy":"category","embeddable":true,"href":"https:\/\/ladepeche.mr\/index.php?rest_route=%2Fwp%2Fv2%2Fcategories&post=6457"},{"taxonomy":"post_tag","embeddable":true,"href":"https:\/\/ladepeche.mr\/index.php?rest_route=%2Fwp%2Fv2%2Ftags&post=6457"}],"curies":[{"name":"wp","href":"https:\/\/api.w.org\/{rel}","templated":true}]}}