{"id":6469,"date":"2023-07-17T10:13:12","date_gmt":"2023-07-17T10:13:12","guid":{"rendered":"https:\/\/ladepeche.mr\/?p=6469"},"modified":"2023-07-17T10:15:42","modified_gmt":"2023-07-17T10:15:42","slug":"mauritanie-la-justice-en-question","status":"publish","type":"post","link":"https:\/\/ladepeche.mr\/?p=6469","title":{"rendered":"Mauritanie : La Justice en question"},"content":{"rendered":"<p>Le pr\u00e9sident de la R\u00e9publique, Pr\u00e9sident du Conseil Sup\u00e9rieur de la Magistrature, vient de recevoir le dernier rapport sur les \u00e9tats g\u00e9n\u00e9raux de la Justice dans notre pays. Une question lancinante qui \u00e9branle depuis des lustres tout notre syst\u00e8me judiciaire. En effet, l\u2019\u00e9tat de la Justice n\u2019a jamais fait l\u2019unanimit\u00e9 dans le pays. Il est m\u00eame souvent s\u00e9v\u00e8rement critiqu\u00e9 et point\u00e9 du doigt pour toutes ses manifestations d\u00e9sobligeantes pour un l\u2019Etat de droit. Les usagers sont all\u00e9s m\u00eame jusqu\u2019\u00e0 d\u00e9noncer un luxe pour une Justice \u00e0 deux vitesses : celle des nantis et celle des pauvres. Tout manquait \u00e0 ce secteur sauf l\u2019arbitraire et l\u2019inf\u00e9odation aux r\u00e9gimes. C\u2019est donc fort de ce constat que le nouveau pouvoir a voulu mettre un pied dans la ruche en pr\u00e9conisant en septembre 2022 l\u2019organisation des \u00abEtats G\u00e9n\u00e9raux de la Justice \u00bb.  Un Comit\u00e9 de Pilotage, pr\u00e9sid\u00e9 par le ministre de la Justice a \u00e9t\u00e9 \u00e9galement install\u00e9 pour encadrer les d\u00e9bats sur les r\u00e9formes idoines. A l\u2019ouverture des ateliers, le ministre avait confirm\u00e9 qu\u2019il n\u2019y avait aucun tabou, \u00e9tant donn\u00e9 que l\u2019objectif est d\u2019assainir un secteur ankylos\u00e9  de longue date par des pratiques non orthodoxes.<br \/>\nA l\u2019issue de ces r\u00e9unions, un rapport a \u00e9t\u00e9 \u00e9tabli et il s\u2019est fix\u00e9 de :<br \/>\n\u2013 Faire \u00e9voluer le statut des professionnels de la justice et am\u00e9liorer leurs conditions,<br \/>\n-Faciliter l\u2019acc\u00e8s \u00e0 la justice ;<br \/>\n\u2013 Am\u00e9liorer la qualit\u00e9 et l\u2019efficacit\u00e9 de la justice ;<br \/>\n\u2013 R\u00e9former le syst\u00e8me de la justice p\u00e9nale et le syst\u00e8me p\u00e9nitentiaire<br \/>\n\u2013 Acc\u00e9l\u00e9rer la num\u00e9risation de la justice, r\u00e9habiliter les b\u00e2timents existants et construire de nouveaux palais de justice.<br \/>\nOn ne dispose pas encore du contenu de ce rapport pour savoir comment la Justice et sa pratique vont \u00eatre am\u00e9lior\u00e9es dans le pays. Quelles sont les mesures phares et urgentes ainsi que les garanties que l\u2019Etat devrait initier pour concr\u00e9tiser les propositions de r\u00e9formes. Les r\u00e9dacteurs du rapport gagneraient \u00e0 mieux l\u2019expliciter aux usagers bien plus nombreux qu\u2019un cercle de responsables et praticiens avertis des incommodit\u00e9s actuelles.  <\/p>\n","protected":false},"excerpt":{"rendered":"<p>Le pr\u00e9sident de la R\u00e9publique, Pr\u00e9sident du Conseil Sup\u00e9rieur de la Magistrature, vient de recevoir le dernier rapport sur les \u00e9tats g\u00e9n\u00e9raux de la Justice dans notre pays. Une question lancinante qui \u00e9branle depuis des lustres tout notre syst\u00e8me judiciaire. En effet, l\u2019\u00e9tat de la Justice n\u2019a jamais fait l\u2019unanimit\u00e9 dans le pays. Il est &hellip;<\/p>\n","protected":false},"author":2,"featured_media":6470,"comment_status":"open","ping_status":"open","sticky":false,"template":"","format":"standard","meta":{"footnotes":""},"categories":[18],"tags":[],"class_list":["post-6469","post","type-post","status-publish","format-standard","has-post-thumbnail","hentry","category-actualites"],"_links":{"self":[{"href":"https:\/\/ladepeche.mr\/index.php?rest_route=\/wp\/v2\/posts\/6469","targetHints":{"allow":["GET"]}}],"collection":[{"href":"https:\/\/ladepeche.mr\/index.php?rest_route=\/wp\/v2\/posts"}],"about":[{"href":"https:\/\/ladepeche.mr\/index.php?rest_route=\/wp\/v2\/types\/post"}],"author":[{"embeddable":true,"href":"https:\/\/ladepeche.mr\/index.php?rest_route=\/wp\/v2\/users\/2"}],"replies":[{"embeddable":true,"href":"https:\/\/ladepeche.mr\/index.php?rest_route=%2Fwp%2Fv2%2Fcomments&post=6469"}],"version-history":[{"count":4,"href":"https:\/\/ladepeche.mr\/index.php?rest_route=\/wp\/v2\/posts\/6469\/revisions"}],"predecessor-version":[{"id":6474,"href":"https:\/\/ladepeche.mr\/index.php?rest_route=\/wp\/v2\/posts\/6469\/revisions\/6474"}],"wp:featuredmedia":[{"embeddable":true,"href":"https:\/\/ladepeche.mr\/index.php?rest_route=\/wp\/v2\/media\/6470"}],"wp:attachment":[{"href":"https:\/\/ladepeche.mr\/index.php?rest_route=%2Fwp%2Fv2%2Fmedia&parent=6469"}],"wp:term":[{"taxonomy":"category","embeddable":true,"href":"https:\/\/ladepeche.mr\/index.php?rest_route=%2Fwp%2Fv2%2Fcategories&post=6469"},{"taxonomy":"post_tag","embeddable":true,"href":"https:\/\/ladepeche.mr\/index.php?rest_route=%2Fwp%2Fv2%2Ftags&post=6469"}],"curies":[{"name":"wp","href":"https:\/\/api.w.org\/{rel}","templated":true}]}}