{"id":6481,"date":"2023-07-18T13:58:16","date_gmt":"2023-07-18T13:58:16","guid":{"rendered":"https:\/\/ladepeche.mr\/?p=6481"},"modified":"2023-07-18T13:58:16","modified_gmt":"2023-07-18T13:58:16","slug":"letat-disrael-reconnait-la-souverainete-du-maroc-sur-son-territoire-du-sahara-une-grande-victoire-diplomatique-pour-le-royaume","status":"publish","type":"post","link":"https:\/\/ladepeche.mr\/?p=6481","title":{"rendered":"L\u2019Etat d\u2019Isra\u00ebl &#8220;reconna\u00eet la souverainet\u00e9 du Maroc sur son territoire du Sahara &#8221; : Une grande victoire diplomatique pour le Royaume"},"content":{"rendered":"<p>Isra\u00ebl a d\u00e9cid\u00e9 hier de reconnaitre la souverainet\u00e9 du Maroc sur son territoire du Sahara Occidental, selon un communiqu\u00e9 du Cabinet Royal, citant une lettre du premier ministre isra\u00e9lien, Son Excellence Benyamin Netanyahou.<br \/>\nBenyamin Netanyahu a port\u00e9 \u00e0 la tr\u00e8s haute attention de Sa Majest\u00e9 le Roi Mohammed VI la d\u00e9cision de l\u2019Etat d\u2019Isra\u00ebl de reconnaitre la souverainet\u00e9 du Maroc sur son territoire du Sahara Occidental, selon le communiqu\u00e9 du Cabinet Royal.<br \/>\nDans sa lettre au Monarque marocain, le Premier Ministre isra\u00e9lien pr\u00e9cise que la d\u00e9cision de son pays sera &#8220;refl\u00e9t\u00e9e dans tous les actes et les documents pertinents du Gouvernement isra\u00e9lien&#8221; et qu\u2019elle sera &#8220;transmise aux Nations Unies, aux organisations r\u00e9gionales et internationales dont Isra\u00ebl est membre, ainsi qu\u2019\u00e0 tous les pays avec lesquels Isra\u00ebl entretient des relations diplomatiques&#8221;.<br \/>\nCette position conforte \u00e9galement la dynamique tr\u00e8s favorable cr\u00e9\u00e9e gr\u00e2ce \u00e0 la l\u2019impulsion Royale, notamment apr\u00e8s la reconnaissance am\u00e9ricaine, le soutien \u00e0 l\u2019autonomie par plus d\u2019une quinzaine de pays europ\u00e9ens, dont l\u2019Allemagne, l\u2019Espagne, les Pays-Bas, la Suisse, l\u2019Autriche en plus de l\u2019ouverture de 28 Consulats par des pays africains, arabes ou encore latino-am\u00e9ricains dans les provinces marocaines du Sud.<br \/>\nPar ailleurs, et selon le communiqu\u00e9 Royal, dans le cadre de la concr\u00e9tisation de cette d\u00e9cision d\u2019Etat, le &#8220;Premier Ministre isra\u00e9lien a pr\u00e9cis\u00e9 qu\u2019Isra\u00ebl examine positivement &#8220;l\u2019ouverture d\u2019un Consulat dans la ville de Dakhla&#8221;, une autre d\u00e9cision qui favorisera et encouragera les investisseurs isra\u00e9liens et internationaux \u00e0 s\u2019installer dans les provinces sahariennes du Maroc.<br \/>\nBien que les Accords d\u2019Abraham aient chang\u00e9 la donne et beaucoup de choses \u00e9voluent \u00e0 grande vitesse, le Roi du Maroc, en sa qualit\u00e9 de Pr\u00e9sident du Comit\u00e9 Al Qods de l\u2019Organisation de la Coop\u00e9ration Islamique, avait \u2018\u2019\u00e9rig\u00e9 la question, palestinienne au rang de sa premi\u00e8re cause nationale et une constante de sa politique \u00e9trang\u00e8re\u2019\u2019.<br \/>\n(m\u00e9dias)<\/p>\n","protected":false},"excerpt":{"rendered":"<p>Isra\u00ebl a d\u00e9cid\u00e9 hier de reconnaitre la souverainet\u00e9 du Maroc sur son territoire du Sahara Occidental, selon un communiqu\u00e9 du Cabinet Royal, citant une lettre du premier ministre isra\u00e9lien, Son Excellence Benyamin Netanyahou. Benyamin Netanyahu a port\u00e9 \u00e0 la tr\u00e8s haute attention de Sa Majest\u00e9 le Roi Mohammed VI la d\u00e9cision de l\u2019Etat d\u2019Isra\u00ebl de &hellip;<\/p>\n","protected":false},"author":2,"featured_media":6483,"comment_status":"open","ping_status":"open","sticky":false,"template":"","format":"standard","meta":{"footnotes":""},"categories":[18,29],"tags":[],"class_list":["post-6481","post","type-post","status-publish","format-standard","has-post-thumbnail","hentry","category-actualites","category-monde"],"_links":{"self":[{"href":"https:\/\/ladepeche.mr\/index.php?rest_route=\/wp\/v2\/posts\/6481","targetHints":{"allow":["GET"]}}],"collection":[{"href":"https:\/\/ladepeche.mr\/index.php?rest_route=\/wp\/v2\/posts"}],"about":[{"href":"https:\/\/ladepeche.mr\/index.php?rest_route=\/wp\/v2\/types\/post"}],"author":[{"embeddable":true,"href":"https:\/\/ladepeche.mr\/index.php?rest_route=\/wp\/v2\/users\/2"}],"replies":[{"embeddable":true,"href":"https:\/\/ladepeche.mr\/index.php?rest_route=%2Fwp%2Fv2%2Fcomments&post=6481"}],"version-history":[{"count":1,"href":"https:\/\/ladepeche.mr\/index.php?rest_route=\/wp\/v2\/posts\/6481\/revisions"}],"predecessor-version":[{"id":6484,"href":"https:\/\/ladepeche.mr\/index.php?rest_route=\/wp\/v2\/posts\/6481\/revisions\/6484"}],"wp:featuredmedia":[{"embeddable":true,"href":"https:\/\/ladepeche.mr\/index.php?rest_route=\/wp\/v2\/media\/6483"}],"wp:attachment":[{"href":"https:\/\/ladepeche.mr\/index.php?rest_route=%2Fwp%2Fv2%2Fmedia&parent=6481"}],"wp:term":[{"taxonomy":"category","embeddable":true,"href":"https:\/\/ladepeche.mr\/index.php?rest_route=%2Fwp%2Fv2%2Fcategories&post=6481"},{"taxonomy":"post_tag","embeddable":true,"href":"https:\/\/ladepeche.mr\/index.php?rest_route=%2Fwp%2Fv2%2Ftags&post=6481"}],"curies":[{"name":"wp","href":"https:\/\/api.w.org\/{rel}","templated":true}]}}