{"id":6518,"date":"2023-07-20T21:41:49","date_gmt":"2023-07-20T21:41:49","guid":{"rendered":"https:\/\/ladepeche.mr\/?p=6518"},"modified":"2023-07-20T21:41:49","modified_gmt":"2023-07-20T21:41:49","slug":"le-premier-ministre-devant-le-parlement-le-gouvernement-poursuivra-la-mise-en-oeuvre-de-grands-projets-et-programmes-structurants","status":"publish","type":"post","link":"https:\/\/ladepeche.mr\/?p=6518","title":{"rendered":"Le Premier ministre devant le Parlement: \u00abLe gouvernement poursuivra la mise en \u0153uvre de grands projets et programmes structurants\u00bb"},"content":{"rendered":"<p>le Premier Ministre, M. Mohamed Ould Bilal Messoud, lors de sa pr\u00e9sentation de la d\u00e9claration de politique g\u00e9n\u00e9rale du gouvernement devant l\u2019Assembl\u00e9e nationale, a affirm\u00e9 que la volont\u00e9 de Son Excellence le Pr\u00e9sident de la R\u00e9publique, M. Mohamed Ould Cheikh Al-Ghazouani, coupl\u00e9e aux perspectives offertes par les secteurs productifs et les b\u00e9n\u00e9fices attendus du dividende de l\u2019indice d\u00e9mographie rassurent sur l\u2019atteinte d\u2019une croissance rapide et plus g\u00e9n\u00e9ralement d\u2019un avenir radieux pour le pays.<\/p>\n<p>Au cours de cette s\u00e9ance pl\u00e9ni\u00e8re pr\u00e9sid\u00e9e par M. Mohamed Bamba Meguett, pr\u00e9sident de l\u2019Assembl\u00e9e nationale, en pr\u00e9sence de plusieurs membres du gouvernement, le Premier ministre a indiqu\u00e9 que tous les m\u00e9canismes existants seront renforc\u00e9s et davantage d\u2019efforts seront d\u00e9ploy\u00e9s pour accro\u00eetre la contribution des secteurs productifs \u00e0 l\u2019emploi et accorder une attention particuli\u00e8re \u00e0 la strat\u00e9gie nationale pour l\u2019emploi, activer le Fonds national d\u00e9di\u00e9 \u00e0 cet effet.<\/p>\n<p>De m\u00eame, a-t-il r\u00e9v\u00e9l\u00e9, l\u2019acc\u00e8s aux pr\u00eats pour les petites et moyennes entreprises et les micro-entreprises sera am\u00e9lior\u00e9 par le biais de l\u2019activation rapide du Fonds de garantie.<\/p>\n<p>Il a fait observer que le gouvernement \u0153uvre sans rel\u00e2che \u00e0 traduire dans les faits la vision du Pr\u00e9sident de la R\u00e9publique tout en \u00e9tant conscients des d\u00e9fis majeurs qu\u2019il cherche \u00e0 surmonter, notamment ceux li\u00e9s aux d\u00e9s\u00e9quilibres de gestion, et \u00e0 l\u2019inad\u00e9quation des formations avec les exigences du march\u00e9 du travail, en plus d\u2019un environnement extr\u00eamement d\u00e9favorable et des al\u00e9as d\u00e9pendants de facteurs externes.<\/p>\n<p>Le Premier ministre a indiqu\u00e9 que la mise en \u0153uvre d\u2019une politique durable dans le domaine de la gestion de l\u2019eau est une priorit\u00e9 absolue, soulignant que cette politique sera bas\u00e9e sur une exploitation optimale des eaux de surface et une meilleure pr\u00e9servation des eaux souterraines au profit des g\u00e9n\u00e9rations futures.<\/p>\n<p>A cet \u00e9gard, le gouvernement poursuivra la mise en \u0153uvre de grands projets et programmes structurants pour l\u2019approvisionnement en eau de dizaines de communes \u00e0 travers le pays, a-t-il assur\u00e9.<\/p>\n<p>Voici une traduction de la pr\u00e9sentation de la d\u00e9claration de politique g\u00e9n\u00e9rale du gouvernement faite par le Premier ministre devant le Parlement:<\/p>\n<p>\u00abMonsieur le Pr\u00e9sident de l\u2019Assembl\u00e9e Nationale Messieurs et Mesdames les D\u00e9put\u00e9s,<\/p>\n<p>C\u2019est un grand honneur pour moi de m\u2019adresser aujourd\u2019hui \u00e0 votre auguste Assembl\u00e9e pour vous pr\u00e9senter, conform\u00e9ment \u00e0 l\u2019article 42 (nouveau) de la Constitution, la D\u00e9claration de Politique G\u00e9n\u00e9rale du Gouvernement.<\/p>\n<p>Permettez-moi de saisir cette opportunit\u00e9 pour vous pr\u00e9senter mes f\u00e9licitations pour la confiance que le peuple mauritanien a plac\u00e9e en vous, et solliciter votre collaboration positive avec le Gouvernement dans l\u2019int\u00e9r\u00eat sup\u00e9rieur de notre pays.<\/p>\n<p>Cette D\u00e9claration de Politique G\u00e9n\u00e9rale du Gouvernement vous est expos\u00e9e, aujourd\u2019hui, \u00e0 la suite de la confiance que le Pr\u00e9sident de la R\u00e9publique, Son Excellence Monsieur Mohamed Ould Cheikh El Ghazouani, a bien voulu m\u2019accorder, le 3 juillet courant, pour diriger et coordonner l\u2019action du nouveau Gouvernement.<\/p>\n<p>Elle d\u00e9taille les grandes lignes du programme du Gouvernement pour le reste de ce mandat, \u00e0 la lumi\u00e8re des progr\u00e8s ind\u00e9niables r\u00e9alis\u00e9s dans le pays depuis l\u2019investiture du Pr\u00e9sident de la R\u00e9publique le 1er ao\u00fbt 2019, tant en termes de r\u00e9formes politiques, qu\u2019en termes d\u2019ex\u00e9cution des programmes de d\u00e9veloppement \u00e9conomique et social.<\/p>\n<p>Et, bien entendu, elle s\u2019appuie en premier lieu sur la vision ambitieuse du Pr\u00e9sident de la R\u00e9publique, d\u00e9velopp\u00e9e dans son programme \u00e9lectoral et articul\u00e9e autour de quatre axes qui sont :<\/p>\n<p>\u2013 un \u00e9tat fort, moderne et au service du citoyen ;<\/p>\n<p>\u2013 une \u00e9conomie r\u00e9siliente et engag\u00e9e sur le chemin de l\u2019\u00e9mergence ;<\/p>\n<p>\u2013 un capital humain valoris\u00e9 au service du d\u00e9veloppement ; et<\/p>\n<p>\u2013 une soci\u00e9t\u00e9 fi\u00e8re de sa diversit\u00e9 et r\u00e9concili\u00e9e avec elle-m\u00eame.<\/p>\n<p>Mais elle se r\u00e9f\u00e8re aussi aux orientations de la Strat\u00e9gie de Croissance Acc\u00e9l\u00e9r\u00e9e et de Prosp\u00e9rit\u00e9 Partag\u00e9e (SCAPP), tout comme elle refl\u00e8te les orientations et directives du Pr\u00e9sident de la R\u00e9publique visant \u00e0 hi\u00e9rarchiser les priorit\u00e9s et \u00e0 prendre en compte les d\u00e9fis et menaces survenus durant ces quatre ann\u00e9es.<\/p>\n<p>Monsieur le Pr\u00e9sident, Messieurs et Mesdames les D\u00e9put\u00e9s, L\u2019acc\u00e8s du citoyen aux services publics, avec dignit\u00e9 et \u00e9quit\u00e9, ne peut se faire qu\u2019\u00e0 travers un \u00e9tat fort et moderne qui s\u2019inspire de nos valeurs islamiques, veille \u00e0 l\u2019application des lois et r\u00e8glements avec toute la rigueur requise, respecte les droits humains, assure la s\u00e9curit\u00e9 des populations et de leurs biens, encourage la libert\u00e9 d\u2019association et d\u2019information, et une administration moderne au service du citoyen.<\/p>\n<p>Dans cette perspective, le Gouvernement pers\u00e9v\u00e9rera dans ses efforts visant \u00e0 mettre en place les conditions n\u00e9cessaires pour renforcer l\u2019ind\u00e9pendance de la justice, l\u2019acc\u00e8s des plus d\u00e9munis au service judiciaire, la professionnalisation et la sp\u00e9cialisation des magistrats, la r\u00e9forme du syst\u00e8me carc\u00e9ral et p\u00e9nal, la protection des droits de l\u2019homme et la lutte contre les formes contemporaines d\u2019esclavage et de traite des personnes.<\/p>\n<p>En mati\u00e8re de promotion et de protection des droits humains, l\u2019action men\u00e9e depuis quatre ans a donn\u00e9 des r\u00e9sultats reconnus au niveau national et international. Cela s\u2019est traduit par le reclassement positif de la Mauritanie dans tous les rapports de r\u00e9f\u00e9rence en la mati\u00e8re, en particulier celui de la lutte contre la traite des personnes et celui du commissariat des nations unies pour les droits humains.<\/p>\n<p>Par ailleurs, le Plan \u00abINSAF\u00bb du Pr\u00e9sident de la R\u00e9publique sur l\u2019\u00e9quit\u00e9, la citoyennet\u00e9 et la coh\u00e9sion sociale, lanc\u00e9 en 2022, sur la base du discours du Pr\u00e9sident de la R\u00e9publique \u00e0 Ouadane, a \u00e9t\u00e9 actualis\u00e9 r\u00e9cemment suite \u00e0 l\u2019appel de Dj\u00e9ol. Ce Plan permettra de mettre en \u0153uvre des actions concr\u00e8tes visant \u00e0 assurer un maximum d\u2019\u00e9quit\u00e9 dans l\u2019acc\u00e8s des citoyens \u00e0 leurs droits avec dignit\u00e9, \u00e0 renforcer l\u2019action citoyenne pour engager tous les Mauritaniens \u00e0 s\u2019acquitter de leurs devoirs envers la collectivit\u00e9, et \u00e0 d\u00e9velopper des comportements et des discours permettant de renforcer l\u2019unit\u00e9 nationale et la coh\u00e9sion sociale.<\/p>\n<p>Par ailleurs, les programmes ax\u00e9s sur l\u2019autonomisation des filles et des femmes et la protection de leurs droits, ainsi que la sauvegarde de la famille et l\u2019am\u00e9lioration du bien-\u00eatre familial, seront poursuivis et renforc\u00e9s.<\/p>\n<p>Au niveau diplomatique, le Gouvernement poursuivra, sous l\u2019autorit\u00e9 du Pr\u00e9sident de la R\u00e9publique, le renforcement de La pr\u00e9sence et de la participation de notre pays au niveau international, tout en d\u00e9fendant ses int\u00e9r\u00eats et en soutenant les causes justes, contribuant ainsi \u00e0 l\u2019instauration de la paix et de la s\u00e9curit\u00e9 au niveau r\u00e9gional et mondial. Notre engagement sera maintenu pour assurer un suivi attentif, fournir une assistance ad\u00e9quate et offrir un encadrement soutenu \u00e0 nos communaut\u00e9s \u00e0 l\u2019\u00e9tranger, dans le but d\u2019am\u00e9liorer leurs conditions de vie \u00e0 l\u2019\u00e9tranger et de faciliter leur acc\u00e8s \u00e0 leurs droits de citoyens. La cr\u00e9ation d\u2019un nouveau d\u00e9partement d\u00e9di\u00e9 \u00e0 nos citoyens \u00e0 l\u2019ext\u00e9rieur en est une parfaite illustration.<\/p>\n<p>D\u2019autre part, les efforts de renforcement, de modernisation et de professionnalisation des capacit\u00e9s op\u00e9rationnelles de nos forces arm\u00e9es et de s\u00e9curit\u00e9 seront poursuivis, dans le but d\u2019accroitre leurs moyens et champs d\u2019intervention, ainsi que leur adaptation aux nouveaux d\u00e9fis li\u00e9s \u00e0 l\u2019\u00e9volution de la soci\u00e9t\u00e9 et au contexte g\u00e9opolitique.<\/p>\n<p>Le Gouvernement poursuivra son engagement, dans le domaine des affaires islamiques, pour promouvoir et diffuser les enseignements de l\u2019islam et ses valeurs de tol\u00e9rance. Il continuera \u00e0 d\u00e9manteler le discours de l\u2019extr\u00e9misme afin de pr\u00e9server la paix sociale.<\/p>\n<p>Le Gouvernement restera toujours fid\u00e8le, devant ALLAH le Tout-Puissant et devant le peuple, \u00e0 tout ce qui est relatif \u00e0 sa mission de pr\u00e9servation de nos valeurs sacr\u00e9es. Il assumera toujours, ce faisant, et pleinement, ses responsabilit\u00e9s pour d\u00e9fendre les symboles de la Oumma islamique, et s\u2019\u00e9l\u00e8vera avec vigueur contre toute offense \u00e0 la personne de notre Proph\u00e8te SAWS, dont la d\u00e9fense est une partie int\u00e9grante de la protection de notre existence-m\u00eame et de notre identit\u00e9 globale.<\/p>\n<p>Les mosqu\u00e9es continueront \u00e0 b\u00e9n\u00e9ficier d\u2019une attention particuli\u00e8re \u00e0 travers leur construction et leur entretien, et la poursuite de la prise en charge de ceux qui en ont la charge. Aussi, les am\u00e9liorations se poursuivront pour rapprocher les services rendus aux p\u00e8lerins, le fonds de collecte de la Zakat sera op\u00e9rationnalis\u00e9 et le r\u00f4le de la Fondation Elawghaf sera renforc\u00e9 afin qu\u2019elle puisse contribuer \u2013 de mani\u00e8re efficace- \u00e0 promouvoir la solidarit\u00e9 sociale avec les groupes vuln\u00e9rables.<\/p>\n<p>Monsieur le Pr\u00e9sident, Messieurs et Mesdames les D\u00e9put\u00e9s,<\/p>\n<p>La s\u00e9curit\u00e9 des citoyens et de leurs biens est une priorit\u00e9 absolue pour le Gouvernement qui ne m\u00e9nagera aucun effort pour l\u2019assurer, et pour faire face aux nouveaux d\u00e9fis li\u00e9s \u00e0 la croissance des villes et au changement des voies et des moyens du crime sous toutes ses formes. Ainsi, \u00e0 la suite des \u00e9v\u00e8nements r\u00e9cents des dispositions fermes ont \u00e9t\u00e9 prises et continueront \u00e0 l\u2019\u00eatre pour renforcer la s\u00e9curit\u00e9 int\u00e9rieure et contenir toutes les formes de crimes d\u2019o\u00f9 qu\u2019ils viennent.<\/p>\n<p>Pour faire face aux risques pos\u00e9s par les produits psychotropes, le Gouvernement continuera \u00e0 prendre les mesures n\u00e9cessaires pour d\u2019une part endiguer la consommation de la drogue chez les jeunes, et d\u2019autre part, \u0153uvrer pour l\u2019\u00e9radication de la d\u00e9pendance et de ses r\u00e9percussions.<\/p>\n<p>Sur le plan politique, le Gouvernement continuera \u00e0 renforcer l\u2019apaisement du climat politique instaur\u00e9 par le Pr\u00e9sident de la R\u00e9publique, dans le but de tirer le meilleur profit de toutes les comp\u00e9tences nationales et de se concentrer sur les probl\u00e9matiques prioritaires. Ce qui s\u2019est traduit par la large concertation entre les acteurs politiques qui a abouti \u00e0 l\u2019organisation des derni\u00e8res \u00e9lections locales et l\u00e9gislatives. Cette vision qui se poursuivra, consacrera l\u2019engagement de \u00ab pr\u00e9server l\u2019unit\u00e9 nationale, la dignit\u00e9, la libert\u00e9 et l\u2019\u00e9galit\u00e9 de tous les citoyens quel qu\u2019en soit le prix \u00bb, comme l\u2019a dit le Pr\u00e9sident de la R\u00e9publique.<\/p>\n<p>La participation de la soci\u00e9t\u00e9 civile et des m\u00e9dias dans nos strat\u00e9gies de d\u00e9veloppement sera renforc\u00e9e, en accordant une attention continue aux espaces d\u2019\u00e9change, aux programmes de formation et aux moyens de communication adapt\u00e9s. Le soutien aux organisations de la soci\u00e9t\u00e9 civile et aux m\u00e9dias pour renforcer leur r\u00f4le, sera maintenu. Parall\u00e8lement, le droit d\u2019acc\u00e8s \u00e0 l\u2019information sera promu en \u00e9largissant la couverture m\u00e9diatique du service public de la radio et de la t\u00e9l\u00e9vision nationales.<\/p>\n<p>Conscient de l\u2019importance et de la pertinence de la gouvernance locale, le Gouvernement poursuivra la mise en \u0153uvre de la Strat\u00e9gie nationale de D\u00e9centralisation et de D\u00e9veloppement local, \u00e0 travers l\u2019op\u00e9rationnalisation du Haut Conseil de la D\u00e9centralisation, l\u2019adoption d\u2019un nouveau cadre de la d\u00e9concentration, la r\u00e9vision de l\u2019ordonnance relative \u00e0 l\u2019organisation de l\u2019administration territoriale et de ses textes d\u2019application, ainsi que la r\u00e9organisation des structures de la wilaya.<\/p>\n<p>Le Gouvernement intensifiera les actions de d\u00e9veloppement du service public pour rapprocher l\u2019administration du citoyen. Car il n\u2019est plus acceptable, selon les termes m\u00eames du Pr\u00e9sident de la R\u00e9publique, que l\u2019administration ne soit pas proche du citoyen, plus \u00e0 son \u00e9coute, plus pr\u00e9sente pour lui r\u00e9pondre et pour r\u00e9soudre ses probl\u00e8mes : \u00ab un citoyen doit pouvoir effectuer ses d\u00e9marches administratives avec souplesse et aisance, obtenir les informations et les explications dont il a besoin et acc\u00e9der diligemment et dignement \u00e0 ses droits du seul fait de sa qualit\u00e9 de citoyen \u00bb. Le rapprochement du service public du citoyen demeure donc une priorit\u00e9 absolue du Gouvernement. En cons\u00e9quence, l\u2019administration sera professionnalis\u00e9e et ses actes orient\u00e9s vers les d\u00e9marches qui garantissent l\u2019\u00e9galit\u00e9 d\u2019acc\u00e8s aux services, qui respectent les principes de transparence et de bonne gouvernance, qui restaurent les valeurs du travail et le respect du m\u00e9rite et du droit.<\/p>\n<p>Dans le cadre de la politique de modernisation de la fonction publique, le Gouvernement poursuivra les r\u00e9formes relatives au statut des personnels des collectivit\u00e9s territoriales et des \u00e9tablissements publics \u00e0 caract\u00e8re administratif, au statut sp\u00e9cial pour les membres des corps de contr\u00f4le, et au statut g\u00e9n\u00e9ral des fonctionnaires et agents contractuels de l\u2019Etat ; ainsi qu\u2019aux r\u00e9gimes de pension au niveau de la caisse de retraite, et de contractualisation dans la fonction publique.<\/p>\n<p>La l\u00e9gislation sociale connaitra, pour sa part, l\u2019adoption des principaux textes d\u2019application du code du travail ainsi que la modernisation du code juridique r\u00e9gissant le r\u00e9gime de s\u00e9curit\u00e9 sociale.<\/p>\n<p>Monsieur le Pr\u00e9sident, Messieurs et Mesdames les D\u00e9put\u00e9s,<\/p>\n<p>Les enseignements tir\u00e9s de la derni\u00e8re crise sanitaire mondiale et du conflit en Ukraine nous incitent davantage \u00e0 de bonnes gouvernances \u00e9conomique, financi\u00e8re et mon\u00e9taire et \u00e0 construire une \u00e9conomie r\u00e9siliente, orient\u00e9e vers l\u2019\u00e9mergence.<\/p>\n<p>Le Gouvernement poursuivra les politiques \u00e9conomiques visant \u00e0 stimuler la reprise \u00e9conomique et garantir une plus grande stabilit\u00e9 macro\u00e9conomique, en optimisant les d\u00e9penses dans les domaines de la protection sociale et des infrastructures, en ligne avec la SCAPP. Il continuera \u00e0 mettre en \u0153uvre des mesures de redressement \u00e0 court terme, en les accompagnant d\u2019un programme de r\u00e9formes structurelles \u00e9chelonn\u00e9es et hi\u00e9rarchis\u00e9es.<\/p>\n<p>Dans le domaine des finances publiques, les reformes seront ax\u00e9es sur la poursuite de la modernisation de l\u2019administration fiscale et le renforcement de la gestion des finances publiques, cela implique une am\u00e9lioration de la gestion budg\u00e9taire, une augmentation des recettes int\u00e9rieures et une plus grande efficacit\u00e9 des d\u00e9penses publiques. C\u2019est ainsi que seront poursuivies les r\u00e9formes tendant \u00e0 la responsabilisation des gestionnaires, la simplification des proc\u00e9dures budg\u00e9taires, l\u2019introduction d\u2019indicateurs de suivi de l\u2019ex\u00e9cution des lois de finances. Le Gouvernement s\u2019engage \u00e0 maintenir une politique d\u2019endettement prudente visant \u00e0 assurer la soutenabilit\u00e9 \u00e0 long terme et \u00e0 renforcer la transparence dans la gestion de la dette.<\/p>\n<p>La politique mon\u00e9taire restera prudente afin de ma\u00eetriser les pressions inflationnistes. Les progr\u00e8s en mati\u00e8re de stabilit\u00e9 et de d\u00e9veloppement du secteur financier seront consolid\u00e9s et renforc\u00e9s.<\/p>\n<p>Le Gouvernement s\u2019engage, par ailleurs, en mati\u00e8re de lutte contre la corruption, \u00e0 mener un travail institutionnel efficace, par lequel les ressources de l\u2019\u00c9tat seront pr\u00e9serv\u00e9es, et les personnes incrimin\u00e9es sanctionn\u00e9es conform\u00e9ment aux textes en vigueur. Dans ce cadre, la strat\u00e9gie nationale de lutte contre la corruption sera op\u00e9rationnalis\u00e9e et les reformes visant la professionnalisation des organes de contr\u00f4le mis en place.<\/p>\n<p>Il poursuivra ses efforts pour surmonter les obstacles entravant l\u2019\u00e9mergence d\u2019une \u00e9conomie ouverte, diversifi\u00e9e, g\u00e9n\u00e9ratrice d\u2019emplois et de valeur ajout\u00e9e. Dans cette perspective, il continuera \u00e0 promouvoir un environnement propice pour renforcer la gouvernance et la transparence, encourager l\u2019investissement priv\u00e9, lib\u00e9rer les initiatives et exploiter le potentiel \u00e9conomique national. Il maintiendra le soutien et l\u2019accompagnement aux initiatives priv\u00e9es pour la r\u00e9alisation de projets en partenariat public-priv\u00e9 dans les secteurs cl\u00e9s tels que l\u2019agriculture, l\u2019\u00e9levage, la p\u00eache, l\u2019industrie, les infrastructures et l\u2019\u00e9nergie.<\/p>\n<p>En termes de gouvernance environnementale, notre pays est confront\u00e9 \u00e0 une augmentation marqu\u00e9e de la fr\u00e9quence et de la gravit\u00e9 des catastrophes naturelles li\u00e9es au climat. Ces \u00e9v\u00e9nements ont un impact significatif sur la stabilit\u00e9 \u00e9conomique et la croissance. Par cons\u00e9quent, il devient essentiel de r\u00e9pondre aux besoins importants en mati\u00e8re d\u2019adaptation aux changements climatiques et d\u2019att\u00e9nuation de leurs impacts.<\/p>\n<p>L\u2019adaptation sera renforc\u00e9e, en mettant en place des fermes communautaires, en valorisant la transformation des produits forestiers non ligneux, en am\u00e9nageant les zones humides et en accroissant nos capacit\u00e9s de stockage en denr\u00e9es alimentaires. Aussi notre potentiel national des \u00e9nergies propres sera valoris\u00e9 \u00e0 travers la mise en \u0153uvre de projets ax\u00e9s sur l\u2019hydrog\u00e8ne vert, l\u2019\u00e9nergie solaire et l\u2019\u00e9nergie \u00e9olienne.<\/p>\n<p>Les mesures d\u2019att\u00e9nuation envisag\u00e9e permettront de reboiser des milliers d\u2019hectares et de promouvoir de techniques innovantes respectueuses de l\u2019environnement.<\/p>\n<p>Monsieur le Pr\u00e9sident, Messieurs et Mesdames les D\u00e9put\u00e9s,<\/p>\n<p>Le Gouvernement est r\u00e9solument engag\u00e9, dans le cadre de la diversification de l\u2019\u00e9conomie, \u00e0 tirer le meilleur profit des secteurs porteurs tels que les services, les mines, le p\u00e9trole et le gaz, la p\u00eache, l\u2019agriculture, l\u2019\u00e9levage, l\u2019industrie, le commerce, l\u2019artisanat et le tourisme.<\/p>\n<p>Dans le domaine de l\u2019am\u00e9nagement du territoire, de l\u2019urbanisme et de l\u2019habitat, le Gouvernement s\u2019engage \u00e0 poursuivre l\u2019objectif de d\u00e9veloppement \u00e9quilibr\u00e9 de nos territoires et de nos villes, tout en r\u00e9novant et en am\u00e9liorant leur productivit\u00e9 et offrant aux populations des services urbains de qualit\u00e9 et des offres d\u2019habitats d\u00e9cents.<\/p>\n<p>Le Gouvernement continuera \u00e0 accorder une grande attention \u00e0 la cr\u00e9ation de villes dynamiques qui r\u00e9pondent aux besoins fondamentaux des habitants, en mettant un fort accent sur la cr\u00e9ation d\u2019opportunit\u00e9s d\u2019emploi pour les jeunes. Les plans de lotissement seront g\u00e9n\u00e9ralis\u00e9s pour toutes nos grandes villes afin de favoriser la croissance harmonieuse des zones urbaines et r\u00e9soudre les probl\u00e8mes li\u00e9s \u00e0 la propri\u00e9t\u00e9 fonci\u00e8re. Des efforts consid\u00e9rables continueront \u00e0 \u00eatre \u00e9galement men\u00e9s pour mettre fin \u00e0 l\u2019occupation ill\u00e9gale des terrains et am\u00e9liorer les conditions de vie dans les quartiers p\u00e9riph\u00e9riques. Parall\u00e8lement, les efforts destin\u00e9s \u00e0 r\u00e9soudre les litiges fonciers et \u00e0 garantir des titres de propri\u00e9t\u00e9 d\u00e9finitifs aux familles concern\u00e9es seront poursuivis.<\/p>\n<p>Des mesures ad\u00e9quates seront prises pour adapter les m\u00e9canismes l\u00e9gislatifs et r\u00e9glementaires aux besoins actuels, notamment par la r\u00e9vision du code de l\u2019urbanisme, la cr\u00e9ation d\u2019un cadre juridique pour la copropri\u00e9t\u00e9 et la colocation, ainsi que la mise en place d\u2019un fonds pour l\u2019habitat.<\/p>\n<p>Pour le secteur des mines, comme pour celui du p\u00e9trole, la priorit\u00e9 de l\u2019action du Gouvernement sera de maximiser les profits tir\u00e9s de leur exploitation et d\u2019am\u00e9liorer l\u2019attractivit\u00e9 du pays pour l\u2019investissement direct \u00e9tranger.<\/p>\n<p>Des efforts importants ont \u00e9t\u00e9 consentis et continueront \u00e0 l\u2019\u00eatre pour am\u00e9liorer le cadre de vie et les conditions d\u2019exercice de l\u2019activit\u00e9 mini\u00e8re artisanale, qui joue un r\u00f4le essentiel dans la r\u00e9sorption du ch\u00f4mage, notamment chez les jeunes. Cependant, cette activit\u00e9 commence \u00e0 soulever de graves probl\u00e8mes environnementaux et sanitaires dans notre pays, le Gouvernement prendra les mesures ad\u00e9quates de sensibilisation sur le danger li\u00e9 \u00e0 la manipulation des produits chimiques sur la sant\u00e9, sur les cons\u00e9quences de la pollution et de la d\u00e9gradation des sols et des \u00e9cosyst\u00e8mes.<\/p>\n<p>Des efforts seront ainsi men\u00e9s pour renforcer le dispositif r\u00e9pressif contre l\u2019orpaillage ill\u00e9gal et de la recherche de solutions innovantes d\u2019exploitation et de traitement de l\u2019or artisanal.<\/p>\n<p>Sur le plan de la s\u00e9curit\u00e9 de l\u2019approvisionnement en hydrocarbures, dans un contexte marqu\u00e9 par un lourd h\u00e9ritage en termes d\u2019insuffisance et de v\u00e9tust\u00e9 des capacit\u00e9s de stockage de ces produits, des solutions seront mises en \u0153uvre pour combler rapidement le d\u00e9ficit des capacit\u00e9s de stockages du pays. D\u2019autre part, le Gouvernement acc\u00e9l\u00e8rera la r\u00e9forme du mode d\u2019approvisionnement du pays en produits p\u00e9troliers et en gaz butane, en vue d\u2019en assurer la s\u00e9curit\u00e9.<\/p>\n<p>Dans le domaine de la p\u00eache, le potentiel de d\u00e9veloppement associ\u00e9 \u00e0 l\u2019\u00e9conomie maritime sera davantage mobilis\u00e9 et valoris\u00e9, afin d\u2019accroitre les performances de notre \u00e9conomie bleue. Dans ce cadre, le Gouvernement poursuivra la mise en \u0153uvre des actions visant la pr\u00e9servation des ressources halieutiques et de leur environnement marin et c\u00f4tier, et le d\u00e9veloppement des chaines de valeur pour une int\u00e9gration accrue du secteur \u00e0 l\u2019\u00e9conomie nationale. Les infrastructures portuaires seront d\u00e9velopp\u00e9es et op\u00e9rationnalis\u00e9es et les activit\u00e9s connexes encourag\u00e9es et promues. Des efforts cons\u00e9quents seront \u00e9galement consentis en faveur de la promotion d\u2019une p\u00eache continentale p\u00e9renne et respectueuse de l\u2019environnement.<\/p>\n<p>Monsieur le Pr\u00e9sident, Messieurs et Mesdames les D\u00e9put\u00e9s,<\/p>\n<p>L\u2019autonomie alimentaire repr\u00e9sente une priorit\u00e9 absolue, voire une action vitale pour notre pays. Pour cela, un ensemble de r\u00e9formes sera initi\u00e9 pour mieux recadrer les missions des institutions du secteur, optimiser l\u2019utilisation de leurs ressources et renforcer leurs capacit\u00e9s d\u2019intervention.<\/p>\n<p>Dans ce cadre, le Gouvernement poursuivra les activit\u00e9s et programmes engag\u00e9s, notamment en ce qui concerne la construction de barrages, l\u2019am\u00e9nagement, la r\u00e9habilitation et l\u2019entretien des diff\u00e9rentes zones, superficies agricoles et axes hydrauliques au niveau des wilayas du pays. Les efforts d\u00e9j\u00e0 engag\u00e9s dans le domaine de la protection des cultures, du d\u00e9senclavement et de l\u2019\u00e9lectrification des zones de production et d\u2019approvisionnement en intrants agricoles seront poursuivis.<\/p>\n<p>Des efforts importants seront d\u00e9ploy\u00e9s pour promouvoir l\u2019intensification et la diversification agricole. Cela se fera par l\u2019accompagnement et l\u2019encouragement des activit\u00e9s engag\u00e9es dans le domaine des cultures mara\u00eech\u00e8res, c\u00e9r\u00e9ali\u00e8res et fourrag\u00e8res ainsi que pour le d\u00e9veloppement de l\u2019agro- industrie, qui sont des leviers essentiels pouvant r\u00e9pondre aux enjeux de souverainet\u00e9 alimentaire.<\/p>\n<p>Concernant l\u2019\u00e9levage, le Gouvernement focalisera son action sur les axes d\u2019intervention li\u00e9s \u00e0 l\u2019accroissement de la productivit\u00e9 et des productions animales par la promotion des cha\u00eenes de valeur, la cr\u00e9ation d\u2019un environnement favorable au d\u00e9veloppement durable des syst\u00e8mes d\u2019\u00e9levage, l\u2019am\u00e9lioration de la qualit\u00e9 des produits mis sur le march\u00e9 \u00e0 travers le contr\u00f4le de qualit\u00e9 et de salubrit\u00e9 ; et l\u2019am\u00e9lioration et le renforcement du cadre l\u00e9gal et institutionnel, avec une implication accrue du secteur priv\u00e9. Tout cela, avec une mention particuli\u00e8re aux fili\u00e8res laiti\u00e8re et celles des viandes rouges et volailles.<\/p>\n<p>Au chapitre du commerce, le Gouvernement continuera l\u2019effort de surveillance des prix et la r\u00e9gulation du march\u00e9 ainsi que l\u2019instauration d\u2019un syst\u00e8me ad\u00e9quat pour la v\u00e9rification de la conformit\u00e9 des produits import\u00e9s et la mise en place d\u2019un Guichet Unique pour le Commerce Ext\u00e9rieur. Il assurera \u00e9galement l\u2019approvisionnement r\u00e9gulier du march\u00e9 en denr\u00e9es de premi\u00e8re n\u00e9cessit\u00e9 en garantissant la concurrence loyale conform\u00e9ment \u00e0 la loi organisant la libert\u00e9 des prix et la concurrence.<\/p>\n<p>Une attention particuli\u00e8re continuera \u00e0 \u00eatre accord\u00e9e \u00e0 la r\u00e9organisation des industries agroalimentaires et des zones industrielles, la mise en \u0153uvre de la strat\u00e9gie nationale d\u2019industrialisation, la redynamisation de l\u2019agence nationale de s\u00e9curit\u00e9 sanitaire des produits alimentaires, et l\u2019op\u00e9rationnalisation de l\u2019Office national pour la normalisation et la promotion de la qualit\u00e9.<\/p>\n<p>En raison de son impact direct sur le d\u00e9veloppement \u00e9conomique local et national, l\u2019artisanat rev\u00eat une importance significative. Il fournit des moyens de subsistance \u00e0 de nombreuses personnes et pr\u00e9sente un potentiel \u00e9conomique consid\u00e9rable. C\u2019est pr\u00e9cis\u00e9ment dans cette optique que le projet du grand village artisanal de Nouakchott, actuellement en construction, a \u00e9t\u00e9 con\u00e7u. Dans cette perspective, des initiatives sp\u00e9cifiques visant \u00e0 soutenir directement les artisans locaux seront lanc\u00e9es.<\/p>\n<p>S\u2019agissant du tourisme, apr\u00e8s avoir \u00e9t\u00e9 fortement impact\u00e9 ces derni\u00e8res ann\u00e9es, la priorit\u00e9 demeure la diversification, la promotion et modernisation de l\u2019offre touristique en g\u00e9n\u00e9ral, en cr\u00e9ant des synergies entre les diff\u00e9rents produits.<\/p>\n<p>L\u2019emploi est au centre des pr\u00e9occupations du Gouvernement, notamment celui des jeunes. A cet effet, l\u2019efficacit\u00e9 des dispositifs existants sera renforc\u00e9e et les efforts d\u00e9ploy\u00e9s pour accro\u00eetre la contribution des secteurs productifs \u00e0 l\u2019emploi. Une attention particuli\u00e8re sera port\u00e9e \u00e0 la mise en \u0153uvre de la strat\u00e9gie nationale de l\u2019emploi, \u00e0 l\u2019op\u00e9rationnalisation du Fonds National de l\u2019Emploi et \u00e0 l\u2019am\u00e9lioration de l\u2019acc\u00e8s au cr\u00e9dit pour les micros, petites et moyennes entreprises gr\u00e2ce \u00e0 l\u2019acc\u00e9l\u00e9ration de l\u2019op\u00e9rationnalisation du fonds de garantie.<\/p>\n<p>Monsieur le Pr\u00e9sident, Messieurs et Mesdames les D\u00e9put\u00e9s,<\/p>\n<p>Une croissance \u00e9conomique forte, durable et inclusive reste tributaire de la disponibilit\u00e9 d\u2019infrastructures de qualit\u00e9 couvrant tout le territoire national, dans les domaines de l\u2019\u00e9nergie, du transport, de l\u2019eau et du num\u00e9rique.<\/p>\n<p>Dans le domaine de l\u2019\u00e9nergie, l\u2019action du Gouvernement portera, en priorit\u00e9, sur l\u2019am\u00e9lioration de l\u2019acc\u00e8s des citoyens et des acteurs \u00e9conomiques \u00e0 l\u2019\u00e9lectricit\u00e9, \u00e0 travers la mise en \u0153uvre d\u2019un programme d\u2019\u00e9lectrification rurale ambitieux dans diff\u00e9rentes wilayas, l\u2019interconnexion des grandes zones \u00e9conomiques du pays et la construction de nouvelles centrales \u00e9lectriques pour renforcer et diversifier l\u2019offre d\u2019\u00e9lectricit\u00e9.<\/p>\n<p>Dans un vaste pays comme le n\u00f4tre, le d\u00e9veloppement d\u2019une offre de transports diversifi\u00e9e permettant de promouvoir les \u00e9changes, de r\u00e9duire les co\u00fbts de transport et de renforcer la comp\u00e9titivit\u00e9 de l\u2019\u00e9conomie constitue une priorit\u00e9 strat\u00e9gique nationale. C\u2019est ainsi que le Gouvernement poursuivra la mise en \u0153uvre des r\u00e9formes et actions visant la r\u00e9organisation, la r\u00e9glementation et la modernisation du secteur, le d\u00e9veloppement et l\u2019am\u00e9lioration de la qualit\u00e9 et de la s\u00e9curit\u00e9 des infrastructures terrestres, a\u00e9roportuaires et portuaires.<\/p>\n<p>Au niveau urbain, l\u2019Etat s\u2019attachera \u00e0 am\u00e9liorer la mobilit\u00e9 dans les grands centres urbains, particuli\u00e8rement \u00e0 Nouakchott o\u00f9 un plan, \u00e0 l\u2019horizon 2026, est en cours de mise en \u0153uvre avec l\u2019am\u00e9nagement des axes majeurs de circulation et la modernisation de la flotte de v\u00e9hicules de transport urbain.<\/p>\n<p>La mise en place d\u2019une politique de gestion durable de l\u2019eau constitue une priorit\u00e9 absolue. Cette politique sera bas\u00e9e sur une exploitation rationnelle des eaux de surface et une meilleure pr\u00e9servation des eaux souterraines pour les g\u00e9n\u00e9rations \u00e0 venir. A ce titre, le Gouvernement poursuivra l\u2019ex\u00e9cution des grands projets structurants et des programmes pour l\u2019alimentation en eau de plusieurs dizaines de localit\u00e9s sur tout le territoire national. La potabilisation des eaux de surface, le dessalement de l\u2019eau de mer et la construction de retenues d\u2019eau seront les actions \u00e0 renforcer en vue d\u2019une maitrise efficiente de la ressource en eau.<\/p>\n<p>En ce qui concerne l\u2019assainissement, les efforts seront focalis\u00e9s sur le d\u00e9veloppement d\u2019une offre ad\u00e9quate en milieu urbain, \u00e0 travers la construction de nouveaux r\u00e9seaux et l\u2019extension des r\u00e9seaux existants. Les r\u00e9alisations dans le domaine de l\u2019assainissement rural seront renforc\u00e9es et \u00e9largies en vue de la pr\u00e9servation de notre environnement.<\/p>\n<p>Afin de mettre \u00e0 profit la r\u00e9volution num\u00e9rique et maximiser ses dividendes sur notre \u00e9conomie, le Gouvernement fera de la transformation num\u00e9rique le levier principal du changement de notre administration, pour rendre ses services plus performants, plus proches et plus accessibles aux citoyens. Dans ce sens, seront adopt\u00e9es et mises en \u0153uvre les strat\u00e9gies et mesures relatives \u00e0 la g\u00e9n\u00e9ralisation des infrastructures num\u00e9riques, \u00e0 la s\u00e9curit\u00e9 num\u00e9riques, aux services de l\u2019e-Gouvernement et \u00e0 la protection de donn\u00e9es \u00e0 caract\u00e8re personnel.<\/p>\n<p>Monsieur le Pr\u00e9sident, Messieurs et Mesdames les D\u00e9put\u00e9s,<\/p>\n<p>Facteur essentiel de d\u00e9veloppement et de croissance \u00e9conomique, le capital humain continuera \u00e0 faire l\u2019objet d\u2019une attention particuli\u00e8re. Les actions visant \u00e0 mettre \u00e0 niveau notre syst\u00e8me \u00e9ducatif et sanitaire seront poursuivies et acc\u00e9l\u00e9r\u00e9es \u00e0 tous les niveaux, afin d\u2019accompagner les transformations en cours sur le plan \u00e9conomique et social. Les jeunes seront privil\u00e9gi\u00e9s dans ce cadre.<\/p>\n<p>Des efforts importants seront ainsi d\u00e9ploy\u00e9s pour renforcer, mieux encadrer et \u00e9largir l\u2019enseignement pr\u00e9scolaire, afin qu\u2019il joue le r\u00f4le qui lui revient dans la pr\u00e9paration des enfants \u00e0 la vie d\u2019ensemble et \u00e0 aborder l\u2019enseignement primaire dans les meilleures conditions.<\/p>\n<p>Dans le m\u00eame ordre d\u2019id\u00e9es, les Mahadras, pilier central du syst\u00e8me \u00e9ducatif national et rempart pour la pr\u00e9servation de notre identit\u00e9 nationale inclusive, continueront \u00e0 b\u00e9n\u00e9ficier de l\u2019appui n\u00e9cessaire \u00e0 la consolidation et \u00e0 la modernisation de leurs enseignements. Aussi les adultes analphab\u00e8tes b\u00e9n\u00e9ficieront des connaissances et des comp\u00e9tences qui favoriseront leur int\u00e9gration dans la vie sociale et \u00e9conomique.<\/p>\n<p>Avec l\u2019entr\u00e9e en vigueur de la loi d\u2019orientation sur l\u2019\u00e9ducation nationale, l\u2019ann\u00e9e derni\u00e8re, fruit d\u2019une large concertation, le Gouvernement est engag\u00e9 \u00e0 r\u00e9aliser une r\u00e9forme en profondeur du syst\u00e8me \u00e9ducatif national, et fera de l\u2019Ecole r\u00e9publicaine un vecteur d\u2019int\u00e9gration sociale, d\u2019authenticit\u00e9 et de progr\u00e8s. C\u2019est ainsi que les mesures d\u00e9cisives pour favoriser l\u2019acc\u00e8s \u00e9galitaire \u00e0 un syst\u00e8me \u00e9ducatif de qualit\u00e9 \u00e0 tous les niveaux de l\u2019enseignement seront renforc\u00e9es et leur mise en \u0153uvre acc\u00e9l\u00e9r\u00e9e.<\/p>\n<p>Au niveau de l\u2019enseignement fondamental et secondaire, la politique du Gouvernement vise \u00e0 garantir \u00e0 tous les enfants une \u00e9ducation de base compl\u00e8te et de bonne qualit\u00e9. En termes d\u2019acc\u00e8s aux services \u00e9ducatifs, le Gouvernement continuera les recrutements massifs des enseignants, le renforcement de leurs comp\u00e9tences et l\u2019am\u00e9lioration de leurs conditions de travail. Il poursuivra \u00e9galement la construction des infrastructures scolaires sur tout le territoire national.<\/p>\n<p>Au plan de la formation professionnelle, les efforts se focaliseront sur l\u2019\u00e9largissement de l\u2019offre, la construction et la r\u00e9habilitation des centres de formation professionnelle et technique, et la mise \u00e0 niveau de programmes capables de r\u00e9pondre aux besoins de l\u2019\u00e9conomie nationale ; ainsi que le renforcement du lien entre le secteur priv\u00e9 et les centres de formation professionnelle, pour mieux satisfaire la demande du march\u00e9 du travail.<\/p>\n<p>En mati\u00e8re d\u2019enseignement sup\u00e9rieur, le Gouvernement poursuivra les efforts visant la cr\u00e9ation de nouvelles fili\u00e8res d\u2019enseignement dans les domaines du commerce, de la gestion, des sciences politiques, du journalisme et des \u00e9tudes pharmaceutiques, ainsi que la restructuration de certains \u00e9tablissements existants et la cr\u00e9ation de nouvelles universit\u00e9s pour accueillir les nouveaux bacheliers.<\/p>\n<p>Le Gouvernement accorde une grande importance \u00e0 la recherche scientifique afin de stimuler le d\u00e9veloppement \u00e9conomique et social. Le secteur connaitra une forte impulsion \u00e0 travers la redynamisation des structures de recherche et de formation doctorale, en plus de la mise en place effective du fonds de la recherche scientifique.<\/p>\n<p>Dans le domaine de la sant\u00e9, le Gouvernement \u0153uvrera, sur la base des efforts exceptionnels consentis ces trois derni\u00e8res ann\u00e9es dans le cadre de la lutte contre la pand\u00e9mie du Covid 19, \u00e0 rapprocher davantage les services de sant\u00e9 des populations les plus vuln\u00e9rables, et \u00e0 mettre en place un syst\u00e8me de sant\u00e9 moderne, entreprenant, performant et accessible \u00e0 l\u2019ensemble de la population.<\/p>\n<p>Cela se traduira par des investissements dans l\u2019extension de l\u2019offre des services de sant\u00e9, l\u2019acc\u00e8s aux m\u00e9dicaments de qualit\u00e9, le renforcement des capacit\u00e9s des personnels m\u00e9dical et param\u00e9dical et l\u2019am\u00e9lioration de leurs conditions de travail, en plus du renforcement des efforts pour la mise en place d\u2019une Couverture Maladie Universelle pour les secteurs formel et informel.<\/p>\n<p>Conscients que l\u2019avenir d\u2019un pays est tributaire de l\u2019implication effective de sa jeunesse dans l\u2019effort de construction nationale, nous saurons tirer le meilleur parti des \u00e9nergies cr\u00e9atrices de nos jeunes, en tant qu\u2019acteurs authentiques sur lesquels est fond\u00e9 l\u2019espoir de r\u00e9aliser nos aspirations au progr\u00e8s et \u00e0 la prosp\u00e9rit\u00e9.<\/p>\n<p>A cet effet, la strat\u00e9gie nationale de la jeunesse ax\u00e9e sur l\u2019autonomisation, l\u2019employabilit\u00e9 et la participation citoyenne sera finalis\u00e9e ; et des efforts seront consentis afin d\u2019aider les jeunes \u00e0 mieux s\u2019ins\u00e9rer dans la vie professionnelle pour limiter de fa\u00e7on tangible leur migration \u00e0 l\u2019ext\u00e9rieur en adoptant une approche int\u00e9gr\u00e9e, comprenant : le renforcement de l\u2019\u00e9conomie domestique et la sensibilisation sur les opportunit\u00e9s locales, la cr\u00e9ation d\u2019emplois et d\u2019opportunit\u00e9s \u00e9conomiques dans le pays, l\u2019am\u00e9lioration de l\u2019acc\u00e8s \u00e0 une \u00e9ducation de qualit\u00e9 y compris la formation professionnelle adapt\u00e9e et la sensibilisation sur les risques de la migration irr\u00e9guli\u00e8re.<\/p>\n<p>Dans cette optique, les efforts seront orient\u00e9s vers l\u2019am\u00e9nagement et la mise \u00e0 niveau des infrastructures de jeunesse, l\u2019organisation d\u2019activit\u00e9s socio-\u00e9ducatives et de campagnes de sensibilisation portant sur les risques auxquels sont confront\u00e9s les jeunes, et l\u2019\u00e9laboration d\u2019une loi r\u00e9gissant le volontariat.<\/p>\n<p>Le Gouvernement continuera \u00e0 apporter un soutien actif aux associations de jeunesse et de sports. Les textes r\u00e8glementaires r\u00e9gissant le Sport seront r\u00e9vis\u00e9s pour en favoriser le d\u00e9veloppement. Le programme de construction, de maintenance et de d\u00e9veloppement des infrastructures de jeunesse, de sport et de loisirs seront poursuivis. Le plan de soutien aux acad\u00e9mies sportives et au d\u00e9veloppement des jeunes talents sera acc\u00e9l\u00e9r\u00e9.<\/p>\n<p>Monsieur le Pr\u00e9sident, Messieurs et Mesdames les D\u00e9put\u00e9s,<\/p>\n<p>Notre identit\u00e9 culturelle, par sa richesse et sa diversit\u00e9, constitue notre force et notre fiert\u00e9, elle nous permettra de b\u00e2tir ensemble un avenir meilleur pour nos g\u00e9n\u00e9rations futures<\/p>\n<p>C\u2019est dans ce cadre que le Gouvernement poursuivra les r\u00e9formes relatives \u00e0 la valorisation et \u00e0 la promotion de notre patrimoine culturel et artistique, de nos valeurs nationales et communes et de nos traditions.<\/p>\n<p>La coh\u00e9sion sociale et l\u2019unit\u00e9 nationale constituent, pour le Gouvernement, un levier essentiel pour la mise en \u0153uvre de la vision clairvoyante du Pr\u00e9sident de la R\u00e9publique qui consid\u00e8re qu\u2019 \u00abIl est grand temps \u2026 de rompre d\u00e9finitivement avec les pr\u00e9jug\u00e9s et les images st\u00e9r\u00e9otyp\u00e9es qui sont en porte-\u00e0-faux avec la r\u00e9alit\u00e9, et en flagrante contradiction avec les pr\u00e9ceptes de la Charia et les r\u00e8gles du droit, tout comme elles fragilisent la coh\u00e9sion sociale et l\u2019unit\u00e9 nationale et handicapent le changement des mentalit\u00e9s qu\u2019\u00e9dictent la notion de l\u2019Etat de droit et le concept de citoyennet\u00e9\u00bb.<\/p>\n<p>Dans cette optique, l\u2019appel de Di\u00e9ol a \u00e9t\u00e9 lanc\u00e9 par SEM le Pr\u00e9sident de la R\u00e9publique, invitant les citoyens \u00e0 adh\u00e9rer \u00e0 une dynamique nationale inclusive fond\u00e9e sur les valeurs de notre religion et sur les principes de d\u00e9veloppement harmonieux et solidaire.<\/p>\n<p>Pour ce faire, le Gouvernement continuera, la mise en \u0153uvre du Plan \u00abINSAF\u00bb du Pr\u00e9sident de la R\u00e9publique et l\u2019ex\u00e9cution de ses programmes sociaux focalis\u00e9s sur la lutte contre l\u2019exclusion, la protection des couches d\u00e9favoris\u00e9es, la prise en charge des indigents et le soutien aux m\u00e9nages vuln\u00e9rables sur toute l\u2019\u00e9tendue du territoire national.<\/p>\n<p>Dans cette optique, il continuera le soutien aux couches vuln\u00e9rables et \u00e0 la g\u00e9n\u00e9ralisation de la prise en charge de tous les malades indigents et \u00e0 am\u00e9liorer la couverture de l\u2019assistance sociale aux personnes vuln\u00e9rables, ainsi que la protection et le soutien des personnes handicap\u00e9es. Il mettra \u00e0 la disposition de ces personnes des projets g\u00e9n\u00e9rateurs de revenus, des \u00e9quipements techniques pour d\u00e9velopper leurs activit\u00e9s et des boutiques communautaires ; en plus des programmes de cash transferts, des distributions alimentaires gratuites et des boutiques Temwine. Il continuera \u00e0 subventionner les intrants agricoles et les aliments pour b\u00e9tail en cas de n\u00e9cessit\u00e9.<\/p>\n<p>Monsieur le Pr\u00e9sident, Messieurs et Mesdames les D\u00e9put\u00e9s,<\/p>\n<p>Cette vision du Pr\u00e9sident de la R\u00e9publique ne pourra se concr\u00e9tiser sans la prise en compte des d\u00e9fis majeurs auxquels le Gouvernement envisage de s\u2019y attaquer pleinement, \u00e0 savoir : le dysfonctionnement de l\u2019administration et l\u2019inad\u00e9quation entre les formations habilitantes et la demande du march\u00e9 du travail. S\u2019ajoute \u00e0 cela un environnement particuli\u00e8rement hostile, et des menaces impr\u00e9visibles li\u00e9es plus particuli\u00e8rement \u00e0 des facteurs exog\u00e8nes.<\/p>\n<p>Cependant, la volont\u00e9 et la d\u00e9termination du Pr\u00e9sident de la R\u00e9publique, les opportunit\u00e9s prometteuses qu\u2019offrent nos secteurs productifs, ainsi que les avantages attendus du dividende d\u00e9mographique, nous permettent d\u2019\u00eatre confiants, et d\u2019esp\u00e9rer un d\u00e9veloppement rapide et un avenir meilleur pour notre pays.<\/p>\n<p>Pour le court terme, le Gouvernement s\u2019att\u00e8lera \u00e0:<\/p>\n<p>\u25a0 Intensifier les actions pour faire avancer rapidement la concr\u00e9tisation de l\u2019\u00e9cole r\u00e9publicaine dont la premi\u00e8re ann\u00e9e a \u00e9t\u00e9 une r\u00e9ussite ;<\/p>\n<p>\u25a0 Continuer \u00e0 mettre en \u0153uvre le plan d\u2019actions sur l\u2019\u00e9quit\u00e9, la citoyennet\u00e9 et la coh\u00e9sion sociale, connu sous le nom de \u201cPlan INSAF\u201ddu Pr\u00e9sident de la R\u00e9publique ;<\/p>\n<p>\u25a0 Rapprocher davantage l\u2019administration des citoyens par l\u2019usage des outils num\u00e9riques;<\/p>\n<p>\u25a0 \u0152uvrer \u00e0 assurer l\u2019autosuffisance en produits alimentaires de base;<\/p>\n<p>\u25a0 Att\u00e9nuer la migration irr\u00e9guli\u00e8re des jeunes \u00e0 l\u2019\u00e9tranger;<\/p>\n<p>\u25a0 Acc\u00e9l\u00e9rer le rythme d\u2019ex\u00e9cution des projets et programmes.<\/p>\n<p>Monsieur le Pr\u00e9sident, Messieurs et Mesdames les D\u00e9put\u00e9s,<\/p>\n<p>Telles sont les grandes lignes de la politique g\u00e9n\u00e9rale que le Gouvernement entend mettre en \u0153uvre pour poursuivre l\u2019ex\u00e9cution du programme du Pr\u00e9sident de la R\u00e9publique, Son Excellence M. Mohamed OULD CHEIKH EL-GHAZOUANI, visant \u00e0 b\u00e2tir un Etat de droit, fort et moderne, juste et \u00e9quitable, dans lequel tous les citoyens jouissent de leurs droits dans la dignit\u00e9 et sans discrimination aucune.<\/p>\n<p>Ce programme qui vous est soumis est ax\u00e9 sur le renforcement et l\u2019approfondissement des acquis de quatre ann\u00e9es de ce quinquennat, et la prise en compte des priorit\u00e9s nouvelles n\u00e9es de la conjoncture nationale et r\u00e9gionale.<\/p>\n<p>Aussi, ai-je l\u2019honneur d\u2019engager, conform\u00e9ment \u00e0 la constitution, la responsabilit\u00e9 du Gouvernement sur la base du pr\u00e9sent programme, que je vous demande de soutenir, pour donner un nouvel \u00e9lan vers plus de progr\u00e8s, de prosp\u00e9rit\u00e9 et de stabilit\u00e9 \u00e0 notre pays\u00bb.<br \/>\nAmi<\/p>\n","protected":false},"excerpt":{"rendered":"<p>le Premier Ministre, M. Mohamed Ould Bilal Messoud, lors de sa pr\u00e9sentation de la d\u00e9claration de politique g\u00e9n\u00e9rale du gouvernement devant l\u2019Assembl\u00e9e nationale, a affirm\u00e9 que la volont\u00e9 de Son Excellence le Pr\u00e9sident de la R\u00e9publique, M. Mohamed Ould Cheikh Al-Ghazouani, coupl\u00e9e aux perspectives offertes par les secteurs productifs et les b\u00e9n\u00e9fices attendus du dividende &hellip;<\/p>\n","protected":false},"author":2,"featured_media":6511,"comment_status":"open","ping_status":"open","sticky":false,"template":"","format":"standard","meta":{"footnotes":""},"categories":[18],"tags":[],"class_list":["post-6518","post","type-post","status-publish","format-standard","has-post-thumbnail","hentry","category-actualites"],"_links":{"self":[{"href":"https:\/\/ladepeche.mr\/index.php?rest_route=\/wp\/v2\/posts\/6518","targetHints":{"allow":["GET"]}}],"collection":[{"href":"https:\/\/ladepeche.mr\/index.php?rest_route=\/wp\/v2\/posts"}],"about":[{"href":"https:\/\/ladepeche.mr\/index.php?rest_route=\/wp\/v2\/types\/post"}],"author":[{"embeddable":true,"href":"https:\/\/ladepeche.mr\/index.php?rest_route=\/wp\/v2\/users\/2"}],"replies":[{"embeddable":true,"href":"https:\/\/ladepeche.mr\/index.php?rest_route=%2Fwp%2Fv2%2Fcomments&post=6518"}],"version-history":[{"count":1,"href":"https:\/\/ladepeche.mr\/index.php?rest_route=\/wp\/v2\/posts\/6518\/revisions"}],"predecessor-version":[{"id":6519,"href":"https:\/\/ladepeche.mr\/index.php?rest_route=\/wp\/v2\/posts\/6518\/revisions\/6519"}],"wp:featuredmedia":[{"embeddable":true,"href":"https:\/\/ladepeche.mr\/index.php?rest_route=\/wp\/v2\/media\/6511"}],"wp:attachment":[{"href":"https:\/\/ladepeche.mr\/index.php?rest_route=%2Fwp%2Fv2%2Fmedia&parent=6518"}],"wp:term":[{"taxonomy":"category","embeddable":true,"href":"https:\/\/ladepeche.mr\/index.php?rest_route=%2Fwp%2Fv2%2Fcategories&post=6518"},{"taxonomy":"post_tag","embeddable":true,"href":"https:\/\/ladepeche.mr\/index.php?rest_route=%2Fwp%2Fv2%2Ftags&post=6518"}],"curies":[{"name":"wp","href":"https:\/\/api.w.org\/{rel}","templated":true}]}}