{"id":6527,"date":"2023-07-23T18:08:29","date_gmt":"2023-07-23T18:08:29","guid":{"rendered":"https:\/\/ladepeche.mr\/?p=6527"},"modified":"2023-07-23T18:22:55","modified_gmt":"2023-07-23T18:22:55","slug":"un-centre-detudes-et-de-recherches-profondement-preoccupe-par-la-transformation-denfants-de-tindouf-en-soldats","status":"publish","type":"post","link":"https:\/\/ladepeche.mr\/?p=6527","title":{"rendered":"Un Centre d\u2019Etudes et de Recherches profond\u00e9ment pr\u00e9occup\u00e9 par la transformation d\u2019enfants de Tindouf en soldats"},"content":{"rendered":"<p>Le Centre International de Recherches sur la Pr\u00e9vention des Enfants Soldats \u00ab\u00a0CIRPES\u00a0\u00bb \u00e0 Dakhla vient de condamner \u2018\u2019les violations et le recrutement syst\u00e9matique d&#8217;enfants dans le camp de Tindouf en tenons l\u2019Alg\u00e9rie pour responsable juridique et morale\u2019\u2019.<\/p>\n<p>Dans un communiqu\u00e9 rendu public, le 21 juillet dernier, ledit Centre a exprim\u00e9 \u2018\u2019ses profondes pr\u00e9occupations \u00e0 l\u2019\u00e9gard du recrutement syst\u00e9mique d&#8217;enfants dans le camp de Tindouf en Alg\u00e9rie apr\u00e8s avoir assist\u00e9 \u00e0 un d\u00e9fil\u00e9 de centaines d&#8217;enfants, gar\u00e7ons et filles en uniformes militaires\u2019\u2019.<\/p>\n<p>Le \u00ab\u00a0CIRPES\u00a0\u00bb indique, \u00e0 cet effet, avoir directement fait part de ses profondes pr\u00e9occupations \u00e0 la communaut\u00e9 internationale et tenons l&#8217;Alg\u00e9rie pour responsable juridique et morale de cette violation flagrante et de ce m\u00e9pris du droit international humanitaire sur son sol\u2019\u2019.<\/p>\n<p>Dans ce m\u00eame communiqu\u00e9, ledit Centre rappelle aussi que \u2018\u2019 l\u2019Alg\u00e9rie est partie prenante \u00e0 la Convention relative aux droits de l&#8217;enfant et a l&#8217;obligation de respecter, de prot\u00e9ger et de r\u00e9aliser les droits des enfants \u00e0 la vie, \u00e0 la vie priv\u00e9e, \u00e0 la libert\u00e9 de pens\u00e9e et de r\u00e9union pacifique \u2018\u2019.<\/p>\n<p>Le \u00ab\u00a0CIRPES\u00a0\u00bb exhorte \u00e9galement tous \u00b4\u00b4 les militants des droits de l&#8217;homme, les chercheurs et les journalistes \u00e0 faire preuve de conscience professionnelle et d&#8217;int\u00e9grit\u00e9 intellectuelle afin qu&#8217;aucune pression ne soit exerc\u00e9e sur les parents par la milice du polisario.<\/p>\n<p>Pour Abdelkader Filali, Directeur du \u00ab\u00a0CIRPES\u00a0\u00bb, qui focalise ses missions autour des \u00e9tudes, des recherches et des consultations portant sur la pr\u00e9vention et l\u2019exploitation des enfants dans les zones de conflit, \u2018\u2019 les uniformes de recrutement sont produits par l\u2019arm\u00e9e alg\u00e9rienne et s\u2019adressent en particulier aux enfants des camps de Tindouf, en violation flagrante des exigences humanitaires et juridiques internationales\u2019\u2019. Et d\u2019ajouter que : \u2018\u2019cette mise en garde est un message \u00e0 la conscience humaine internationale afin d\u2019intervenir de toute urgence pour faire cesser ces graves violations morales contre les enfants dans les camps\u2019\u2019.<br \/>\n(m\u00e9dias)<\/p>\n","protected":false},"excerpt":{"rendered":"<p>Le Centre International de Recherches sur la Pr\u00e9vention des Enfants Soldats \u00ab\u00a0CIRPES\u00a0\u00bb \u00e0 Dakhla vient de condamner \u2018\u2019les violations et le recrutement syst\u00e9matique d&#8217;enfants dans le camp de Tindouf en tenons l\u2019Alg\u00e9rie pour responsable juridique et morale\u2019\u2019. Dans un communiqu\u00e9 rendu public, le 21 juillet dernier, ledit Centre a exprim\u00e9 \u2018\u2019ses profondes pr\u00e9occupations \u00e0 l\u2019\u00e9gard &hellip;<\/p>\n","protected":false},"author":2,"featured_media":6528,"comment_status":"open","ping_status":"open","sticky":false,"template":"","format":"standard","meta":{"footnotes":""},"categories":[18,29],"tags":[],"class_list":["post-6527","post","type-post","status-publish","format-standard","has-post-thumbnail","hentry","category-actualites","category-monde"],"_links":{"self":[{"href":"https:\/\/ladepeche.mr\/index.php?rest_route=\/wp\/v2\/posts\/6527","targetHints":{"allow":["GET"]}}],"collection":[{"href":"https:\/\/ladepeche.mr\/index.php?rest_route=\/wp\/v2\/posts"}],"about":[{"href":"https:\/\/ladepeche.mr\/index.php?rest_route=\/wp\/v2\/types\/post"}],"author":[{"embeddable":true,"href":"https:\/\/ladepeche.mr\/index.php?rest_route=\/wp\/v2\/users\/2"}],"replies":[{"embeddable":true,"href":"https:\/\/ladepeche.mr\/index.php?rest_route=%2Fwp%2Fv2%2Fcomments&post=6527"}],"version-history":[{"count":2,"href":"https:\/\/ladepeche.mr\/index.php?rest_route=\/wp\/v2\/posts\/6527\/revisions"}],"predecessor-version":[{"id":6532,"href":"https:\/\/ladepeche.mr\/index.php?rest_route=\/wp\/v2\/posts\/6527\/revisions\/6532"}],"wp:featuredmedia":[{"embeddable":true,"href":"https:\/\/ladepeche.mr\/index.php?rest_route=\/wp\/v2\/media\/6528"}],"wp:attachment":[{"href":"https:\/\/ladepeche.mr\/index.php?rest_route=%2Fwp%2Fv2%2Fmedia&parent=6527"}],"wp:term":[{"taxonomy":"category","embeddable":true,"href":"https:\/\/ladepeche.mr\/index.php?rest_route=%2Fwp%2Fv2%2Fcategories&post=6527"},{"taxonomy":"post_tag","embeddable":true,"href":"https:\/\/ladepeche.mr\/index.php?rest_route=%2Fwp%2Fv2%2Ftags&post=6527"}],"curies":[{"name":"wp","href":"https:\/\/api.w.org\/{rel}","templated":true}]}}