{"id":6530,"date":"2023-07-23T18:21:00","date_gmt":"2023-07-23T18:21:00","guid":{"rendered":"https:\/\/ladepeche.mr\/?p=6530"},"modified":"2023-07-23T18:21:00","modified_gmt":"2023-07-23T18:21:00","slug":"le-pm-devant-les-deputes-les-indicateurs-economiques-et-les-rapports-des-partenaires-montrent-le-grand-progres-qua-connu-leconomie-nationale","status":"publish","type":"post","link":"https:\/\/ladepeche.mr\/?p=6530","title":{"rendered":"Le PM devant les d\u00e9put\u00e9s :\u00a0\u00ables indicateurs \u00e9conomiques et les rapports des partenaires montrent le grand progr\u00e8s qu\u2019a connu l\u2019\u00e9conomie nationale\u00a0\u00bb\u00a0"},"content":{"rendered":"<p>Le Premier ministre, M. Mohamed Ould Bilal Messoud, a affirm\u00e9 que le programme du gouvernement qui est expos\u00e9 devant l\u2019Assembl\u00e9e Nationale comporte les grandes lignes du Programmes du Pr\u00e9sident de la R\u00e9publique et n\u2019est pas le bilan de l\u2019action du gouvernement, soulignant que le bilan de ce qui a \u00e9t\u00e9 r\u00e9alis\u00e9 dans tous les domaines en termes de chiffres est pr\u00e9sent\u00e9 \u00e0 la fin de chaque ann\u00e9e.<\/p>\n<p>Il a ajout\u00e9 en r\u00e9ponses aux interventions des d\u00e9put\u00e9s au cours de la s\u00e9ance pl\u00e9ni\u00e8re consacr\u00e9e \u00e0 la discussion du programme du gouvernement, samedi soir, que la migration est un ph\u00e9nom\u00e8ne mondial mais qu\u2019elle a connu un bond au cours des derni\u00e8re semaines, soulignant que les mauritanien qui ont migr\u00e9 exercent les m\u00eames travaux que ceux exerc\u00e9s par les migrants venus d\u2019autres pays en Mauritanie.<\/p>\n<p>Le Premier ministre a indiqu\u00e9 que les \u00e9lections qui ont eu lieu r\u00e9cemment dans le pays ont \u00e9t\u00e9 organis\u00e9es en concertation avec les partis politiques, affirmant que le gouvernement a approuv\u00e9 les textes issus de cette concertation sans aucun changement et a \u0153uvr\u00e9 pour rendre disponibles les allocations n\u00e9cessaires et un si\u00e8ge pour la commission \u00e9lectorale nationale Ind\u00e9pendante (CENI pour garantir des \u00e9lections honn\u00eates et transparentes.<\/p>\n<p>Il a ajout\u00e9 que les d\u00e9s\u00e9quilibres constat\u00e9s \u00e0 cause d\u2019un manque d\u2019exp\u00e9rience de la CENI ont port\u00e9 pr\u00e9judice \u00e0 tous les partis , y compris le parti \u201cEl Insaf\u201d qui dispose de la majorit\u00e9, pr\u00e9cisant que le gouvernement prendra cela en consid\u00e9ration apr\u00e8s la fin du rapport qui est en train d\u2019\u00eatre \u00e9labor\u00e9 dans ce domaine.<\/p>\n<p>Il a not\u00e9 que la d\u00e9centralisation qui est le pilier essentiel du d\u00e9veloppement local occupe une place de choix dans les pr\u00e9occupations du Pr\u00e9sident de la R\u00e9publique, Son Excellence Monsieur Mohamed Ould Cheikh El Ghazouani, soulignant l\u2019adoption d\u2019une strat\u00e9gie nationale de d\u00e9veloppement local, la formation des acteurs locaux, la construction des locaux des conseils r\u00e9gionaux et ceux de de certaines communes.<\/p>\n<p>Le Premier ministre a indiqu\u00e9 que la structuration des wilayas d\u00e9pend de la r\u00e9vision de la loi organisant les administrations r\u00e9gionales avec la pr\u00e9cision de certaines missions et la clarification du sch\u00e9ma directeur de la ville de Nouakchott apr\u00e8s sa r\u00e9partition en trois wilayas et la d\u00e9finition des niveaux territoriaux des collectivit\u00e9s locales.<\/p>\n<p>Il a pr\u00e9cis\u00e9 que tous les indicateurs \u00e9conomiques et les rapports des partenaires montrent le grand progr\u00e8s qu\u2019a connu l\u2019\u00e9conomie nationale, soulignant qu\u2019il n\u2019en veut pour preuve que le taux de croissance atteint l\u2019an dernier qui a \u00e9t\u00e9 de 5,3% et la baisse de l\u2019inflation qui a recul\u00e9 de 12,7% \u00e0 9%, ce qui a permis d\u2019enregistrer une grande baisse des prix des produits alimentaires de base par rapport \u00e0 leur niveau au cours ann\u00e9es pass\u00e9es.<\/p>\n<p>Il a en outre not\u00e9 que les indicateurs \u00e9conomiques montrent la baisse de la dette et la maitrise de l\u2019inflation et du d\u00e9ficit budg\u00e9taire gr\u00e2ce \u00e0 ce qui a \u00e9t\u00e9 accompli dans le domaine \u00e9conomique, ce qui a permis l\u2019ex\u00e9cution de nombreux projets sociaux qui ciblent les couches vuln\u00e9rables.<\/p>\n<p>Le Premier ministre a indiqu\u00e9 que de grands projets structurants sont en cours actuellement, transformant ainsi la ville de Nouakchott en un chantier de travail \u00e0 travers la construction<\/p>\n<p>d\u2019\u00e9coles, de routes, de r\u00e9seaux d\u2019eau et d\u2019\u00e9lectricit\u00e9, de ponts et m\u00eame de r\u00e9seaux num\u00e9riques, et ce malgr\u00e9 l\u2019h\u00e9ritage l\u00e9gu\u00e9 au gouvernement et les difficult\u00e9s auxquelles il a d\u00fb faire face au cours de la p\u00e9riode pass\u00e9e.<\/p>\n<p>Il a affirm\u00e9 que le taux d\u2019acc\u00e8s \u00e0 l\u2019eau a atteint 72% au lieu de 65% tandis que le taux d\u2019acc\u00e8s des populations \u00e0 l\u2019\u00e9lectricit\u00e9 a atteint 54%, soulignant dans ce cadre que les quantit\u00e9s d\u2019eau qui arrivent quotidiennement \u00e0 Nouakchott se sont \u00e9lev\u00e9es de 130 000 m3 \u00e0 175 000 m3 actuellement.<\/p>\n<p>Il a not\u00e9 que les coupures qui ont lieu au niveau du r\u00e9seau hydraulique \u00e0 Nouakchott ne sont pas dues \u00e0 des d\u00e9ficits des quantit\u00e9s mais s\u2019expliquent plut\u00f4t par des travaux de renouvellement du r\u00e9seau d\u2019eau \u00e0 Nouakchott, affirmant que ces difficult\u00e9s seront surmont\u00e9es dans les plus brefs d\u00e9lais possibles. Il a en outre soulign\u00e9 la r\u00e9alisation de 50 000 raccordements domestiques, pr\u00e9cisant que le travail se d\u00e9roule actuellement pour augmenter les rues principales dans la ville de Nouakchott et pour la r\u00e9alisation d\u2019une centrale de dessalement de l\u2019eau de mer dans la ville de Nouadhibou devant permettre de pomper 5000m3 d\u2019eau, cela en plus d\u2019un projet de renforcement d\u2019eau \u00e0 Nouadhibou \u00e0 partir de la nappe de Boulenouar, en cours de de r\u00e9alisation actuellement. .<\/p>\n<p>Le Premier ministre a pr\u00e9cis\u00e9 que le gouvernement a recrut\u00e9 depuis 2019 et jusqu\u2019\u00e0 pr\u00e9sent, 2300 \u00e9l\u00e9ments des travailleurs de la sant\u00e9 dans tous les domaines m\u00e9dicaux, notant, par ailleurs, que le fonds national de l\u2019emploi qui a jusqu\u2019\u00e0 pr\u00e9sent financ\u00e9 10 000 unit\u00e9s d\u2019emplois des jeunes a \u00e9t\u00e9 dynamis\u00e9, en plus du paiement de l\u2019indemnit\u00e9 du ch\u00f4mage annonc\u00e9 par le Pr\u00e9sident de la R\u00e9publique, ajoutant que le gouvernement a men\u00e9 aussi une restructuration de l\u2019Agence de l\u2019Emploi des jeunes et proc\u00e9d\u00e9 au recrutement de 16400 \u00e9l\u00e9ments au cours des 4 derni\u00e8res ann\u00e9es dans le secteur public , ce qui n\u2019a pas \u00e9t\u00e9 r\u00e9alis\u00e9 au cours des 10 derni\u00e8res ann\u00e9es.<\/p>\n<p>Il a soulign\u00e9 que le parlement jouit du respect et qu\u2019il est n\u00e9cessaire de respecter le Pr\u00e9sident de la R\u00e9publique qui doit rester en dehors des discussions au sein du Parlement, pr\u00e9cisant que les critiques doivent \u00eatre adress\u00e9es au Premier ministre et aux membres du gouvernement.<\/p>\n<p>Ce qui s\u2019est produit aujourd\u2019hui est tr\u00e8s grave, a-t-il dit, car le Pr\u00e9sident de la R\u00e9publique est consid\u00e9r\u00e9 comme un grand symbole et qu\u2019il n\u2019est pas acceptable de porter atteinte \u00e0 sa personne, insistant sur la n\u00e9cessit\u00e9 de jouir de la d\u00e9mocratie qui permet d\u2019exercer le travail dans un climat d\u2019ouverture et de respect r\u00e9ciproque.<br \/>\nAmi<\/p>\n","protected":false},"excerpt":{"rendered":"<p>Le Premier ministre, M. Mohamed Ould Bilal Messoud, a affirm\u00e9 que le programme du gouvernement qui est expos\u00e9 devant l\u2019Assembl\u00e9e Nationale comporte les grandes lignes du Programmes du Pr\u00e9sident de la R\u00e9publique et n\u2019est pas le bilan de l\u2019action du gouvernement, soulignant que le bilan de ce qui a \u00e9t\u00e9 r\u00e9alis\u00e9 dans tous les domaines &hellip;<\/p>\n","protected":false},"author":2,"featured_media":0,"comment_status":"open","ping_status":"open","sticky":false,"template":"","format":"standard","meta":{"footnotes":""},"categories":[18,2],"tags":[],"class_list":["post-6530","post","type-post","status-publish","format-standard","hentry","category-actualites","category-economie"],"_links":{"self":[{"href":"https:\/\/ladepeche.mr\/index.php?rest_route=\/wp\/v2\/posts\/6530","targetHints":{"allow":["GET"]}}],"collection":[{"href":"https:\/\/ladepeche.mr\/index.php?rest_route=\/wp\/v2\/posts"}],"about":[{"href":"https:\/\/ladepeche.mr\/index.php?rest_route=\/wp\/v2\/types\/post"}],"author":[{"embeddable":true,"href":"https:\/\/ladepeche.mr\/index.php?rest_route=\/wp\/v2\/users\/2"}],"replies":[{"embeddable":true,"href":"https:\/\/ladepeche.mr\/index.php?rest_route=%2Fwp%2Fv2%2Fcomments&post=6530"}],"version-history":[{"count":1,"href":"https:\/\/ladepeche.mr\/index.php?rest_route=\/wp\/v2\/posts\/6530\/revisions"}],"predecessor-version":[{"id":6531,"href":"https:\/\/ladepeche.mr\/index.php?rest_route=\/wp\/v2\/posts\/6530\/revisions\/6531"}],"wp:attachment":[{"href":"https:\/\/ladepeche.mr\/index.php?rest_route=%2Fwp%2Fv2%2Fmedia&parent=6530"}],"wp:term":[{"taxonomy":"category","embeddable":true,"href":"https:\/\/ladepeche.mr\/index.php?rest_route=%2Fwp%2Fv2%2Fcategories&post=6530"},{"taxonomy":"post_tag","embeddable":true,"href":"https:\/\/ladepeche.mr\/index.php?rest_route=%2Fwp%2Fv2%2Ftags&post=6530"}],"curies":[{"name":"wp","href":"https:\/\/api.w.org\/{rel}","templated":true}]}}