{"id":6534,"date":"2023-07-24T20:27:11","date_gmt":"2023-07-24T20:27:11","guid":{"rendered":"https:\/\/ladepeche.mr\/?p=6534"},"modified":"2023-07-24T20:31:35","modified_gmt":"2023-07-24T20:31:35","slug":"assemblee-nationale-mesure-disciplinaire-contre-un-depute","status":"publish","type":"post","link":"https:\/\/ladepeche.mr\/?p=6534","title":{"rendered":"Assembl\u00e9e nationale: mesure disciplinaire contre un d\u00e9put\u00e9"},"content":{"rendered":"<p>Le d\u00e9put\u00e9 Mohamed Bouya a \u00e9t\u00e9 exclu de quatre s\u00e9ances pl\u00e9ni\u00e8res de l\u2019Assembl\u00e9e nationale, en a d\u00e9cid\u00e9 le bureau.<br \/>\nLa suspension du d\u00e9put\u00e9 intervient apr\u00e8s sa sortie qualifi\u00e9e d\u2019outrage \u00e0 l\u2019endroit du pr\u00e9sident de la R\u00e9publique.<br \/>\nLa d\u00e9cision d\u2019interdiction de pr\u00e9sence du d\u00e9put\u00e9 \u00e0 ces quatre s\u00e9ances pl\u00e9ni\u00e8res successives a \u00e9t\u00e9 lue par le pr\u00e9sident de l\u2019Assenbl\u00e9e, Mohamed Ould Meguett.<\/p>\n","protected":false},"excerpt":{"rendered":"<p>Le d\u00e9put\u00e9 Mohamed Bouya a \u00e9t\u00e9 exclu de quatre s\u00e9ances pl\u00e9ni\u00e8res de l\u2019Assembl\u00e9e nationale, en a d\u00e9cid\u00e9 le bureau. La suspension du d\u00e9put\u00e9 intervient apr\u00e8s sa sortie qualifi\u00e9e d\u2019outrage \u00e0 l\u2019endroit du pr\u00e9sident de la R\u00e9publique. La d\u00e9cision d\u2019interdiction de pr\u00e9sence du d\u00e9put\u00e9 \u00e0 ces quatre s\u00e9ances pl\u00e9ni\u00e8res successives a \u00e9t\u00e9 lue par le pr\u00e9sident &hellip;<\/p>\n","protected":false},"author":2,"featured_media":6536,"comment_status":"open","ping_status":"open","sticky":false,"template":"","format":"standard","meta":{"footnotes":""},"categories":[26],"tags":[],"class_list":["post-6534","post","type-post","status-publish","format-standard","has-post-thumbnail","hentry","category-en-panne"],"_links":{"self":[{"href":"https:\/\/ladepeche.mr\/index.php?rest_route=\/wp\/v2\/posts\/6534","targetHints":{"allow":["GET"]}}],"collection":[{"href":"https:\/\/ladepeche.mr\/index.php?rest_route=\/wp\/v2\/posts"}],"about":[{"href":"https:\/\/ladepeche.mr\/index.php?rest_route=\/wp\/v2\/types\/post"}],"author":[{"embeddable":true,"href":"https:\/\/ladepeche.mr\/index.php?rest_route=\/wp\/v2\/users\/2"}],"replies":[{"embeddable":true,"href":"https:\/\/ladepeche.mr\/index.php?rest_route=%2Fwp%2Fv2%2Fcomments&post=6534"}],"version-history":[{"count":2,"href":"https:\/\/ladepeche.mr\/index.php?rest_route=\/wp\/v2\/posts\/6534\/revisions"}],"predecessor-version":[{"id":6537,"href":"https:\/\/ladepeche.mr\/index.php?rest_route=\/wp\/v2\/posts\/6534\/revisions\/6537"}],"wp:featuredmedia":[{"embeddable":true,"href":"https:\/\/ladepeche.mr\/index.php?rest_route=\/wp\/v2\/media\/6536"}],"wp:attachment":[{"href":"https:\/\/ladepeche.mr\/index.php?rest_route=%2Fwp%2Fv2%2Fmedia&parent=6534"}],"wp:term":[{"taxonomy":"category","embeddable":true,"href":"https:\/\/ladepeche.mr\/index.php?rest_route=%2Fwp%2Fv2%2Fcategories&post=6534"},{"taxonomy":"post_tag","embeddable":true,"href":"https:\/\/ladepeche.mr\/index.php?rest_route=%2Fwp%2Fv2%2Ftags&post=6534"}],"curies":[{"name":"wp","href":"https:\/\/api.w.org\/{rel}","templated":true}]}}