{"id":6558,"date":"2023-07-26T17:09:33","date_gmt":"2023-07-26T17:09:33","guid":{"rendered":"https:\/\/ladepeche.mr\/?p=6558"},"modified":"2023-07-26T17:09:58","modified_gmt":"2023-07-26T17:09:58","slug":"coup-de-force-au-niger-un-risque-daffrontement-entre-les-gardes-presidentielle-et-nationale","status":"publish","type":"post","link":"https:\/\/ladepeche.mr\/?p=6558","title":{"rendered":"Coup de force au Niger : un risque d&#8217;affrontement entre les gardes pr\u00e9sidentielle et nationale ?"},"content":{"rendered":"<p>Le secr\u00e9taire g\u00e9n\u00e9ral de l&#8217;ONU &#8220;condamne avec la plus grande fermet\u00e9 toute tentative de prise de pouvoir par la force&#8221; au Niger o\u00f9 une tentative de coup d&#8217;Etat est en cours, a d\u00e9clar\u00e9 son porte-parole St\u00e9phane Dujarric.<br \/>\nhttps:\/\/www.france24.com\/fr\/vid%C3%A9o\/20230726-coup-de-force-au-niger-un-risque-d-affrontement-entre-la-garde-pr%C3%A9sidentielle-et-la-garde-nationale<\/p>\n","protected":false},"excerpt":{"rendered":"<p>Le secr\u00e9taire g\u00e9n\u00e9ral de l&#8217;ONU &#8220;condamne avec la plus grande fermet\u00e9 toute tentative de prise de pouvoir par la force&#8221; au Niger o\u00f9 une tentative de coup d&#8217;Etat est en cours, a d\u00e9clar\u00e9 son porte-parole St\u00e9phane Dujarric. https:\/\/www.france24.com\/fr\/vid%C3%A9o\/20230726-coup-de-force-au-niger-un-risque-d-affrontement-entre-la-garde-pr%C3%A9sidentielle-et-la-garde-nationale<\/p>\n","protected":false},"author":2,"featured_media":6559,"comment_status":"open","ping_status":"open","sticky":false,"template":"","format":"standard","meta":{"footnotes":""},"categories":[18,29],"tags":[],"class_list":["post-6558","post","type-post","status-publish","format-standard","has-post-thumbnail","hentry","category-actualites","category-monde"],"_links":{"self":[{"href":"https:\/\/ladepeche.mr\/index.php?rest_route=\/wp\/v2\/posts\/6558","targetHints":{"allow":["GET"]}}],"collection":[{"href":"https:\/\/ladepeche.mr\/index.php?rest_route=\/wp\/v2\/posts"}],"about":[{"href":"https:\/\/ladepeche.mr\/index.php?rest_route=\/wp\/v2\/types\/post"}],"author":[{"embeddable":true,"href":"https:\/\/ladepeche.mr\/index.php?rest_route=\/wp\/v2\/users\/2"}],"replies":[{"embeddable":true,"href":"https:\/\/ladepeche.mr\/index.php?rest_route=%2Fwp%2Fv2%2Fcomments&post=6558"}],"version-history":[{"count":2,"href":"https:\/\/ladepeche.mr\/index.php?rest_route=\/wp\/v2\/posts\/6558\/revisions"}],"predecessor-version":[{"id":6561,"href":"https:\/\/ladepeche.mr\/index.php?rest_route=\/wp\/v2\/posts\/6558\/revisions\/6561"}],"wp:featuredmedia":[{"embeddable":true,"href":"https:\/\/ladepeche.mr\/index.php?rest_route=\/wp\/v2\/media\/6559"}],"wp:attachment":[{"href":"https:\/\/ladepeche.mr\/index.php?rest_route=%2Fwp%2Fv2%2Fmedia&parent=6558"}],"wp:term":[{"taxonomy":"category","embeddable":true,"href":"https:\/\/ladepeche.mr\/index.php?rest_route=%2Fwp%2Fv2%2Fcategories&post=6558"},{"taxonomy":"post_tag","embeddable":true,"href":"https:\/\/ladepeche.mr\/index.php?rest_route=%2Fwp%2Fv2%2Ftags&post=6558"}],"curies":[{"name":"wp","href":"https:\/\/api.w.org\/{rel}","templated":true}]}}