{"id":6562,"date":"2023-07-26T17:46:28","date_gmt":"2023-07-26T17:46:28","guid":{"rendered":"https:\/\/ladepeche.mr\/?p=6562"},"modified":"2023-07-26T17:46:28","modified_gmt":"2023-07-26T17:46:28","slug":"affaire-de-la-fuite-des-djihadistes-en-mauritanie-un-presume-complice-arrete-au-senegal","status":"publish","type":"post","link":"https:\/\/ladepeche.mr\/?p=6562","title":{"rendered":"Affaire de la fuite des Djihadistes en Mauritanie : Un pr\u00e9sum\u00e9 complice arr\u00eat\u00e9 au S\u00e9n\u00e9gal"},"content":{"rendered":"<p>Un s\u00e9n\u00e9galais , du nom de Adama Sow, a \u00e9t\u00e9 interpel\u00e9 il y a deux jours par la police de son pays pour r\u00e9pondre de l\u2019accusation de complicit\u00e9 dans l\u2019organisation de la fuite, en mars 2023, de Saleck Ould Cheikh ; apr\u00e8s l\u2019assassinat \u00e0 la prison civile de deux gardiens de prison.<br \/>\nL\u2019information rapport\u00e9e par les m\u00e9dias s\u00e9n\u00e9galais ce mercredi indique que Adama Sow, a \u00e9t\u00e9 interpell\u00e9, \u00ab le 23 juillet 2023, au S\u00e9n\u00e9gal notamment \u00e0 Keur Ayip par les hommes du commissariat sp\u00e9cial de Keur Ayib \u00bb. Il serait entendu actuellement par la brigade anti-terroriste de la Division des investigations criminelles qui l\u2019a plac\u00e9 en garde de vue en attendant de faire la lumi\u00e8re sur son implication pr\u00e9sum\u00e9e dans cette affaire. L\u2019individu ; n\u00e9 en 1986 \u00e0 Bignona, nie tout lien avec l\u2019incident. il est en garde-\u00e0-vue pour les n\u00e9cessit\u00e9s de l\u2019enqu\u00eate, rapporte-t-on de m\u00eame source.<br \/>\nA noter que trois parmi les terroristes en fuite dont Saleck Ould Cheikh, le plus dangereux parmi eux, avaient traqu\u00e9s et tu\u00e9s dans la r\u00e9gion de l&#8217;Adrar dans un accrochage avec des unit\u00e9s d&#8217;\u00e9lites des forces arm\u00e9es mauritaniennes.<\/p>\n","protected":false},"excerpt":{"rendered":"<p>Un s\u00e9n\u00e9galais , du nom de Adama Sow, a \u00e9t\u00e9 interpel\u00e9 il y a deux jours par la police de son pays pour r\u00e9pondre de l\u2019accusation de complicit\u00e9 dans l\u2019organisation de la fuite, en mars 2023, de Saleck Ould Cheikh ; apr\u00e8s l\u2019assassinat \u00e0 la prison civile de deux gardiens de prison. L\u2019information rapport\u00e9e par &hellip;<\/p>\n","protected":false},"author":2,"featured_media":6563,"comment_status":"open","ping_status":"open","sticky":false,"template":"","format":"standard","meta":{"footnotes":""},"categories":[18,29],"tags":[],"class_list":["post-6562","post","type-post","status-publish","format-standard","has-post-thumbnail","hentry","category-actualites","category-monde"],"_links":{"self":[{"href":"https:\/\/ladepeche.mr\/index.php?rest_route=\/wp\/v2\/posts\/6562","targetHints":{"allow":["GET"]}}],"collection":[{"href":"https:\/\/ladepeche.mr\/index.php?rest_route=\/wp\/v2\/posts"}],"about":[{"href":"https:\/\/ladepeche.mr\/index.php?rest_route=\/wp\/v2\/types\/post"}],"author":[{"embeddable":true,"href":"https:\/\/ladepeche.mr\/index.php?rest_route=\/wp\/v2\/users\/2"}],"replies":[{"embeddable":true,"href":"https:\/\/ladepeche.mr\/index.php?rest_route=%2Fwp%2Fv2%2Fcomments&post=6562"}],"version-history":[{"count":1,"href":"https:\/\/ladepeche.mr\/index.php?rest_route=\/wp\/v2\/posts\/6562\/revisions"}],"predecessor-version":[{"id":6564,"href":"https:\/\/ladepeche.mr\/index.php?rest_route=\/wp\/v2\/posts\/6562\/revisions\/6564"}],"wp:featuredmedia":[{"embeddable":true,"href":"https:\/\/ladepeche.mr\/index.php?rest_route=\/wp\/v2\/media\/6563"}],"wp:attachment":[{"href":"https:\/\/ladepeche.mr\/index.php?rest_route=%2Fwp%2Fv2%2Fmedia&parent=6562"}],"wp:term":[{"taxonomy":"category","embeddable":true,"href":"https:\/\/ladepeche.mr\/index.php?rest_route=%2Fwp%2Fv2%2Fcategories&post=6562"},{"taxonomy":"post_tag","embeddable":true,"href":"https:\/\/ladepeche.mr\/index.php?rest_route=%2Fwp%2Fv2%2Ftags&post=6562"}],"curies":[{"name":"wp","href":"https:\/\/api.w.org\/{rel}","templated":true}]}}