{"id":6577,"date":"2023-07-27T11:37:39","date_gmt":"2023-07-27T11:37:39","guid":{"rendered":"https:\/\/ladepeche.mr\/?p=6577"},"modified":"2023-07-27T11:37:39","modified_gmt":"2023-07-27T11:37:39","slug":"la-mauritanie-condamne-la-tentative-de-coup-detat-en-republique-du-niger","status":"publish","type":"post","link":"https:\/\/ladepeche.mr\/?p=6577","title":{"rendered":"La Mauritanie condamne la tentative de coup d\u2019\u00c9tat en R\u00e9publique du Niger"},"content":{"rendered":"<p>La R\u00e9publique islamique de Mauritanie a fermement condamn\u00e9 la tentative de coup d\u2019\u00c9tat actuellement en cours en R\u00e9publique du Niger.<\/p>\n<p>C\u2019est ce qui ressort d\u2019un communiqu\u00e9 du minist\u00e8re des Affaires \u00e9trang\u00e8res, de la Coop\u00e9ration et des Mauritaniens de l\u2019\u00e9tranger, dont une copie est parvenue \u00e0 l\u2019Agence mauritanienne d\u2019Information.<\/p>\n<p>En voici le texte int\u00e9gral :<\/p>\n<p>\u00ab La R\u00e9publique islamique de Mauritanie condamne fermement la tentative de coup d\u2019\u00c9tat en cours en R\u00e9publique s\u0153ur du Niger.<\/p>\n<p>Le gouvernement mauritanien, tout en observant avec une grande inqui\u00e9tude l\u2019\u00e9volution de la situation dans ce pays fr\u00e8re, renouvelle son rejet absolu des changements anticonstitutionnels de gouvernements qui sont incompatibles avec l\u2019Acte constitutif de l\u2019Union africaine.<\/p>\n<p>Il appelle \u00e0 des efforts concert\u00e9s pour pr\u00e9server la s\u00e9curit\u00e9 et la stabilit\u00e9 de la R\u00e9publique du Niger et de ses institutions constitutionnelles.<\/p>\n<p>Ami<\/p>\n","protected":false},"excerpt":{"rendered":"<p>La R\u00e9publique islamique de Mauritanie a fermement condamn\u00e9 la tentative de coup d\u2019\u00c9tat actuellement en cours en R\u00e9publique du Niger. C\u2019est ce qui ressort d\u2019un communiqu\u00e9 du minist\u00e8re des Affaires \u00e9trang\u00e8res, de la Coop\u00e9ration et des Mauritaniens de l\u2019\u00e9tranger, dont une copie est parvenue \u00e0 l\u2019Agence mauritanienne d\u2019Information. En voici le texte int\u00e9gral : \u00ab &hellip;<\/p>\n","protected":false},"author":2,"featured_media":0,"comment_status":"open","ping_status":"open","sticky":false,"template":"","format":"standard","meta":{"footnotes":""},"categories":[18,29],"tags":[],"class_list":["post-6577","post","type-post","status-publish","format-standard","hentry","category-actualites","category-monde"],"_links":{"self":[{"href":"https:\/\/ladepeche.mr\/index.php?rest_route=\/wp\/v2\/posts\/6577","targetHints":{"allow":["GET"]}}],"collection":[{"href":"https:\/\/ladepeche.mr\/index.php?rest_route=\/wp\/v2\/posts"}],"about":[{"href":"https:\/\/ladepeche.mr\/index.php?rest_route=\/wp\/v2\/types\/post"}],"author":[{"embeddable":true,"href":"https:\/\/ladepeche.mr\/index.php?rest_route=\/wp\/v2\/users\/2"}],"replies":[{"embeddable":true,"href":"https:\/\/ladepeche.mr\/index.php?rest_route=%2Fwp%2Fv2%2Fcomments&post=6577"}],"version-history":[{"count":1,"href":"https:\/\/ladepeche.mr\/index.php?rest_route=\/wp\/v2\/posts\/6577\/revisions"}],"predecessor-version":[{"id":6578,"href":"https:\/\/ladepeche.mr\/index.php?rest_route=\/wp\/v2\/posts\/6577\/revisions\/6578"}],"wp:attachment":[{"href":"https:\/\/ladepeche.mr\/index.php?rest_route=%2Fwp%2Fv2%2Fmedia&parent=6577"}],"wp:term":[{"taxonomy":"category","embeddable":true,"href":"https:\/\/ladepeche.mr\/index.php?rest_route=%2Fwp%2Fv2%2Fcategories&post=6577"},{"taxonomy":"post_tag","embeddable":true,"href":"https:\/\/ladepeche.mr\/index.php?rest_route=%2Fwp%2Fv2%2Ftags&post=6577"}],"curies":[{"name":"wp","href":"https:\/\/api.w.org\/{rel}","templated":true}]}}