{"id":6622,"date":"2023-07-30T14:28:58","date_gmt":"2023-07-30T14:28:58","guid":{"rendered":"https:\/\/ladepeche.mr\/?p=6622"},"modified":"2023-07-30T14:28:58","modified_gmt":"2023-07-30T14:28:58","slug":"mauritanie-un-deces-consecutif-a-la-fievre-crimee-congo","status":"publish","type":"post","link":"https:\/\/ladepeche.mr\/?p=6622","title":{"rendered":"Mauritanie : Un d\u00e9c\u00e8s cons\u00e9cutif \u00e0 la fi\u00e8vre Crim\u00e9e-Congo"},"content":{"rendered":"<p>Le minist\u00e8re mauritanien de la sant\u00e9 a annonc\u00e9 vendredi le d\u00e9c\u00e8s d\u2019une personne atteinte de la fi\u00e8vre h\u00e9morragique Crim\u00e9e-Congo apr\u00e8s que la maladie ait \u00e9t\u00e9 diagnostiqu\u00e9e chez lui dans un pays voisin.<\/p>\n<p>Le directeur g\u00e9n\u00e9ral de la sant\u00e9 publique, Mohamed Mahmoud O. Ely Telmoud a dit que les services de surveillance \u00e9pid\u00e9miologique et d\u2019enqu\u00eate ont identifi\u00e9 les personnes ayant \u00e9t\u00e9 en contact avec le d\u00e9funt et les ont plac\u00e9s sous contr\u00f4le, affirmant cependant qu\u2019ils sont en bonne sant\u00e9 et leur \u00e9tat est normal \u00bb.<br \/>\nIl a ajout\u00e9 qu\u2019il s\u2019agit du premier cas humain enregistr\u00e9 chez un mauritanien au cours de cette ann\u00e9e.<\/p>\n<p>Il a encore dit que le minist\u00e8re a d\u00e9p\u00each\u00e9 des missions d\u2019investigation du b\u00e9tail qui pourrait avoir \u00e9t\u00e9 \u00e0 l\u2019origine de la maladie afin de le traiter et prendre les mesures demand\u00e9es en ce sens.<\/p>\n<p>La Mauritanie avait annonc\u00e9 la d\u00e9couverte du premier cas de cette fi\u00e8vre h\u00e9morragique mortelle en f\u00e9vrier de l\u2019ann\u00e9e derni\u00e8re mais le minist\u00e8re avait \u00e9voqu\u00e9 en son temps l\u2019apparition de cas non inqui\u00e9tants de la maladie recens\u00e9s annuellement en Mauritanie.<\/p>\n<p>La Mauritanie avait fait \u00e9tat de la d\u00e9couverte de 5 cas de la maladie dont trois ont \u00e9t\u00e9 gu\u00e9ris et les deux autres d\u00e9c\u00e9d\u00e9s.<\/p>\n<p>La fi\u00e8vre de Crim\u00e9e congolaise est l\u2019une des fi\u00e8vres h\u00e9morragiques les plus dangereuses connues, et l\u2019Organisation mondiale de la sant\u00e9 affirme que le virus, \u00e0 l\u2019origine de la maladie se transmet \u00e0 l\u2019homme par les tiques et les animaux d\u2019\u00e9levage, alors qu\u2019il se transmet d\u2019une personne \u00e0 l\u2019autre au contact du sang, les s\u00e9cr\u00e9tions, les organes ou d\u2019autres fluides corporels de la personne infect\u00e9e.<\/p>\n<p>L\u2019OMS, note que malgr\u00e9 l\u2019apparition pr\u00e9coce de cette fi\u00e8vre, h\u00e9morragique, \u00ab il n\u2019existe aucun vaccin contre le virus, ni pour l\u2019homme ni pour l\u2019animal \u00bb.<\/p>\n<p>Le protocole de traitement se limite au traitement des seuls sympt\u00f4mes qui apparaissent, et la prise en charge permanente du patient.<br \/>\nSaharam\u00e9dias<\/p>\n","protected":false},"excerpt":{"rendered":"<p>Le minist\u00e8re mauritanien de la sant\u00e9 a annonc\u00e9 vendredi le d\u00e9c\u00e8s d\u2019une personne atteinte de la fi\u00e8vre h\u00e9morragique Crim\u00e9e-Congo apr\u00e8s que la maladie ait \u00e9t\u00e9 diagnostiqu\u00e9e chez lui dans un pays voisin. Le directeur g\u00e9n\u00e9ral de la sant\u00e9 publique, Mohamed Mahmoud O. Ely Telmoud a dit que les services de surveillance \u00e9pid\u00e9miologique et d\u2019enqu\u00eate ont &hellip;<\/p>\n","protected":false},"author":2,"featured_media":6623,"comment_status":"open","ping_status":"open","sticky":false,"template":"","format":"standard","meta":{"footnotes":""},"categories":[18,27],"tags":[],"class_list":["post-6622","post","type-post","status-publish","format-standard","has-post-thumbnail","hentry","category-actualites","category-sante"],"_links":{"self":[{"href":"https:\/\/ladepeche.mr\/index.php?rest_route=\/wp\/v2\/posts\/6622","targetHints":{"allow":["GET"]}}],"collection":[{"href":"https:\/\/ladepeche.mr\/index.php?rest_route=\/wp\/v2\/posts"}],"about":[{"href":"https:\/\/ladepeche.mr\/index.php?rest_route=\/wp\/v2\/types\/post"}],"author":[{"embeddable":true,"href":"https:\/\/ladepeche.mr\/index.php?rest_route=\/wp\/v2\/users\/2"}],"replies":[{"embeddable":true,"href":"https:\/\/ladepeche.mr\/index.php?rest_route=%2Fwp%2Fv2%2Fcomments&post=6622"}],"version-history":[{"count":1,"href":"https:\/\/ladepeche.mr\/index.php?rest_route=\/wp\/v2\/posts\/6622\/revisions"}],"predecessor-version":[{"id":6624,"href":"https:\/\/ladepeche.mr\/index.php?rest_route=\/wp\/v2\/posts\/6622\/revisions\/6624"}],"wp:featuredmedia":[{"embeddable":true,"href":"https:\/\/ladepeche.mr\/index.php?rest_route=\/wp\/v2\/media\/6623"}],"wp:attachment":[{"href":"https:\/\/ladepeche.mr\/index.php?rest_route=%2Fwp%2Fv2%2Fmedia&parent=6622"}],"wp:term":[{"taxonomy":"category","embeddable":true,"href":"https:\/\/ladepeche.mr\/index.php?rest_route=%2Fwp%2Fv2%2Fcategories&post=6622"},{"taxonomy":"post_tag","embeddable":true,"href":"https:\/\/ladepeche.mr\/index.php?rest_route=%2Fwp%2Fv2%2Ftags&post=6622"}],"curies":[{"name":"wp","href":"https:\/\/api.w.org\/{rel}","templated":true}]}}