{"id":6625,"date":"2023-07-30T14:33:22","date_gmt":"2023-07-30T14:33:22","guid":{"rendered":"https:\/\/ladepeche.mr\/?p=6625"},"modified":"2023-07-30T14:33:22","modified_gmt":"2023-07-30T14:33:22","slug":"saara-de-mbarek-ould-beyrouk-prime-au-filid-2023","status":"publish","type":"post","link":"https:\/\/ladepeche.mr\/?p=6625","title":{"rendered":"Saara de Mbarek Ould Beyrouk, prim\u00e9 au FILID 2023"},"content":{"rendered":"<p>Notre compatriote, l\u2019\u00e9crivain, M\u2019Bareck Beyrouck, continue de confirmer son talent de grand \u00e9crivain dans des salons et festivals d\u00e9di\u00e9s au roman africain.<br \/>\nSon roman Saara, d\u00e9j\u00e0 reconnu, vient d\u2019\u00eatre aur\u00e9ol\u00e9 du Prix Cheick Hamidou Kane du roman de l\u2019\u00e9dition 2023 du FILID (Festival International de litt\u00e9rature de Dakar).<br \/>\nLes autres prix ont \u00e9t\u00e9 d\u00e9cern\u00e9s comme suit :<br \/>\n&#8211; Prix Abdoulaye Racine Senghor pour le roman s\u00e9n\u00e9galais :<br \/>\nL&#8217;odyss\u00e9e des oubli\u00e9s, Khalil Diallo<br \/>\n&#8211; Prix international Annette Mbaye d&#8217;Herneville de la po\u00e9sie :<br \/>\nLe po\u00e8me n&#8217;est pas un objet perdu, Tanella Boni<\/p>\n","protected":false},"excerpt":{"rendered":"<p>Notre compatriote, l\u2019\u00e9crivain, M\u2019Bareck Beyrouck, continue de confirmer son talent de grand \u00e9crivain dans des salons et festivals d\u00e9di\u00e9s au roman africain. Son roman Saara, d\u00e9j\u00e0 reconnu, vient d\u2019\u00eatre aur\u00e9ol\u00e9 du Prix Cheick Hamidou Kane du roman de l\u2019\u00e9dition 2023 du FILID (Festival International de litt\u00e9rature de Dakar). Les autres prix ont \u00e9t\u00e9 d\u00e9cern\u00e9s comme &hellip;<\/p>\n","protected":false},"author":2,"featured_media":6626,"comment_status":"open","ping_status":"open","sticky":false,"template":"","format":"standard","meta":{"footnotes":""},"categories":[15,25],"tags":[],"class_list":["post-6625","post","type-post","status-publish","format-standard","has-post-thumbnail","hentry","category-culture","category-en-forme"],"_links":{"self":[{"href":"https:\/\/ladepeche.mr\/index.php?rest_route=\/wp\/v2\/posts\/6625","targetHints":{"allow":["GET"]}}],"collection":[{"href":"https:\/\/ladepeche.mr\/index.php?rest_route=\/wp\/v2\/posts"}],"about":[{"href":"https:\/\/ladepeche.mr\/index.php?rest_route=\/wp\/v2\/types\/post"}],"author":[{"embeddable":true,"href":"https:\/\/ladepeche.mr\/index.php?rest_route=\/wp\/v2\/users\/2"}],"replies":[{"embeddable":true,"href":"https:\/\/ladepeche.mr\/index.php?rest_route=%2Fwp%2Fv2%2Fcomments&post=6625"}],"version-history":[{"count":1,"href":"https:\/\/ladepeche.mr\/index.php?rest_route=\/wp\/v2\/posts\/6625\/revisions"}],"predecessor-version":[{"id":6627,"href":"https:\/\/ladepeche.mr\/index.php?rest_route=\/wp\/v2\/posts\/6625\/revisions\/6627"}],"wp:featuredmedia":[{"embeddable":true,"href":"https:\/\/ladepeche.mr\/index.php?rest_route=\/wp\/v2\/media\/6626"}],"wp:attachment":[{"href":"https:\/\/ladepeche.mr\/index.php?rest_route=%2Fwp%2Fv2%2Fmedia&parent=6625"}],"wp:term":[{"taxonomy":"category","embeddable":true,"href":"https:\/\/ladepeche.mr\/index.php?rest_route=%2Fwp%2Fv2%2Fcategories&post=6625"},{"taxonomy":"post_tag","embeddable":true,"href":"https:\/\/ladepeche.mr\/index.php?rest_route=%2Fwp%2Fv2%2Ftags&post=6625"}],"curies":[{"name":"wp","href":"https:\/\/api.w.org\/{rel}","templated":true}]}}