{"id":6631,"date":"2023-07-31T16:36:49","date_gmt":"2023-07-31T16:36:49","guid":{"rendered":"https:\/\/ladepeche.mr\/?p=6631"},"modified":"2023-07-31T16:42:04","modified_gmt":"2023-07-31T16:42:04","slug":"proces-de-la-decennie-le-tribunal-correctionnel-specialise-a-une-premiere-audition-de-ould-ouda","status":"publish","type":"post","link":"https:\/\/ladepeche.mr\/?p=6631","title":{"rendered":"Proc\u00e8s de la d\u00e9cennie : Le tribunal correctionnel sp\u00e9cialis\u00e9 met fin \u00e0 une premi\u00e8re audition de Ould OUDA"},"content":{"rendered":"<p>Le tribunal correctionnel sp\u00e9cialis\u00e9 dans la lutte contre la corruption en Mauritanie a d\u00e9cid\u00e9 lundi de mettre fin \u00e0 l\u2019audition de l\u2019ancien ministre et ancien directeur g\u00e9n\u00e9ral de la soci\u00e9t\u00e9 nationale industrielle et mini\u00e8re (SNIM), Mohamed Abdallahi Ould Oudaa, entendu dans cette affaire dite de la d\u00e9cennie. Ould Oudda a \u00e9t\u00e9 entendu sur plusieurs affaires et devrait voir Taleb Ould Abdivall, \u00e9galement ancien ministre et ex-ADG de la Snim, lui succ\u00e9der \u00e0 la barre.<\/p>\n<p>Mohamed Abdallahi Ould Oudaa comparait depuis mardi pour r\u00e9pondre de plusieurs march\u00e9s attribu\u00e9s pendant qu\u2019il \u00e9tait aux commandes de la Snim dont l\u2019achat par la Fondation de  10.000 tonnes d\u2019aliments de b\u00e9tail. Un march\u00e9 dont se d\u00e9fend l\u2019ancien ADG de la Snim estimant que c\u2019est une d\u00e9cision du conseil d\u2019administration de l\u2019entreprise qui aurait d\u00e9cid\u00e9 d\u2019\u00e9largir le champ d\u2019action de la fondation. Ould Oudaa a d\u00fb \u00e9galement faire face \u00e0 des questions comme sur le pr\u00eat de 15 milliards d\u2019ouguiyas consenti par la Snim \u00e0 la soci\u00e9t\u00e9 Nejah dans le march\u00e9 pour la construction de l\u2019a\u00e9roport international de Nouakchott ou encore le projet de construction par l\u2019entreprise d\u2019un h\u00f4tel luxueux \u00e0 Nouakchott.<br \/>\nNotons qu\u2019\u00e0 la fin de sa comparution, l\u2019ancien ministre et ADG de la Snim a vers\u00e9 plusieurs documents \u00e0 son dossier pour \u00e9tayer ses dires.<\/p>\n","protected":false},"excerpt":{"rendered":"<p>Le tribunal correctionnel sp\u00e9cialis\u00e9 dans la lutte contre la corruption en Mauritanie a d\u00e9cid\u00e9 lundi de mettre fin \u00e0 l\u2019audition de l\u2019ancien ministre et ancien directeur g\u00e9n\u00e9ral de la soci\u00e9t\u00e9 nationale industrielle et mini\u00e8re (SNIM), Mohamed Abdallahi Ould Oudaa, entendu dans cette affaire dite de la d\u00e9cennie. Ould Oudda a \u00e9t\u00e9 entendu sur plusieurs affaires &hellip;<\/p>\n","protected":false},"author":2,"featured_media":6632,"comment_status":"open","ping_status":"open","sticky":false,"template":"","format":"standard","meta":{"footnotes":""},"categories":[18,2],"tags":[],"class_list":["post-6631","post","type-post","status-publish","format-standard","has-post-thumbnail","hentry","category-actualites","category-economie"],"_links":{"self":[{"href":"https:\/\/ladepeche.mr\/index.php?rest_route=\/wp\/v2\/posts\/6631","targetHints":{"allow":["GET"]}}],"collection":[{"href":"https:\/\/ladepeche.mr\/index.php?rest_route=\/wp\/v2\/posts"}],"about":[{"href":"https:\/\/ladepeche.mr\/index.php?rest_route=\/wp\/v2\/types\/post"}],"author":[{"embeddable":true,"href":"https:\/\/ladepeche.mr\/index.php?rest_route=\/wp\/v2\/users\/2"}],"replies":[{"embeddable":true,"href":"https:\/\/ladepeche.mr\/index.php?rest_route=%2Fwp%2Fv2%2Fcomments&post=6631"}],"version-history":[{"count":8,"href":"https:\/\/ladepeche.mr\/index.php?rest_route=\/wp\/v2\/posts\/6631\/revisions"}],"predecessor-version":[{"id":6640,"href":"https:\/\/ladepeche.mr\/index.php?rest_route=\/wp\/v2\/posts\/6631\/revisions\/6640"}],"wp:featuredmedia":[{"embeddable":true,"href":"https:\/\/ladepeche.mr\/index.php?rest_route=\/wp\/v2\/media\/6632"}],"wp:attachment":[{"href":"https:\/\/ladepeche.mr\/index.php?rest_route=%2Fwp%2Fv2%2Fmedia&parent=6631"}],"wp:term":[{"taxonomy":"category","embeddable":true,"href":"https:\/\/ladepeche.mr\/index.php?rest_route=%2Fwp%2Fv2%2Fcategories&post=6631"},{"taxonomy":"post_tag","embeddable":true,"href":"https:\/\/ladepeche.mr\/index.php?rest_route=%2Fwp%2Fv2%2Ftags&post=6631"}],"curies":[{"name":"wp","href":"https:\/\/api.w.org\/{rel}","templated":true}]}}