{"id":6707,"date":"2023-08-05T10:47:48","date_gmt":"2023-08-05T10:47:48","guid":{"rendered":"https:\/\/ladepeche.mr\/?p=6707"},"modified":"2023-08-05T11:08:52","modified_gmt":"2023-08-05T11:08:52","slug":"mort-dune-personne-et-familles-deplacees-a-nouadhibou-la-snim-au-secours-aux-sinistres","status":"publish","type":"post","link":"https:\/\/ladepeche.mr\/?p=6707","title":{"rendered":"Mort d\u2019une personne et familles d\u00e9plac\u00e9es \u00e0 Nouadhibou suite \u00e0 un incendie: La Snim au secours des sinistr\u00e9s"},"content":{"rendered":"<p>Un incendie s\u2019est d\u00e9clar\u00e9 dans la nuit de vendredi \u00e0 samedi au milieu d\u2019habitations en bois dans le vieux quartier de Lareyghib, Nouadhibou-ville, faisant un mort et au moins trois familles sans abri, apprend-on de source de notre capitale \u00e9conomique.<br \/>\nSuite \u00e0 cet incendie, le hakem de la moughataa, accompagn\u00e9 du directeur de la communication et l\u2019action sociale de la Snim (DCAS), Bah Ould Choumad, et du directeur des relations publiques \u00e0 la Snim, s\u2019est rendu au chevet des victimes.<br \/>\nSur place, et au nom de l\u2019ADG de la Snim, le directeur de la communication et de l\u2019action sociale de la Snim, Bah Ould Choumad, a exprim\u00e9 la solidarit\u00e9 et la compassion de l\u2019entreprise avec les victimes du sinistre et pr\u00e9sent\u00e9 ses condol\u00e9ances aux ayant-droits de la personne d\u00e9c\u00e9d\u00e9e.<br \/>\nJoignant l\u2019acte \u00e0 la parole, le directeur de la communication et l\u2019action sociale de la Snim, Bah Ould Choumad, a encore remis des sommes d\u2019argent, des quantit\u00e9s de denr\u00e9es alimentaires et quelques meubles pour soulager les familles frapp\u00e9es par cet incendie.<br \/>\nOfficiellement une enqu\u00eate sur les circonstances de cet incendie aurait \u00e9t\u00e9 lanc\u00e9e m\u00eame si les premiers soup\u00e7ons quant \u00e0 l\u2019origine du sinistre le lient \u00e0 un court-circuit \u00e9lectrique.<\/p>\n","protected":false},"excerpt":{"rendered":"<p>Un incendie s\u2019est d\u00e9clar\u00e9 dans la nuit de vendredi \u00e0 samedi au milieu d\u2019habitations en bois dans le vieux quartier de Lareyghib, Nouadhibou-ville, faisant un mort et au moins trois familles sans abri, apprend-on de source de notre capitale \u00e9conomique. Suite \u00e0 cet incendie, le hakem de la moughataa, accompagn\u00e9 du directeur de la communication &hellip;<\/p>\n","protected":false},"author":2,"featured_media":6708,"comment_status":"open","ping_status":"open","sticky":false,"template":"","format":"standard","meta":{"footnotes":""},"categories":[18],"tags":[],"class_list":["post-6707","post","type-post","status-publish","format-standard","has-post-thumbnail","hentry","category-actualites"],"_links":{"self":[{"href":"https:\/\/ladepeche.mr\/index.php?rest_route=\/wp\/v2\/posts\/6707","targetHints":{"allow":["GET"]}}],"collection":[{"href":"https:\/\/ladepeche.mr\/index.php?rest_route=\/wp\/v2\/posts"}],"about":[{"href":"https:\/\/ladepeche.mr\/index.php?rest_route=\/wp\/v2\/types\/post"}],"author":[{"embeddable":true,"href":"https:\/\/ladepeche.mr\/index.php?rest_route=\/wp\/v2\/users\/2"}],"replies":[{"embeddable":true,"href":"https:\/\/ladepeche.mr\/index.php?rest_route=%2Fwp%2Fv2%2Fcomments&post=6707"}],"version-history":[{"count":5,"href":"https:\/\/ladepeche.mr\/index.php?rest_route=\/wp\/v2\/posts\/6707\/revisions"}],"predecessor-version":[{"id":6713,"href":"https:\/\/ladepeche.mr\/index.php?rest_route=\/wp\/v2\/posts\/6707\/revisions\/6713"}],"wp:featuredmedia":[{"embeddable":true,"href":"https:\/\/ladepeche.mr\/index.php?rest_route=\/wp\/v2\/media\/6708"}],"wp:attachment":[{"href":"https:\/\/ladepeche.mr\/index.php?rest_route=%2Fwp%2Fv2%2Fmedia&parent=6707"}],"wp:term":[{"taxonomy":"category","embeddable":true,"href":"https:\/\/ladepeche.mr\/index.php?rest_route=%2Fwp%2Fv2%2Fcategories&post=6707"},{"taxonomy":"post_tag","embeddable":true,"href":"https:\/\/ladepeche.mr\/index.php?rest_route=%2Fwp%2Fv2%2Ftags&post=6707"}],"curies":[{"name":"wp","href":"https:\/\/api.w.org\/{rel}","templated":true}]}}