{"id":6725,"date":"2023-08-07T16:06:07","date_gmt":"2023-08-07T16:06:07","guid":{"rendered":"https:\/\/ladepeche.mr\/?p=6725"},"modified":"2023-08-07T16:06:07","modified_gmt":"2023-08-07T16:06:07","slug":"g5sahel-le-president-ghazouani-recoit-le-commandant-des-forces-conjointes","status":"publish","type":"post","link":"https:\/\/ladepeche.mr\/?p=6725","title":{"rendered":"G5Sahel: Le pr\u00e9sident Ghazouani re\u00e7oit le commandant des forces conjointes"},"content":{"rendered":"<p>Le pr\u00e9sident mauritanien, Mohamed Ould Ghazouani, pr\u00e9sident en exercice du sommet des Chefs d\u2019Etat du G5Sahel, re\u00e7u lundi en audience le commandant des forces conjointes du G5Sahel.<br \/>\nAucun explication n\u2019a \u00e9t\u00e9 donn\u00e9e \u00e0 cette visite \u00e0 laquelle a pris part le chef des \u00e9tats-majors des arm\u00e9es, le g\u00e9n\u00e9ral, Mokhtar Balla Chaabane.<br \/>\nNotons qu\u2019elle intervient alors qu\u2019une menace d\u2019attaque imminente des forces de la Cedeao plane sur les auteurs du putsch au Niger.<\/p>\n","protected":false},"excerpt":{"rendered":"<p>Le pr\u00e9sident mauritanien, Mohamed Ould Ghazouani, pr\u00e9sident en exercice du sommet des Chefs d\u2019Etat du G5Sahel, re\u00e7u lundi en audience le commandant des forces conjointes du G5Sahel. Aucun explication n\u2019a \u00e9t\u00e9 donn\u00e9e \u00e0 cette visite \u00e0 laquelle a pris part le chef des \u00e9tats-majors des arm\u00e9es, le g\u00e9n\u00e9ral, Mokhtar Balla Chaabane. Notons qu\u2019elle intervient alors &hellip;<\/p>\n","protected":false},"author":2,"featured_media":6559,"comment_status":"open","ping_status":"open","sticky":false,"template":"","format":"standard","meta":{"footnotes":""},"categories":[18,29,28],"tags":[],"class_list":["post-6725","post","type-post","status-publish","format-standard","has-post-thumbnail","hentry","category-actualites","category-monde","category-sahel"],"_links":{"self":[{"href":"https:\/\/ladepeche.mr\/index.php?rest_route=\/wp\/v2\/posts\/6725","targetHints":{"allow":["GET"]}}],"collection":[{"href":"https:\/\/ladepeche.mr\/index.php?rest_route=\/wp\/v2\/posts"}],"about":[{"href":"https:\/\/ladepeche.mr\/index.php?rest_route=\/wp\/v2\/types\/post"}],"author":[{"embeddable":true,"href":"https:\/\/ladepeche.mr\/index.php?rest_route=\/wp\/v2\/users\/2"}],"replies":[{"embeddable":true,"href":"https:\/\/ladepeche.mr\/index.php?rest_route=%2Fwp%2Fv2%2Fcomments&post=6725"}],"version-history":[{"count":1,"href":"https:\/\/ladepeche.mr\/index.php?rest_route=\/wp\/v2\/posts\/6725\/revisions"}],"predecessor-version":[{"id":6726,"href":"https:\/\/ladepeche.mr\/index.php?rest_route=\/wp\/v2\/posts\/6725\/revisions\/6726"}],"wp:featuredmedia":[{"embeddable":true,"href":"https:\/\/ladepeche.mr\/index.php?rest_route=\/wp\/v2\/media\/6559"}],"wp:attachment":[{"href":"https:\/\/ladepeche.mr\/index.php?rest_route=%2Fwp%2Fv2%2Fmedia&parent=6725"}],"wp:term":[{"taxonomy":"category","embeddable":true,"href":"https:\/\/ladepeche.mr\/index.php?rest_route=%2Fwp%2Fv2%2Fcategories&post=6725"},{"taxonomy":"post_tag","embeddable":true,"href":"https:\/\/ladepeche.mr\/index.php?rest_route=%2Fwp%2Fv2%2Ftags&post=6725"}],"curies":[{"name":"wp","href":"https:\/\/api.w.org\/{rel}","templated":true}]}}