{"id":6733,"date":"2023-08-08T15:14:09","date_gmt":"2023-08-08T15:14:09","guid":{"rendered":"https:\/\/ladepeche.mr\/?p=6733"},"modified":"2023-08-08T15:14:09","modified_gmt":"2023-08-08T15:14:09","slug":"justice-mandat-de-depot-contre-lex-depute-mohamed-bouya","status":"publish","type":"post","link":"https:\/\/ladepeche.mr\/?p=6733","title":{"rendered":"Justice : Mandat de d\u00e9p\u00f4t contre l\u2019ex-d\u00e9put\u00e9 Mohamed Bouya"},"content":{"rendered":"<p>L\u2019ancien d\u00e9put\u00e9 Mohamed Bouya Ould Cheikh Mohamed Fadel, a fait l\u2019objet mardi d\u2019un mandat de d\u00e9p\u00f4t du juge.<br \/>\nLe d\u00e9put\u00e9 mis en prison \u00e9tait en libert\u00e9 provisoire apr\u00e8s la lev\u00e9e, le 29 juilllet 2023, de l\u2019immunit\u00e9 parlementaire.<\/p>\n<p>Une commission parlementaire compos\u00e9e de 13 d\u00e9put\u00e9s avait examin\u00e9 et approuv\u00e9 la lev\u00e9e de l\u2019immunit\u00e9 du d\u00e9put\u00e9 Mohamed Bouya Cheikh Mohamed Vadel poursuivi pour diffamation et atteinte aux symboles \u00e9tatiques. <\/p>\n<p>Des partis de l\u2019opposition comme les islamistes deTawassoul et la Coalition Espoir Mauritanie se sont solidari\u00e9s de l\u2019ex-d\u00e9pute et boycott\u00e9 le vote pour la lev\u00e9e de l\u2019immunit\u00e9 parlementaire du d\u00e9put\u00e9 Mohamed Bouya.<\/p>\n","protected":false},"excerpt":{"rendered":"<p>L\u2019ancien d\u00e9put\u00e9 Mohamed Bouya Ould Cheikh Mohamed Fadel, a fait l\u2019objet mardi d\u2019un mandat de d\u00e9p\u00f4t du juge. Le d\u00e9put\u00e9 mis en prison \u00e9tait en libert\u00e9 provisoire apr\u00e8s la lev\u00e9e, le 29 juilllet 2023, de l\u2019immunit\u00e9 parlementaire. Une commission parlementaire compos\u00e9e de 13 d\u00e9put\u00e9s avait examin\u00e9 et approuv\u00e9 la lev\u00e9e de l\u2019immunit\u00e9 du d\u00e9put\u00e9 Mohamed &hellip;<\/p>\n","protected":false},"author":2,"featured_media":6536,"comment_status":"open","ping_status":"open","sticky":false,"template":"","format":"standard","meta":{"footnotes":""},"categories":[18],"tags":[],"class_list":["post-6733","post","type-post","status-publish","format-standard","has-post-thumbnail","hentry","category-actualites"],"_links":{"self":[{"href":"https:\/\/ladepeche.mr\/index.php?rest_route=\/wp\/v2\/posts\/6733","targetHints":{"allow":["GET"]}}],"collection":[{"href":"https:\/\/ladepeche.mr\/index.php?rest_route=\/wp\/v2\/posts"}],"about":[{"href":"https:\/\/ladepeche.mr\/index.php?rest_route=\/wp\/v2\/types\/post"}],"author":[{"embeddable":true,"href":"https:\/\/ladepeche.mr\/index.php?rest_route=\/wp\/v2\/users\/2"}],"replies":[{"embeddable":true,"href":"https:\/\/ladepeche.mr\/index.php?rest_route=%2Fwp%2Fv2%2Fcomments&post=6733"}],"version-history":[{"count":1,"href":"https:\/\/ladepeche.mr\/index.php?rest_route=\/wp\/v2\/posts\/6733\/revisions"}],"predecessor-version":[{"id":6734,"href":"https:\/\/ladepeche.mr\/index.php?rest_route=\/wp\/v2\/posts\/6733\/revisions\/6734"}],"wp:featuredmedia":[{"embeddable":true,"href":"https:\/\/ladepeche.mr\/index.php?rest_route=\/wp\/v2\/media\/6536"}],"wp:attachment":[{"href":"https:\/\/ladepeche.mr\/index.php?rest_route=%2Fwp%2Fv2%2Fmedia&parent=6733"}],"wp:term":[{"taxonomy":"category","embeddable":true,"href":"https:\/\/ladepeche.mr\/index.php?rest_route=%2Fwp%2Fv2%2Fcategories&post=6733"},{"taxonomy":"post_tag","embeddable":true,"href":"https:\/\/ladepeche.mr\/index.php?rest_route=%2Fwp%2Fv2%2Ftags&post=6733"}],"curies":[{"name":"wp","href":"https:\/\/api.w.org\/{rel}","templated":true}]}}