{"id":6740,"date":"2023-08-09T16:39:36","date_gmt":"2023-08-09T16:39:36","guid":{"rendered":"https:\/\/ladepeche.mr\/?p=6740"},"modified":"2023-08-09T16:39:36","modified_gmt":"2023-08-09T16:39:36","slug":"mali-les-ex-rebelles-de-la-cma-accusent-larmee-et-wagner-dune-attaque-tuant-deux-de-ses-membres","status":"publish","type":"post","link":"https:\/\/ladepeche.mr\/?p=6740","title":{"rendered":"Mali: les ex-rebelles de la CMA accusent l\u2019arm\u00e9e et Wagner d\u2019une attaque tuant deux de ses membres"},"content":{"rendered":"<p>De nouvelles tensions ont \u00e9clat\u00e9 entre la Coordination des mouvements de l\u2019Azawad et les autorit\u00e9s maliennes, les ex-rebelles accusant l\u2019arm\u00e9e et des \u00e9l\u00e9ments du groupe paramilitaire Wagner d\u2019avoir attaqu\u00e9 en fin de semaine derni\u00e8re une base contr\u00f4l\u00e9e par les ex-rebelles pr\u00e8s de la fronti\u00e8re avec la Mauritanie. La CMA, qui indique deux de ses membres ont \u00e9t\u00e9 tu\u00e9s et deux v\u00e9hicules de combat vol\u00e9s, estime que c\u2019est une \u00ab violation du cessez-le-feu \u00bb. Bamako n\u2019a pas r\u00e9agi officiellement.<br \/>\nUn poste de contr\u00f4le routier tenu par six hommes arm\u00e9s, situ\u00e9 dans la commune de Fo\u00efta, \u00e0 dix kilom\u00e8tres de la fronti\u00e8re mauritanienne, aurait \u00e9t\u00e9 attaqu\u00e9 dans la nuit de vendredi \u00e0 samedi, \u00e0 2 heures du matin, selon la CMA. La coordination a affirm\u00e9 lundi 7 ao\u00fbt que le convoi de trois v\u00e9hicules militaires \u00e9tait men\u00e9 par des soldats de l\u2019arm\u00e9e malienne et des \u00e9l\u00e9ments du groupe Wagner.<\/p>\n<p>\u00ab Nous avons constat\u00e9 que cet acte, malheureusement, a \u00e9t\u00e9 fait par l\u2019arm\u00e9e malienne et ses compagnons de Wagner. Parce que des voitures ont \u00e9t\u00e9 observ\u00e9es dans la colonne qui a pass\u00e9 par Tombouctou. Nous avons des \u00e9l\u00e9ments et des preuves concr\u00e8tes, nous avons des photos, nous avons tout. \u00bb, affirme Mohamed El Maouloud Ramadane, porte-parole des ex-rebelles signataires de l\u2019accord de paix.<\/p>\n<p>La visite fin juillet du chef de la S\u00e9curit\u00e9 d\u2019\u00c9tat, les services maliens de renseignements qui avait notamment entrain\u00e9 la lib\u00e9ration de membres de la CMA semble d\u00e9j\u00e0 loin. La coordination d\u00e9nonce une \u00ab violation du couvre-feu de mai 2014 \u00bb et l\u2019attitude \u00ab belliqueuse \u00bb du gouvernement malien.<\/p>\n<p>Les autorit\u00e9s n\u2019ont pour le moment pas r\u00e9agi officiellement : Interrog\u00e9 par RFI, un proche du ministre de la r\u00e9conciliation a r\u00e9pondu simplement : \u00ab Pas de commentaires. \u00bb<br \/>\nhttps:\/\/www.rfi.fr\/fr\/afrique\/20230809-mali-les-ex-rebelles-de-la-cma-accusent-l-arm%C3%A9e-et-wagner-d-une-attaque-tuant-deux-de-ses-membres<\/p>\n","protected":false},"excerpt":{"rendered":"<p>De nouvelles tensions ont \u00e9clat\u00e9 entre la Coordination des mouvements de l\u2019Azawad et les autorit\u00e9s maliennes, les ex-rebelles accusant l\u2019arm\u00e9e et des \u00e9l\u00e9ments du groupe paramilitaire Wagner d\u2019avoir attaqu\u00e9 en fin de semaine derni\u00e8re une base contr\u00f4l\u00e9e par les ex-rebelles pr\u00e8s de la fronti\u00e8re avec la Mauritanie. La CMA, qui indique deux de ses membres &hellip;<\/p>\n","protected":false},"author":2,"featured_media":6741,"comment_status":"open","ping_status":"open","sticky":false,"template":"","format":"standard","meta":{"footnotes":""},"categories":[29,28],"tags":[],"class_list":["post-6740","post","type-post","status-publish","format-standard","has-post-thumbnail","hentry","category-monde","category-sahel"],"_links":{"self":[{"href":"https:\/\/ladepeche.mr\/index.php?rest_route=\/wp\/v2\/posts\/6740","targetHints":{"allow":["GET"]}}],"collection":[{"href":"https:\/\/ladepeche.mr\/index.php?rest_route=\/wp\/v2\/posts"}],"about":[{"href":"https:\/\/ladepeche.mr\/index.php?rest_route=\/wp\/v2\/types\/post"}],"author":[{"embeddable":true,"href":"https:\/\/ladepeche.mr\/index.php?rest_route=\/wp\/v2\/users\/2"}],"replies":[{"embeddable":true,"href":"https:\/\/ladepeche.mr\/index.php?rest_route=%2Fwp%2Fv2%2Fcomments&post=6740"}],"version-history":[{"count":1,"href":"https:\/\/ladepeche.mr\/index.php?rest_route=\/wp\/v2\/posts\/6740\/revisions"}],"predecessor-version":[{"id":6742,"href":"https:\/\/ladepeche.mr\/index.php?rest_route=\/wp\/v2\/posts\/6740\/revisions\/6742"}],"wp:featuredmedia":[{"embeddable":true,"href":"https:\/\/ladepeche.mr\/index.php?rest_route=\/wp\/v2\/media\/6741"}],"wp:attachment":[{"href":"https:\/\/ladepeche.mr\/index.php?rest_route=%2Fwp%2Fv2%2Fmedia&parent=6740"}],"wp:term":[{"taxonomy":"category","embeddable":true,"href":"https:\/\/ladepeche.mr\/index.php?rest_route=%2Fwp%2Fv2%2Fcategories&post=6740"},{"taxonomy":"post_tag","embeddable":true,"href":"https:\/\/ladepeche.mr\/index.php?rest_route=%2Fwp%2Fv2%2Ftags&post=6740"}],"curies":[{"name":"wp","href":"https:\/\/api.w.org\/{rel}","templated":true}]}}