{"id":6768,"date":"2023-08-12T10:30:12","date_gmt":"2023-08-12T10:30:12","guid":{"rendered":"https:\/\/ladepeche.mr\/?p=6768"},"modified":"2023-08-12T10:30:12","modified_gmt":"2023-08-12T10:30:12","slug":"niger-rencontre-des-chefs-detat-major-ouest-africains-samedi-au-ghana","status":"publish","type":"post","link":"https:\/\/ladepeche.mr\/?p=6768","title":{"rendered":"Niger : Rencontre des chefs d\u2019\u00e9tat-major ouest-africains samedi au Ghana"},"content":{"rendered":"<p>Des chefs d\u2019\u00e9tat-major ouest-africains vont se r\u00e9unir samedi au Ghana, deux jours apr\u00e8s le feu vert donn\u00e9 par leurs dirigeants \u00e0 l\u2019usage de la force pour r\u00e9tablir le pr\u00e9sident Mohamed Bazoum renvers\u00e9 par un coup d\u2019Etat au Niger, dont le sort et les conditions de d\u00e9tention inqui\u00e8tent.<\/p>\n<p>Les chefs d\u2019\u00e9tat-major de la Communaut\u00e9 \u00e9conomique des Etats d\u2019Afrique de l\u2019Ouest (Cedeao) discuteront samedi \u00e0 Accra, et feront part aux dirigeants de la Cedeao \u00ab des meilleures options \u00bb quant \u00e0 leur d\u00e9cision d\u2019activer et de d\u00e9ployer la \u00ab force en attente \u00bb, selon des sources militaires r\u00e9gionales.<br \/>\nR\u00e9unis en sommet jeudi en sommet \u00e0 Abuja, les dirigeants de la Cedeao ont en effet d\u00e9cid\u00e9 de d\u00e9ployer une \u00ab force en attente \u00bb pour r\u00e9tablir M. Bazoum, mais aucun calendrier ni modalit\u00e9s n\u2019ont \u00e9t\u00e9 d\u00e9voil\u00e9s quant \u00e0 l\u2019usage possible de la force arm\u00e9e.<\/p>\n<p>Le pr\u00e9sident ivoirien Alassane Ouattara a promis jeudi d\u2019envoyer entre 850 et 1.100 soldats comme contribution \u00e0 la force qui, selon lui, devrait pouvoir intervenir \u00ab dans les plus brefs d\u00e9lais \u00bb.<\/p>\n<p>Des troupes nig\u00e9rianes et b\u00e9ninoises doivent \u00e9galement la composer, a-t-il dit.<\/p>\n<p>Vendredi, le r\u00e9gime militaire de Niamey n\u2019avait pas encore r\u00e9agi \u00e0 cette d\u00e9cision.<\/p>\n<p>Dans les rues de la capitale, les gens vaquent normalement \u00e0 leurs occupations et aucun signe d\u2019anxi\u00e9t\u00e9 n\u2019est perceptible, ont constat\u00e9 des journalistes de l\u2019AFP.<\/p>\n<p>Plus de deux semaines apr\u00e8s le coup d\u2019Etat qui l\u2019a renvers\u00e9 le 26 juillet, les craintes grandissaient quant aux conditions de d\u00e9tention et au sort r\u00e9serv\u00e9 au pr\u00e9sident Mohamed Bazoum, prisonnier avec sa famille depuis.<\/p>\n<p>L\u2019Union europ\u00e9enne a exprim\u00e9 sa \u00ab profonde inqui\u00e9tude \u00bb face \u00e0 \u00ab la d\u00e9t\u00e9rioration des conditions de d\u00e9tention \u00bb de M. Bazoum, retenu prisonnier avec sa femme et son fils.<br \/>\n\u00ab Intervention risqu\u00e9e \u00bb<br \/>\nLe pr\u00e9sident Bazoum et sa famille \u00ab seraient, selon les derni\u00e8res informations, priv\u00e9s de nourriture, d\u2019\u00e9lectricit\u00e9 et de soins depuis plusieurs jours (\u2026). Rien ne permet de justifier un tel traitement \u00bb, a d\u00e9nonc\u00e9 le chef de la diplomatie de l\u2019UE, Josep Borrell.<\/p>\n<p>Le pr\u00e9sident de la Commission de l\u2019Union africaine, Moussa Faki Mahamat, a lui aussi exprim\u00e9 vendredi \u00ab ses vives pr\u00e9occupations \u00bb sur \u00ab la d\u00e9t\u00e9rioration des conditions de d\u00e9tention \u00bb de M. Bazoum.<\/p>\n<p>Selon l\u2019ONG Human Rights Watch qui s\u2019est entretenue avec M. Bazoum, ce dernier a d\u00e9crit le traitement de sa famille comme \u00ab inhumain et cruel \u00bb, disant ne pas avoir d\u2019\u00e9lectricit\u00e9 depuis le 2 ao\u00fbt, ni aucun contact humain depuis une semaine.<\/p>\n<p>Et la perspective d\u2019une intervention militaire de la Cedeao fait craindre pour sa s\u00e9curit\u00e9: selon un de ses proches, les putschistes ont brandi \u00ab la menace \u00bb de s\u2019en prendre \u00e0 lui si une telle op\u00e9ration \u00e9tait lanc\u00e9e.<\/p>\n<p>\u00ab L\u2019intervention va \u00eatre risqu\u00e9e, il en est conscient, il consid\u00e8re qu\u2019il faut un retour \u00e0 l\u2019ordre constitutionnel, avec ou sans lui \u00bb, car \u00ab l\u2019\u00c9tat de droit est plus important que sa personne \u00bb, a assur\u00e9 \u00e0 l\u2019AFP un de ses conseillers lui ayant parl\u00e9 r\u00e9cemment.<\/p>\n<p>La Cedeao a toutefois r\u00e9affirm\u00e9 jeudi son espoir d\u2019une r\u00e9solution par la voie diplomatique.<\/p>\n<p>A l\u2019issue du sommet d\u2019Abuja, le pr\u00e9sident du Nigeria Bola Tinubu, qui assure la pr\u00e9sidence tournante de la Cedeao, a dit esp\u00e9rer \u00ab parvenir \u00e0 une r\u00e9solution pacifique \u00bb, ajoutant qu\u2019un recours \u00e0 la force en \u00ab dernier ressort \u00bb n\u2019\u00e9tait pas exclu.<\/p>\n<p>Pour le Norwegian Refugee Council (NRC), \u00ab l\u2019escalade militaire ne doit pas pousser le Niger et la r\u00e9gion dans une crise humanitaire plus profonde \u00bb et \u00ab il est encore temps d\u2019\u00e9viter une confrontation militaire et de trouver une solution pacifique \u00bb.<\/p>\n<p>IntransigeanceLes d\u00e9cisions de la Cedeao ont re\u00e7u le \u00ab plein soutien \u00bb de la France, ainsi que des Etats-Unis qui soutiennent \u00ab le leadership et le travail de la Cedeao \u00bb pour le \u00ab retour \u00e0 l\u2019ordre constitutionnel \u00bb.<br \/>\nCes deux pays avaient fait du Niger un pivot de leur dispositif dans la lutte contre les jihadistes arm\u00e9s qui s\u00e8ment la mort dans un Sahel d\u00e9stabilis\u00e9.<\/p>\n<p>La menace d\u2019un recours \u00e0 la force avait \u00e9t\u00e9 brandie une premi\u00e8re fois le 30 juillet lors d\u2019un pr\u00e9c\u00e9dent sommet de la Cedeao: un ultimatum de sept jours avait \u00e9t\u00e9 lanc\u00e9 aux militaires de Niamey pour r\u00e9tablir le pr\u00e9sident Bazoum, sous peine d\u2019intervention arm\u00e9e, non suivi d\u2019effet.<\/p>\n<p>Depuis, les nouveaux ma\u00eetres du Niger se sont montr\u00e9s intransigeants en ayant refus\u00e9 mardi d\u2019accueillir une d\u00e9l\u00e9gation conjointe de la Cedeao, de l\u2019Union africaine (UA) et de l\u2019ONU.<\/p>\n<p>Les g\u00e9n\u00e9raux au pouvoir \u00e0 Niamey consid\u00e8rent la Cedeao comme une organisation \u00ab \u00e0 la solde \u00bb de la France, ancienne puissance coloniale et alli\u00e9e ind\u00e9fectible du pr\u00e9sident Bazoum. Ils en ont fait leur cible principale depuis qu\u2019ils ont pris le pouvoir.<\/p>\n<p>Juste avant le sommet d\u2019Abuja, les auteurs du coup d\u2019Etat ont \u00e9galement annonc\u00e9 la formation d\u2019un nouveau gouvernement dirig\u00e9 par un Premier ministre civil, dans lequel les militaires occupent les postes cl\u00e9s, en particulier ceux de la D\u00e9fense et de l\u2019Int\u00e9rieur.<\/p>\n<p>Mais tous les pays d\u2019Afrique de l\u2019Ouest ne sont pas hostiles au nouveau pouvoir nig\u00e9rien: le Mali et le Burkina Faso voisins, eux aussi dirig\u00e9s par des militaires, ont affich\u00e9 leur solidarit\u00e9 avec Niamey.<\/p>\n<p>Ils ont m\u00eame affirm\u00e9 que si le pays \u00e9tait attaqu\u00e9 par la Cedeao, ce serait \u00ab une d\u00e9claration de guerre \u00bb pour eux.<\/p>\n<p>Par La r\u00e9daction, Comit\u00e9 Editorial -https:\/\/afrimag.net\/niger-rencontre-des-chefs-detat-major-ouest-africains-samedi-au-ghana\/?utm_source=mailpoet&#038;utm_medium=email&#038;utm_campaign=newsletter<\/p>\n","protected":false},"excerpt":{"rendered":"<p>Des chefs d\u2019\u00e9tat-major ouest-africains vont se r\u00e9unir samedi au Ghana, deux jours apr\u00e8s le feu vert donn\u00e9 par leurs dirigeants \u00e0 l\u2019usage de la force pour r\u00e9tablir le pr\u00e9sident Mohamed Bazoum renvers\u00e9 par un coup d\u2019Etat au Niger, dont le sort et les conditions de d\u00e9tention inqui\u00e8tent. Les chefs d\u2019\u00e9tat-major de la Communaut\u00e9 \u00e9conomique des &hellip;<\/p>\n","protected":false},"author":2,"featured_media":6769,"comment_status":"open","ping_status":"open","sticky":false,"template":"","format":"standard","meta":{"footnotes":""},"categories":[18,29,28],"tags":[],"class_list":["post-6768","post","type-post","status-publish","format-standard","has-post-thumbnail","hentry","category-actualites","category-monde","category-sahel"],"_links":{"self":[{"href":"https:\/\/ladepeche.mr\/index.php?rest_route=\/wp\/v2\/posts\/6768","targetHints":{"allow":["GET"]}}],"collection":[{"href":"https:\/\/ladepeche.mr\/index.php?rest_route=\/wp\/v2\/posts"}],"about":[{"href":"https:\/\/ladepeche.mr\/index.php?rest_route=\/wp\/v2\/types\/post"}],"author":[{"embeddable":true,"href":"https:\/\/ladepeche.mr\/index.php?rest_route=\/wp\/v2\/users\/2"}],"replies":[{"embeddable":true,"href":"https:\/\/ladepeche.mr\/index.php?rest_route=%2Fwp%2Fv2%2Fcomments&post=6768"}],"version-history":[{"count":1,"href":"https:\/\/ladepeche.mr\/index.php?rest_route=\/wp\/v2\/posts\/6768\/revisions"}],"predecessor-version":[{"id":6770,"href":"https:\/\/ladepeche.mr\/index.php?rest_route=\/wp\/v2\/posts\/6768\/revisions\/6770"}],"wp:featuredmedia":[{"embeddable":true,"href":"https:\/\/ladepeche.mr\/index.php?rest_route=\/wp\/v2\/media\/6769"}],"wp:attachment":[{"href":"https:\/\/ladepeche.mr\/index.php?rest_route=%2Fwp%2Fv2%2Fmedia&parent=6768"}],"wp:term":[{"taxonomy":"category","embeddable":true,"href":"https:\/\/ladepeche.mr\/index.php?rest_route=%2Fwp%2Fv2%2Fcategories&post=6768"},{"taxonomy":"post_tag","embeddable":true,"href":"https:\/\/ladepeche.mr\/index.php?rest_route=%2Fwp%2Fv2%2Ftags&post=6768"}],"curies":[{"name":"wp","href":"https:\/\/api.w.org\/{rel}","templated":true}]}}