{"id":6777,"date":"2023-08-14T14:33:26","date_gmt":"2023-08-14T14:33:26","guid":{"rendered":"https:\/\/ladepeche.mr\/?p=6777"},"modified":"2023-08-15T11:28:17","modified_gmt":"2023-08-15T11:28:17","slug":"ufp-le-president-mohamed-ould-maouloud-ne-devrait-il-pas-rendre-son-tablier","status":"publish","type":"post","link":"https:\/\/ladepeche.mr\/?p=6777","title":{"rendered":"UFP : Le pr\u00e9sident, Mohamed Ould Maouloud, ne devrait-il pas rendre son tablier ?"},"content":{"rendered":"<p>Pr\u00e9sident inamovible de l\u2019Union des Forces de Progr\u00e8s, Mohamed Maouloud est \u00e0 la t\u00eate du parti depuis sa cr\u00e9ation en 1998. Il semble survivre \u00e0 l\u2019implosion du parti en 2019 et surtout \u00e0 la banqueroute \u00e9lectorale de 2023. Jusqu\u2019\u00e0 quand?<\/p>\n<p>Les 05 et 07 ao\u00fbt 2023, le Bureau Ex\u00e9cutif et le Conseil National de l\u2019Union des Forces de Progr\u00e8s (UFP), \u00e9taient en conclave pour \u00ab\u00e9valuer \u00bb le bilan du parti lors des derni\u00e8res \u00e9lections g\u00e9n\u00e9rales et pour en \u00abtirer les conclusions\u00bb. Un secret de polichinelle car l\u2019UFP a enregistr\u00e9 une v\u00e9ritable d\u00e9bandade lors de ces derni\u00e8res consultations. Le parti a \u00e9t\u00e9 lamin\u00e9 et n\u2019est pas parvenu \u00e0 \u00e9lire un seul candidat \u00e0 la d\u00e9putation. Des r\u00e9sultats qui corroborent, sans doute, les craintes des anciens amis et t\u00e9nors du parti dont feu Bedreddine et Kadiata Malick Diallo. Cette derni\u00e8re a fait mieux que son ex-parti en se hissant d\u00e9put\u00e9e \u00e0 l\u2019Assembl\u00e9e nationale.<\/p>\n<p>Pas de Mea Culpa !<br \/>\nDe revers en revers, l\u2019UFP est en passe  -inlassablement- de s\u2019assassiner \u00ab doucement \u00bb en maintenant ou occultant les germes profonds de son d\u00e9saveu \u00e9lectoral. Aucune remise en cause n\u2019est \u00e0 l\u2019ordre du jour. Tous les rendez-vous pris pour redresser la barre n\u2019ont jamais \u00e9t\u00e9 saisis. Depuis 2013, le bateau ivre de l\u2019UFP tangue dans toutes les directions. Au centre de cette pol\u00e9mique intestine, le r\u00f4le jou\u00e9 (ou non jou\u00e9) par son actuel pr\u00e9sident, Mohamed Ould Maouloud. Le parti a connu une h\u00e9morragie de ses \u00e9lecteurs qui, elle aussi a eu raison de son ambition affich\u00e9e en 1998 \u00e0 jouer un r\u00f4le important dans la coh\u00e9sion nationale et la justice sociale.<br \/>\nEni\u00e8me fois candidat pr\u00e9sidentiel au nom du parti, Mohamed Ould Maouloud, mesurera pourtant lors de sa derni\u00e8re tentative le degr\u00e9 de la chute de sa popularit\u00e9 en enregistrant, en juin 2019, 2 % seulement du vote exprim\u00e9. Un \u00e9chec cuisant que les r\u00e9formateurs au sein du parti ont tent\u00e9 de mettre en avant avant d\u2019\u00eatre sanctionn\u00e9s puis exclus du parti. <\/p>\n<p>La dissidence sacrifi\u00e9e ?!<br \/>\nA post\u00e9rio, en tout cas, la situation du parti donne enti\u00e8rement raison aux dissidents du parti qui en 2019 avaient justement dress\u00e9 un bilan n\u00e9gatif de la gestion politique de Mohamed Ould Maouloud. Ils avaient \u00e9t\u00e9 trait\u00e9s comme des parias pour avoir su diss\u00e9quer le mal. Mais le mea culpa n\u2019est toujours pas de saison et Mohamed ould Maouloud, s\u2019en tient \u00e0 des d\u00e9ductions pour retarder encore l\u2019\u00e9ch\u00e9ance : \u00ab ces hautes instances ont permis de mener une profonde r\u00e9flexion, en mettant tous les dirigeants et cadres, devant leurs responsabilit\u00e9s afin d\u2019agir en synergie pour donner un nouveau souffle \u00e0 l\u2019UFP \u00bb. Rien de plus qu\u2019un bis repetita des travers qui existent pour le maintenir aux commandes. Le courage aurait \u00e9t\u00e9 pour le pr\u00e9sident Mohamed Maouloud de d\u00e9missionner de la pr\u00e9sidence du parti. Ce n\u2019est pas seulement la long\u00e9vit\u00e9 du pr\u00e9sident au gouvernail du parti qui pose un s\u00e9rieux probl\u00e8me. L\u2019Union des Forces de Progr\u00e8s n\u2019enregistre justement pas de progr\u00e8s dans son combat politique ; depuis une d\u00e9cennie au moins. Pire, le parti n\u2019a jamais \u00e9t\u00e9 aussi impopulaire que lors des derni\u00e8res \u00e9lections g\u00e9n\u00e9rales organis\u00e9es, il est bien vrai, dans des conditions abracadabrantes par la CENI. Mais ce n\u2019est certainement pas la seule raison. En septembre 2018, d\u00e9j\u00e0, l\u2019UFP n\u2019avait pas pu mettre sous son giron, lors des \u00e9lections municipales, la moindre commune. Il semble de plus en plus urgent que cette formation se ressaisisse car, \u00e0 ce rythme, il en va m\u00eame de son existence sur l\u2019\u00e9chiquier politique. Ce n\u2019est, sans doute, pas l\u2019arrimage au RFD, dans la main tendue par le pouvoir qui pourrait sauver l\u2019UFP de la d\u00e9confiture si la situation restait en l\u2019\u00e9tat. A moins que ne poserait r\u00e9ellement un probl\u00e8me de succession. Mais il faudrait d&#8217;abord que Mohamed Ould Maouloud jette l&#8217;\u00e9ponge.<br \/>\nJD<\/p>\n","protected":false},"excerpt":{"rendered":"<p>Pr\u00e9sident inamovible de l\u2019Union des Forces de Progr\u00e8s, Mohamed Maouloud est \u00e0 la t\u00eate du parti depuis sa cr\u00e9ation en 1998. Il semble survivre \u00e0 l\u2019implosion du parti en 2019 et surtout \u00e0 la banqueroute \u00e9lectorale de 2023. Jusqu\u2019\u00e0 quand? Les 05 et 07 ao\u00fbt 2023, le Bureau Ex\u00e9cutif et le Conseil National de l\u2019Union &hellip;<\/p>\n","protected":false},"author":2,"featured_media":6778,"comment_status":"open","ping_status":"open","sticky":false,"template":"","format":"standard","meta":{"footnotes":""},"categories":[18,26],"tags":[],"class_list":["post-6777","post","type-post","status-publish","format-standard","has-post-thumbnail","hentry","category-actualites","category-en-panne"],"_links":{"self":[{"href":"https:\/\/ladepeche.mr\/index.php?rest_route=\/wp\/v2\/posts\/6777","targetHints":{"allow":["GET"]}}],"collection":[{"href":"https:\/\/ladepeche.mr\/index.php?rest_route=\/wp\/v2\/posts"}],"about":[{"href":"https:\/\/ladepeche.mr\/index.php?rest_route=\/wp\/v2\/types\/post"}],"author":[{"embeddable":true,"href":"https:\/\/ladepeche.mr\/index.php?rest_route=\/wp\/v2\/users\/2"}],"replies":[{"embeddable":true,"href":"https:\/\/ladepeche.mr\/index.php?rest_route=%2Fwp%2Fv2%2Fcomments&post=6777"}],"version-history":[{"count":4,"href":"https:\/\/ladepeche.mr\/index.php?rest_route=\/wp\/v2\/posts\/6777\/revisions"}],"predecessor-version":[{"id":6787,"href":"https:\/\/ladepeche.mr\/index.php?rest_route=\/wp\/v2\/posts\/6777\/revisions\/6787"}],"wp:featuredmedia":[{"embeddable":true,"href":"https:\/\/ladepeche.mr\/index.php?rest_route=\/wp\/v2\/media\/6778"}],"wp:attachment":[{"href":"https:\/\/ladepeche.mr\/index.php?rest_route=%2Fwp%2Fv2%2Fmedia&parent=6777"}],"wp:term":[{"taxonomy":"category","embeddable":true,"href":"https:\/\/ladepeche.mr\/index.php?rest_route=%2Fwp%2Fv2%2Fcategories&post=6777"},{"taxonomy":"post_tag","embeddable":true,"href":"https:\/\/ladepeche.mr\/index.php?rest_route=%2Fwp%2Fv2%2Ftags&post=6777"}],"curies":[{"name":"wp","href":"https:\/\/api.w.org\/{rel}","templated":true}]}}