{"id":6781,"date":"2023-08-14T16:17:24","date_gmt":"2023-08-14T16:17:24","guid":{"rendered":"https:\/\/ladepeche.mr\/?p=6781"},"modified":"2023-08-14T16:45:59","modified_gmt":"2023-08-14T16:45:59","slug":"societe-regain-de-consommation-de-drogues-dures-en-mauritanie","status":"publish","type":"post","link":"https:\/\/ladepeche.mr\/?p=6781","title":{"rendered":"Soci\u00e9t\u00e9 : Regain de consommation de drogues dures en Mauritanie"},"content":{"rendered":"<p>La police a r\u00e9v\u00e9l\u00e9 dans un communiqu\u00e9 du bureau en charge de la lutte contre les stup\u00e9fiants sur la situation du trafic des stup\u00e9fiants qu\u2019elle enregistre un regain de consommation de drogues dures dans notre pays.<br \/>\nSelon le m\u00eame communiqu\u00e9, la police aurait saisi plus 120.000 grammes de chanvre et envoy\u00e9 plus de 156 personnes impliqu\u00e9es dont 133 nationaux dans des affaires de drogue devant les juridictions comp\u00e9tentes.<br \/>\nCes d\u00e9ferrements devant la justice interviennent apr\u00e8s le d\u00e9mant\u00e8lement de plusieurs r\u00e9seaux de passe et de consommation de substances psychotropes dans le pays. <\/p>\n","protected":false},"excerpt":{"rendered":"<p>La police a r\u00e9v\u00e9l\u00e9 dans un communiqu\u00e9 du bureau en charge de la lutte contre les stup\u00e9fiants sur la situation du trafic des stup\u00e9fiants qu\u2019elle enregistre un regain de consommation de drogues dures dans notre pays. Selon le m\u00eame communiqu\u00e9, la police aurait saisi plus 120.000 grammes de chanvre et envoy\u00e9 plus de 156 personnes &hellip;<\/p>\n","protected":false},"author":2,"featured_media":6782,"comment_status":"open","ping_status":"open","sticky":false,"template":"","format":"standard","meta":{"footnotes":""},"categories":[18],"tags":[],"class_list":["post-6781","post","type-post","status-publish","format-standard","has-post-thumbnail","hentry","category-actualites"],"_links":{"self":[{"href":"https:\/\/ladepeche.mr\/index.php?rest_route=\/wp\/v2\/posts\/6781","targetHints":{"allow":["GET"]}}],"collection":[{"href":"https:\/\/ladepeche.mr\/index.php?rest_route=\/wp\/v2\/posts"}],"about":[{"href":"https:\/\/ladepeche.mr\/index.php?rest_route=\/wp\/v2\/types\/post"}],"author":[{"embeddable":true,"href":"https:\/\/ladepeche.mr\/index.php?rest_route=\/wp\/v2\/users\/2"}],"replies":[{"embeddable":true,"href":"https:\/\/ladepeche.mr\/index.php?rest_route=%2Fwp%2Fv2%2Fcomments&post=6781"}],"version-history":[{"count":2,"href":"https:\/\/ladepeche.mr\/index.php?rest_route=\/wp\/v2\/posts\/6781\/revisions"}],"predecessor-version":[{"id":6784,"href":"https:\/\/ladepeche.mr\/index.php?rest_route=\/wp\/v2\/posts\/6781\/revisions\/6784"}],"wp:featuredmedia":[{"embeddable":true,"href":"https:\/\/ladepeche.mr\/index.php?rest_route=\/wp\/v2\/media\/6782"}],"wp:attachment":[{"href":"https:\/\/ladepeche.mr\/index.php?rest_route=%2Fwp%2Fv2%2Fmedia&parent=6781"}],"wp:term":[{"taxonomy":"category","embeddable":true,"href":"https:\/\/ladepeche.mr\/index.php?rest_route=%2Fwp%2Fv2%2Fcategories&post=6781"},{"taxonomy":"post_tag","embeddable":true,"href":"https:\/\/ladepeche.mr\/index.php?rest_route=%2Fwp%2Fv2%2Ftags&post=6781"}],"curies":[{"name":"wp","href":"https:\/\/api.w.org\/{rel}","templated":true}]}}