{"id":6788,"date":"2023-08-15T11:32:26","date_gmt":"2023-08-15T11:32:26","guid":{"rendered":"https:\/\/ladepeche.mr\/?p=6788"},"modified":"2023-08-15T11:33:16","modified_gmt":"2023-08-15T11:33:16","slug":"conference-de-presse-conjointe-entre-le-ministre-de-leconomie-et-la-ministre-allemande-de-la-cooperation-economique","status":"publish","type":"post","link":"https:\/\/ladepeche.mr\/?p=6788","title":{"rendered":"Conf\u00e9rence de presse conjointe entre le ministre mauritanien de l\u2019Economie et la ministre allemande de la coop\u00e9ration \u00e9conomique"},"content":{"rendered":"<p>L\u2019Acad\u00e9mie diplomatique a abrit\u00e9, lundi apr\u00e8s-midi, une conf\u00e9rence de presse conjointe entre le ministre de l\u2019Economie et du D\u00e9veloppement Durable M. Abdessalam Ould Mohamed Saleh et la ministre allemande de la Coop\u00e9ration \u00e9conomique et du D\u00e9veloppement, et pr\u00e9sidente de l\u2019assembl\u00e9e g\u00e9n\u00e9rale de l\u2019Alliance Sahel, Mme. Svenja Schulze.<br \/>\nLa rencontre qui s\u2019inscrit dans le cadre des excellentes relations entre la Mauritanie et l\u2019Allemagne, a \u00e9t\u00e9 l\u2019occasion pour les deux parties d\u2019aborder les diff\u00e9rents aspects de la coop\u00e9ration bilat\u00e9rale entre les deux pays ainsi que la relation entre le Groupe des Cinq pays du Sahel et l&#8217;Alliance pour le Sahel.<br \/>\n Intervenant en premier, le  ministre de l&#8217;\u00c9conomie et du D\u00e9veloppement durable a renouvel\u00e9 ses f\u00e9licitations \u00e0 l&#8217;Allemagne pour sa pr\u00e9sidence de l&#8217;Assembl\u00e9e g\u00e9n\u00e9rale de l&#8217;Alliance Sahel, exprimant la volont\u00e9 de notre pays de renforcer la coop\u00e9ration entre le Groupe du Sahel et l&#8217;Alliance Sahel.<br \/>\n Le Ministre a \u00e9galement salu\u00e9 la vision exprim\u00e9e par la Pr\u00e9sidente de l&#8217;Assembl\u00e9e g\u00e9n\u00e9rale de l&#8217;Alliance, une vision qu&#8217;il partage avec elle, visant \u00e0 am\u00e9liorer les conditions de vie des populations des pays du Groupe des Cinq du Sahel de mani\u00e8re effective et durable.<\/p>\n<p>Il a ajout\u00e9 que les priorit\u00e9s de cette vision, centr\u00e9es sur l&#8217;emploi, le changement climatique et l&#8217;ins\u00e9curit\u00e9 alimentaire, auront des r\u00e9percussions sur les services essentiels dans la r\u00e9gion, en particulier d<br \/>\nans les domaines de la sant\u00e9 et de l&#8217;\u00e9ducation.<\/p>\n<p>Concernant les relations de coop\u00e9ration bilat\u00e9rale entre nos pays, qui remontent aux ann\u00e9es 60 du si\u00e8cle dernier, le ministre a d\u00e9clar\u00e9 que cette relation constitue un mod\u00e8le de coop\u00e9ration en mati\u00e8re de d\u00e9veloppement, englobant de nombreux aspects tels que la formation technique et professionnelle, l&#8217;emploi, la gouvernance, la gestion, l&#8217;environnement, la p\u00eache, l&#8217;agriculture et le soutien technique, parmi d&#8217;autres. Ces efforts ont abouti \u00e0 un portefeuille de projets consid\u00e9rable et vari\u00e9, dont le financement actuel s&#8217;\u00e9l\u00e8ve \u00e0 64,4 millions d&#8217;euros sous forme de subventions.<br \/>\n Le Ministre a \u00e9galement pr\u00e9sent\u00e9 des exemples concrets de cette coop\u00e9ration, qui ont permis la modernisation de nombreuses infrastructures portuaires ainsi que le soutien technique \u00e0 l&#8217;administration, notamment la planification, la gestion financi\u00e8re publique et la d\u00e9centralisation, entre autres.<br \/>\nR\u00e9pondant \u00e0 une question relative \u00e0 la fiabilit\u00e9 et l\u2019efficacit\u00e9 des actions du G5 sahel, \u00e0 la lumi\u00e8re de la recrudescence des groupes arm\u00e9s et des putschs dans la r\u00e9gion, M. Abdessalam a fait remarquer que le G5 sahel reste le seul cadre ad\u00e9quat pour promouvoir le d\u00e9veloppement et la paix dans la zone, en d\u00e9pit de la complexit\u00e9 des d\u00e9fis auxquels elle fait face.<br \/>\nIl a \u00e9galement soulign\u00e9 que la Mauritanie, et dans le souci de p\u00e9renniser et de renforcer sa stabilit\u00e9 par rapport \u00e0 la situation sous r\u00e9gionale, s\u2019est investi durant les trois derni\u00e8res ann\u00e9es dans une dynamique de d\u00e9veloppement orient\u00e9e vers la protection sociale dans le contexte des crises multiples, \u00e0 laquelle s\u2019ajoute le processus d\u2019apaisement politique qui a \u00e9t\u00e9 initi\u00e9 depuis l\u2019investiture du Pr\u00e9sident de la R\u00e9publique.<br \/>\nToutefois, il a d\u00e9clar\u00e9 que les groupes arm\u00e9s au sahel sont au bout du souffle gr\u00e2ce aux actions strat\u00e9giques men\u00e9s par l\u2019initiative G5 sahel et l\u2019appui des partenaires, rappelant que la Mauritanie   d\u00e9nonce fermement toute tentative de renversement de l\u2019ordre constitutionnel, et \u0153uvre pour la stabilit\u00e9 politique et s\u00e9curitaire afin de pallier les d\u00e9fis r\u00e9sistants dans la zone.<br \/>\n De son c\u00f4t\u00e9, la ministre allemande de la Coop\u00e9ration \u00e9conomique a exprim\u00e9 son appr\u00e9ciation pour les efforts de la Mauritanie dans le cadre de sa Pr\u00e9sidence du G5 Sahel, la consid\u00e9rant comme un espace de stabilit\u00e9 dans la r\u00e9gion. Elle a \u00e9galement pass\u00e9 en revue les objectifs sur lesquels a \u00e9t\u00e9 fond\u00e9e l\u2019initiative de l&#8217;Alliance Sahel, ainsi que les divers aspects de la coop\u00e9ration bilat\u00e9rale en mati\u00e8re de d\u00e9veloppement entre l&#8217;Allemagne et la Mauritanie.<br \/>\nLa ministre a par ailleurs, affirm\u00e9 sur la centralit\u00e9 des actions men\u00e9es dans le cadre du G5 et de l\u2019alliance dans la lutte contre la pauvret\u00e9 et l\u2019ins\u00e9curit\u00e9 au Sahel, tout en s\u2019engageant \u00e0 poursuivre le soutien de l\u2019Allemagne et de l\u2019alliance aux pays du Sahel dans les changements auxquels ils assistent.<br \/>\nS\u2019agissant de la position de l\u2019Alliance du coup d\u2019Etat au Niger, elle indiqu\u00e9 qu\u2019ils coordonnent avec la CEDEAO et le G5 pour un retour pacifique de l\u2019ordre constitutionnel au Niger.<br \/>\nMECDD<\/p>\n","protected":false},"excerpt":{"rendered":"<p>L\u2019Acad\u00e9mie diplomatique a abrit\u00e9, lundi apr\u00e8s-midi, une conf\u00e9rence de presse conjointe entre le ministre de l\u2019Economie et du D\u00e9veloppement Durable M. Abdessalam Ould Mohamed Saleh et la ministre allemande de la Coop\u00e9ration \u00e9conomique et du D\u00e9veloppement, et pr\u00e9sidente de l\u2019assembl\u00e9e g\u00e9n\u00e9rale de l\u2019Alliance Sahel, Mme. Svenja Schulze. La rencontre qui s\u2019inscrit dans le cadre des &hellip;<\/p>\n","protected":false},"author":2,"featured_media":6789,"comment_status":"open","ping_status":"open","sticky":false,"template":"","format":"standard","meta":{"footnotes":""},"categories":[18,2,29],"tags":[],"class_list":["post-6788","post","type-post","status-publish","format-standard","has-post-thumbnail","hentry","category-actualites","category-economie","category-monde"],"_links":{"self":[{"href":"https:\/\/ladepeche.mr\/index.php?rest_route=\/wp\/v2\/posts\/6788","targetHints":{"allow":["GET"]}}],"collection":[{"href":"https:\/\/ladepeche.mr\/index.php?rest_route=\/wp\/v2\/posts"}],"about":[{"href":"https:\/\/ladepeche.mr\/index.php?rest_route=\/wp\/v2\/types\/post"}],"author":[{"embeddable":true,"href":"https:\/\/ladepeche.mr\/index.php?rest_route=\/wp\/v2\/users\/2"}],"replies":[{"embeddable":true,"href":"https:\/\/ladepeche.mr\/index.php?rest_route=%2Fwp%2Fv2%2Fcomments&post=6788"}],"version-history":[{"count":2,"href":"https:\/\/ladepeche.mr\/index.php?rest_route=\/wp\/v2\/posts\/6788\/revisions"}],"predecessor-version":[{"id":6791,"href":"https:\/\/ladepeche.mr\/index.php?rest_route=\/wp\/v2\/posts\/6788\/revisions\/6791"}],"wp:featuredmedia":[{"embeddable":true,"href":"https:\/\/ladepeche.mr\/index.php?rest_route=\/wp\/v2\/media\/6789"}],"wp:attachment":[{"href":"https:\/\/ladepeche.mr\/index.php?rest_route=%2Fwp%2Fv2%2Fmedia&parent=6788"}],"wp:term":[{"taxonomy":"category","embeddable":true,"href":"https:\/\/ladepeche.mr\/index.php?rest_route=%2Fwp%2Fv2%2Fcategories&post=6788"},{"taxonomy":"post_tag","embeddable":true,"href":"https:\/\/ladepeche.mr\/index.php?rest_route=%2Fwp%2Fv2%2Ftags&post=6788"}],"curies":[{"name":"wp","href":"https:\/\/api.w.org\/{rel}","templated":true}]}}