{"id":6794,"date":"2023-08-16T21:07:14","date_gmt":"2023-08-16T21:07:14","guid":{"rendered":"https:\/\/ladepeche.mr\/?p=6794"},"modified":"2023-08-16T21:07:14","modified_gmt":"2023-08-16T21:07:14","slug":"le-ministre-de-leconomie-recoit-le-representant-de-lunicef-en-mauritanie","status":"publish","type":"post","link":"https:\/\/ladepeche.mr\/?p=6794","title":{"rendered":"Le ministre de l&#8217;Economie re\u00e7oit le repr\u00e9sentant de l\u2019UNICEF en Mauritanie"},"content":{"rendered":"<p>Le ministre de l&#8217;\u00c9conomie et du d\u00e9veloppement durable, M. Abdessalam Ould Mohamed Saleh, a re\u00e7u en audience, aujourd&#8217;hui mercredi, le repr\u00e9sentant r\u00e9sident de l&#8217;UNICEF dans notre pays, M. Marc Lucet, accompagn\u00e9 de certains membres de son staff.<br \/>\nL&#8217;entretien  a port\u00e9 sur les diff\u00e9rents domaines de collaborations entre notre pays et cette organisation internationale, et les moyens de les renforcer, en particulier ceux li\u00e9es \u00e0 la protection sociale.<br \/>\n\u00c9tait pr\u00e9sent lors de l&#8217;audience, le directeur g\u00e9n\u00e9ral des politiques et strat\u00e9gies de d\u00e9veloppement, M. Cheikhna Ould Beddad.<\/p>\n","protected":false},"excerpt":{"rendered":"<p>Le ministre de l&#8217;\u00c9conomie et du d\u00e9veloppement durable, M. Abdessalam Ould Mohamed Saleh, a re\u00e7u en audience, aujourd&#8217;hui mercredi, le repr\u00e9sentant r\u00e9sident de l&#8217;UNICEF dans notre pays, M. Marc Lucet, accompagn\u00e9 de certains membres de son staff. L&#8217;entretien a port\u00e9 sur les diff\u00e9rents domaines de collaborations entre notre pays et cette organisation internationale, et les &hellip;<\/p>\n","protected":false},"author":2,"featured_media":6795,"comment_status":"open","ping_status":"open","sticky":false,"template":"","format":"standard","meta":{"footnotes":""},"categories":[18,2],"tags":[],"class_list":["post-6794","post","type-post","status-publish","format-standard","has-post-thumbnail","hentry","category-actualites","category-economie"],"_links":{"self":[{"href":"https:\/\/ladepeche.mr\/index.php?rest_route=\/wp\/v2\/posts\/6794","targetHints":{"allow":["GET"]}}],"collection":[{"href":"https:\/\/ladepeche.mr\/index.php?rest_route=\/wp\/v2\/posts"}],"about":[{"href":"https:\/\/ladepeche.mr\/index.php?rest_route=\/wp\/v2\/types\/post"}],"author":[{"embeddable":true,"href":"https:\/\/ladepeche.mr\/index.php?rest_route=\/wp\/v2\/users\/2"}],"replies":[{"embeddable":true,"href":"https:\/\/ladepeche.mr\/index.php?rest_route=%2Fwp%2Fv2%2Fcomments&post=6794"}],"version-history":[{"count":1,"href":"https:\/\/ladepeche.mr\/index.php?rest_route=\/wp\/v2\/posts\/6794\/revisions"}],"predecessor-version":[{"id":6796,"href":"https:\/\/ladepeche.mr\/index.php?rest_route=\/wp\/v2\/posts\/6794\/revisions\/6796"}],"wp:featuredmedia":[{"embeddable":true,"href":"https:\/\/ladepeche.mr\/index.php?rest_route=\/wp\/v2\/media\/6795"}],"wp:attachment":[{"href":"https:\/\/ladepeche.mr\/index.php?rest_route=%2Fwp%2Fv2%2Fmedia&parent=6794"}],"wp:term":[{"taxonomy":"category","embeddable":true,"href":"https:\/\/ladepeche.mr\/index.php?rest_route=%2Fwp%2Fv2%2Fcategories&post=6794"},{"taxonomy":"post_tag","embeddable":true,"href":"https:\/\/ladepeche.mr\/index.php?rest_route=%2Fwp%2Fv2%2Ftags&post=6794"}],"curies":[{"name":"wp","href":"https:\/\/api.w.org\/{rel}","templated":true}]}}