{"id":6797,"date":"2023-08-16T21:14:49","date_gmt":"2023-08-16T21:14:49","guid":{"rendered":"https:\/\/ladepeche.mr\/?p=6797"},"modified":"2023-08-16T21:14:49","modified_gmt":"2023-08-16T21:14:49","slug":"nomination-dun-chef-detat-major-adjoint-de-la-gendarmerie-nationale","status":"publish","type":"post","link":"https:\/\/ladepeche.mr\/?p=6797","title":{"rendered":"Nomination d\u2019un chef d\u2019\u00e9tat- major adjoint de la gendarmerie nationale"},"content":{"rendered":"<p>La Pr\u00e9sidence de la R\u00e9publique a annonc\u00e9 qu\u2019en vertu d\u2019un d\u00e9cret rendu public en date de ce jour, (mercredi,16 ao\u00fbt 2023, ndlr), le g\u00e9n\u00e9ral de division Ahmed Mahmoud Ould Taya a \u00e9t\u00e9 nomm\u00e9 chef d\u2019\u00e9tat-major adjoint de la gendarmerie nationale.<\/p>\n","protected":false},"excerpt":{"rendered":"<p>La Pr\u00e9sidence de la R\u00e9publique a annonc\u00e9 qu\u2019en vertu d\u2019un d\u00e9cret rendu public en date de ce jour, (mercredi,16 ao\u00fbt 2023, ndlr), le g\u00e9n\u00e9ral de division Ahmed Mahmoud Ould Taya a \u00e9t\u00e9 nomm\u00e9 chef d\u2019\u00e9tat-major adjoint de la gendarmerie nationale.<\/p>\n","protected":false},"author":2,"featured_media":0,"comment_status":"open","ping_status":"open","sticky":false,"template":"","format":"standard","meta":{"footnotes":""},"categories":[18],"tags":[],"class_list":["post-6797","post","type-post","status-publish","format-standard","hentry","category-actualites"],"_links":{"self":[{"href":"https:\/\/ladepeche.mr\/index.php?rest_route=\/wp\/v2\/posts\/6797","targetHints":{"allow":["GET"]}}],"collection":[{"href":"https:\/\/ladepeche.mr\/index.php?rest_route=\/wp\/v2\/posts"}],"about":[{"href":"https:\/\/ladepeche.mr\/index.php?rest_route=\/wp\/v2\/types\/post"}],"author":[{"embeddable":true,"href":"https:\/\/ladepeche.mr\/index.php?rest_route=\/wp\/v2\/users\/2"}],"replies":[{"embeddable":true,"href":"https:\/\/ladepeche.mr\/index.php?rest_route=%2Fwp%2Fv2%2Fcomments&post=6797"}],"version-history":[{"count":1,"href":"https:\/\/ladepeche.mr\/index.php?rest_route=\/wp\/v2\/posts\/6797\/revisions"}],"predecessor-version":[{"id":6798,"href":"https:\/\/ladepeche.mr\/index.php?rest_route=\/wp\/v2\/posts\/6797\/revisions\/6798"}],"wp:attachment":[{"href":"https:\/\/ladepeche.mr\/index.php?rest_route=%2Fwp%2Fv2%2Fmedia&parent=6797"}],"wp:term":[{"taxonomy":"category","embeddable":true,"href":"https:\/\/ladepeche.mr\/index.php?rest_route=%2Fwp%2Fv2%2Fcategories&post=6797"},{"taxonomy":"post_tag","embeddable":true,"href":"https:\/\/ladepeche.mr\/index.php?rest_route=%2Fwp%2Fv2%2Ftags&post=6797"}],"curies":[{"name":"wp","href":"https:\/\/api.w.org\/{rel}","templated":true}]}}