{"id":6802,"date":"2023-08-17T16:50:40","date_gmt":"2023-08-17T16:50:40","guid":{"rendered":"https:\/\/ladepeche.mr\/?p=6802"},"modified":"2023-08-17T16:50:40","modified_gmt":"2023-08-17T16:50:40","slug":"le-ministre-de-leconomie-sentretient-avec-le-representant-resident-du-pnud","status":"publish","type":"post","link":"https:\/\/ladepeche.mr\/?p=6802","title":{"rendered":"Le ministre de l&#8217;Economie s&#8217;entretient avec le repr\u00e9sentant r\u00e9sident du PNUD"},"content":{"rendered":"<p>Son Excellence le ministre de l&#8217;Economie et du D\u00e9veloppement Durable, M. Abdessalam Ould Mohamed Saleh, a re\u00e7u en audience ce matin, jeudi, \u00e0 Nouakchott, le repr\u00e9sentant r\u00e9sident du Programme des Nations Unies pour le d\u00e9veloppement dans notre pays, M. Mansour N&#8217;daye.<br \/>\nAu cours de la rencontre, diff\u00e9rents dossiers de coop\u00e9ration au d\u00e9veloppement liant notre pays \u00e0 cette instance onusienne ont \u00e9t\u00e9 \u00e9voqu\u00e9s. Les deux parties ont convenu de la n\u00e9cessit\u00e9 d&#8217;intensifier les efforts pour d&#8217;am\u00e9lioration et de d\u00e9veloppement des diff\u00e9rents aspects des programmes de coop\u00e9ration afin de renforcer le processus de d\u00e9veloppement initi\u00e9 dans notre pays. <\/p>\n<p>La rencontre s&#8217;est d\u00e9roul\u00e9e en pr\u00e9sence du directeur g\u00e9n\u00e9ral des politiques et strat\u00e9gies de d\u00e9veloppement au minist\u00e8re, M. Cheikhna Ould Beddad.<\/p>\n","protected":false},"excerpt":{"rendered":"<p>Son Excellence le ministre de l&#8217;Economie et du D\u00e9veloppement Durable, M. Abdessalam Ould Mohamed Saleh, a re\u00e7u en audience ce matin, jeudi, \u00e0 Nouakchott, le repr\u00e9sentant r\u00e9sident du Programme des Nations Unies pour le d\u00e9veloppement dans notre pays, M. Mansour N&#8217;daye. Au cours de la rencontre, diff\u00e9rents dossiers de coop\u00e9ration au d\u00e9veloppement liant notre pays &hellip;<\/p>\n","protected":false},"author":2,"featured_media":0,"comment_status":"open","ping_status":"open","sticky":false,"template":"","format":"standard","meta":{"footnotes":""},"categories":[18],"tags":[],"class_list":["post-6802","post","type-post","status-publish","format-standard","hentry","category-actualites"],"_links":{"self":[{"href":"https:\/\/ladepeche.mr\/index.php?rest_route=\/wp\/v2\/posts\/6802","targetHints":{"allow":["GET"]}}],"collection":[{"href":"https:\/\/ladepeche.mr\/index.php?rest_route=\/wp\/v2\/posts"}],"about":[{"href":"https:\/\/ladepeche.mr\/index.php?rest_route=\/wp\/v2\/types\/post"}],"author":[{"embeddable":true,"href":"https:\/\/ladepeche.mr\/index.php?rest_route=\/wp\/v2\/users\/2"}],"replies":[{"embeddable":true,"href":"https:\/\/ladepeche.mr\/index.php?rest_route=%2Fwp%2Fv2%2Fcomments&post=6802"}],"version-history":[{"count":1,"href":"https:\/\/ladepeche.mr\/index.php?rest_route=\/wp\/v2\/posts\/6802\/revisions"}],"predecessor-version":[{"id":6803,"href":"https:\/\/ladepeche.mr\/index.php?rest_route=\/wp\/v2\/posts\/6802\/revisions\/6803"}],"wp:attachment":[{"href":"https:\/\/ladepeche.mr\/index.php?rest_route=%2Fwp%2Fv2%2Fmedia&parent=6802"}],"wp:term":[{"taxonomy":"category","embeddable":true,"href":"https:\/\/ladepeche.mr\/index.php?rest_route=%2Fwp%2Fv2%2Fcategories&post=6802"},{"taxonomy":"post_tag","embeddable":true,"href":"https:\/\/ladepeche.mr\/index.php?rest_route=%2Fwp%2Fv2%2Ftags&post=6802"}],"curies":[{"name":"wp","href":"https:\/\/api.w.org\/{rel}","templated":true}]}}