{"id":6805,"date":"2023-08-18T18:33:01","date_gmt":"2023-08-18T18:33:01","guid":{"rendered":"https:\/\/ladepeche.mr\/?p=6805"},"modified":"2023-08-18T18:33:01","modified_gmt":"2023-08-18T18:33:01","slug":"le-president-de-la-republique-recoit-le-representant-special-du-secretaire-general-des-nations-unies-en-afrique-de-louest-et-au-sahel","status":"publish","type":"post","link":"https:\/\/ladepeche.mr\/?p=6805","title":{"rendered":"Le Pr\u00e9sident de la R\u00e9publique re\u00e7oit le repr\u00e9sentant sp\u00e9cial du Secr\u00e9taire g\u00e9n\u00e9ral des Nations Unies en Afrique de l\u2019Ouest et au Sahel"},"content":{"rendered":"<p>Son Excellence le Pr\u00e9sident de la R\u00e9publique, Monsieur Mohamed Ould Cheikh El Ghazouani, a re\u00e7u en audience, jeudi \u00e0 Nouakchott, le secr\u00e9taire g\u00e9n\u00e9ral adjoint des Nations Unies, le repr\u00e9sentant sp\u00e9cial du secr\u00e9taire g\u00e9n\u00e9ral pour l\u2019Afrique de l\u2019Ouest et le Sahel, SEM. Leonardo Santos Simao.<\/p>\n<p>A l\u2019issue de la rencontre, l\u2019envoy\u00e9 sp\u00e9cial du secr\u00e9taire g\u00e9n\u00e9ral des Nations Unies a fait la d\u00e9claration suivante \u00e0 l\u2019AMI:<\/p>\n<p>\u2018\u2019 Bonjour, en ma qualit\u00e9 de repr\u00e9sentant sp\u00e9cial du secr\u00e9taire g\u00e9n\u00e9ral des Nations Unies, je viens d\u2019\u00eatre re\u00e7u par le Pr\u00e9sident de la R\u00e9publique \u00e0 qui j\u2019ai transmis les compliments du secr\u00e9taire g\u00e9n\u00e9ral et ses souhaits de bonne sant\u00e9.<\/p>\n<p>Je suis dans une mission de visiter les pays de la r\u00e9gion pour comprendre la situation politique, \u00e9conomique et sociale de chacun des pays visit\u00e9s et voir comment conjuguer nos efforts pour faire face aux d\u00e9fis de la r\u00e9gion, dont l\u2019ins\u00e9curit\u00e9, la lutte contre le terrorisme et le maintien de la paix et de la stabilit\u00e9.<\/p>\n<p>Nous avons la situation au Mali et au Niger et d\u2019autres pays, aussi, que nous devons aider \u00e0 retrouver la stabilit\u00e9 et le d\u00e9veloppement.<\/p>\n<p>Donc, voil\u00e0, en quelques mots, l\u2019objectif de ma visite et le contenu de mon entretien avec Monsieur le Pr\u00e9sident de la R\u00e9publique. Merci\u2019\u2019.<br \/>\nAmi<\/p>\n","protected":false},"excerpt":{"rendered":"<p>Son Excellence le Pr\u00e9sident de la R\u00e9publique, Monsieur Mohamed Ould Cheikh El Ghazouani, a re\u00e7u en audience, jeudi \u00e0 Nouakchott, le secr\u00e9taire g\u00e9n\u00e9ral adjoint des Nations Unies, le repr\u00e9sentant sp\u00e9cial du secr\u00e9taire g\u00e9n\u00e9ral pour l\u2019Afrique de l\u2019Ouest et le Sahel, SEM. Leonardo Santos Simao. A l\u2019issue de la rencontre, l\u2019envoy\u00e9 sp\u00e9cial du secr\u00e9taire g\u00e9n\u00e9ral des &hellip;<\/p>\n","protected":false},"author":2,"featured_media":6806,"comment_status":"open","ping_status":"open","sticky":false,"template":"","format":"standard","meta":{"footnotes":""},"categories":[18,29,28],"tags":[],"class_list":["post-6805","post","type-post","status-publish","format-standard","has-post-thumbnail","hentry","category-actualites","category-monde","category-sahel"],"_links":{"self":[{"href":"https:\/\/ladepeche.mr\/index.php?rest_route=\/wp\/v2\/posts\/6805","targetHints":{"allow":["GET"]}}],"collection":[{"href":"https:\/\/ladepeche.mr\/index.php?rest_route=\/wp\/v2\/posts"}],"about":[{"href":"https:\/\/ladepeche.mr\/index.php?rest_route=\/wp\/v2\/types\/post"}],"author":[{"embeddable":true,"href":"https:\/\/ladepeche.mr\/index.php?rest_route=\/wp\/v2\/users\/2"}],"replies":[{"embeddable":true,"href":"https:\/\/ladepeche.mr\/index.php?rest_route=%2Fwp%2Fv2%2Fcomments&post=6805"}],"version-history":[{"count":1,"href":"https:\/\/ladepeche.mr\/index.php?rest_route=\/wp\/v2\/posts\/6805\/revisions"}],"predecessor-version":[{"id":6807,"href":"https:\/\/ladepeche.mr\/index.php?rest_route=\/wp\/v2\/posts\/6805\/revisions\/6807"}],"wp:featuredmedia":[{"embeddable":true,"href":"https:\/\/ladepeche.mr\/index.php?rest_route=\/wp\/v2\/media\/6806"}],"wp:attachment":[{"href":"https:\/\/ladepeche.mr\/index.php?rest_route=%2Fwp%2Fv2%2Fmedia&parent=6805"}],"wp:term":[{"taxonomy":"category","embeddable":true,"href":"https:\/\/ladepeche.mr\/index.php?rest_route=%2Fwp%2Fv2%2Fcategories&post=6805"},{"taxonomy":"post_tag","embeddable":true,"href":"https:\/\/ladepeche.mr\/index.php?rest_route=%2Fwp%2Fv2%2Ftags&post=6805"}],"curies":[{"name":"wp","href":"https:\/\/api.w.org\/{rel}","templated":true}]}}