{"id":6812,"date":"2023-08-19T11:16:01","date_gmt":"2023-08-19T11:16:01","guid":{"rendered":"https:\/\/ladepeche.mr\/?p=6812"},"modified":"2023-08-19T11:23:07","modified_gmt":"2023-08-19T11:23:07","slug":"rim-ukraine-une-premiere-dans-lhistoire-des-deux-pays","status":"publish","type":"post","link":"https:\/\/ladepeche.mr\/?p=6812","title":{"rendered":"Rim-Ukraine: une premi\u00e8re dans l\u2019histoire des deux pays"},"content":{"rendered":"<p>Les ministres mauritanien des affaires \u00e9trang\u00e8res, Mohamed Salem Merzough, et son homologue ukrainien, ont, pour la premi\u00e8re fois de l\u2019histoire des deux pays, inaugur\u00e9 un \u00e9change t\u00e9l\u00e9phonique pour discuter des questions communes.<br \/>\nL\u2019entretien direct, qui \u00e9largit les canaux de communication officielle entre les deux responsables, leur aurait permis de discuter des moyens de renforcer la coop\u00e9ration bilat\u00e9rale.<br \/>\nNotons que cet appel intervient dans des circonstances particuli\u00e8res  marqu\u00e9es par l\u2019occupation de l\u2019Ukraine par la Russie \u00e0 l\u2019origine aujourd\u2019hui d\u2019une \u00e9norme turbulence dans l\u2019approvisionnement du Continent Africain en bl\u00e9 en provenance des deux pays bellig\u00e9rants.<br \/>\nLa Mauritanie, rappelle-t-on, avait condamn\u00e9 l\u2019occupation par la Russie d\u2019un pays souverain, membre de la communaut\u00e9 internationale.<\/p>\n","protected":false},"excerpt":{"rendered":"<p>Les ministres mauritanien des affaires \u00e9trang\u00e8res, Mohamed Salem Merzough, et son homologue ukrainien, ont, pour la premi\u00e8re fois de l\u2019histoire des deux pays, inaugur\u00e9 un \u00e9change t\u00e9l\u00e9phonique pour discuter des questions communes. L\u2019entretien direct, qui \u00e9largit les canaux de communication officielle entre les deux responsables, leur aurait permis de discuter des moyens de renforcer la &hellip;<\/p>\n","protected":false},"author":2,"featured_media":6813,"comment_status":"open","ping_status":"open","sticky":false,"template":"","format":"standard","meta":{"footnotes":""},"categories":[18,29],"tags":[],"class_list":["post-6812","post","type-post","status-publish","format-standard","has-post-thumbnail","hentry","category-actualites","category-monde"],"_links":{"self":[{"href":"https:\/\/ladepeche.mr\/index.php?rest_route=\/wp\/v2\/posts\/6812","targetHints":{"allow":["GET"]}}],"collection":[{"href":"https:\/\/ladepeche.mr\/index.php?rest_route=\/wp\/v2\/posts"}],"about":[{"href":"https:\/\/ladepeche.mr\/index.php?rest_route=\/wp\/v2\/types\/post"}],"author":[{"embeddable":true,"href":"https:\/\/ladepeche.mr\/index.php?rest_route=\/wp\/v2\/users\/2"}],"replies":[{"embeddable":true,"href":"https:\/\/ladepeche.mr\/index.php?rest_route=%2Fwp%2Fv2%2Fcomments&post=6812"}],"version-history":[{"count":3,"href":"https:\/\/ladepeche.mr\/index.php?rest_route=\/wp\/v2\/posts\/6812\/revisions"}],"predecessor-version":[{"id":6816,"href":"https:\/\/ladepeche.mr\/index.php?rest_route=\/wp\/v2\/posts\/6812\/revisions\/6816"}],"wp:featuredmedia":[{"embeddable":true,"href":"https:\/\/ladepeche.mr\/index.php?rest_route=\/wp\/v2\/media\/6813"}],"wp:attachment":[{"href":"https:\/\/ladepeche.mr\/index.php?rest_route=%2Fwp%2Fv2%2Fmedia&parent=6812"}],"wp:term":[{"taxonomy":"category","embeddable":true,"href":"https:\/\/ladepeche.mr\/index.php?rest_route=%2Fwp%2Fv2%2Fcategories&post=6812"},{"taxonomy":"post_tag","embeddable":true,"href":"https:\/\/ladepeche.mr\/index.php?rest_route=%2Fwp%2Fv2%2Ftags&post=6812"}],"curies":[{"name":"wp","href":"https:\/\/api.w.org\/{rel}","templated":true}]}}