{"id":6817,"date":"2023-08-21T20:30:22","date_gmt":"2023-08-21T20:30:22","guid":{"rendered":"https:\/\/ladepeche.mr\/?p=6817"},"modified":"2023-08-21T20:30:22","modified_gmt":"2023-08-21T20:30:22","slug":"au-conseil-des-ministres-le-president-de-la-republique-engage-le-gouvernement-a-leffet-de-resoudre-le-probleme-deau-potable-de-nouakchott","status":"publish","type":"post","link":"https:\/\/ladepeche.mr\/?p=6817","title":{"rendered":"Au Conseil des ministres: le Pr\u00e9sident de la R\u00e9publique engage le gouvernement \u00e0 l\u2019effet de r\u00e9soudre le probl\u00e8me d\u2019eau potable de Nouakchott"},"content":{"rendered":"<p>Le Conseil des Ministres s\u2019est r\u00e9uni le lundi 21 Ao\u00fbt 2023 sous la Pr\u00e9sidence de Son Excellence Monsieur Mohamed Ould Cheikh El-Ghazouani, Pr\u00e9sident de la R\u00e9publique.<\/p>\n<p>Le Conseil a examin\u00e9 et adopt\u00e9 les projets de d\u00e9crets suivants :<\/p>\n<p>\u2010 Projet de d\u00e9cret portant concession d\u00e9finitive d\u2019un terrain \u00e0 la Wilaya de Nouakchott au profit de l\u2019h\u00f4tel Sabah.<\/p>\n<p>Le pr\u00e9sent projet de d\u00e9cret a pour objet la concession d\u00e9finitive d\u2019une parcelle de terre au groupe \u00ab H\u00f4tel Sabah \u00bb, suite \u00e0 une concession provisoire par d\u00e9cret n\u00b0 182-2022 du 15 d\u00e9cembre 2022.<\/p>\n<p>Ce projet vise \u00e0 abriter un h\u00f4tel de haut standing, compos\u00e9 de 26 chambres, 6 suites, 20 tente-cabanes, une grande salle de s\u00e9minaire, une salle de r\u00e9union priv\u00e9e et une salle de sport. Il va contribuer \u00e0 l\u2019augmentation des capacit\u00e9s d\u2019h\u00e9bergement de la ville de Nouakchott et au d\u00e9veloppement du tourisme dans le pays, en plus de soutenir significativement l\u2019activit\u00e9 \u00e9conomique et de diminuer le ch\u00f4mage, en cr\u00e9ant plus de 50 emplois directs et 150 indirects.<\/p>\n<p>\u2010 Projet de d\u00e9cret portant nomination du Pr\u00e9sident du Conseil d\u2019Administration de l\u2019Agence Num\u00e9rique de l\u2019Etat (AN-ETAT).<\/p>\n<p>Son Excellence Monsieur le Pr\u00e9sident de la R\u00e9publique a engag\u00e9 les membres du Gouvernement \u00e0 l\u2019effet :<\/p>\n<p>\u2010 D\u2019accompagner les importantes actions programm\u00e9es, et en cours, dans le domaine de la transformation num\u00e9rique en vue de l\u2019acc\u00e9l\u00e9ration du d\u00e9veloppement \u00e9conomique et social et du rapprochement des services des populations ;<\/p>\n<p>\u2010 De veiller dans le cadre de l\u2019alimentation en eau potable de Nouakchott, \u00e0 la maintenance r\u00e9guli\u00e8re des installations hydrauliques de l\u2019Aftout Essahili, par la mise en place d\u2019un syst\u00e8me durable, et \u00e0 l\u2019acc\u00e9l\u00e9ration de la recherche des financements n\u00e9cessaires \u00e0 l\u2019extension d\u2019Idini et \u00e0 la construction d\u2019une usine de dessalement de l\u2019eau de mer \u00e0 Nouakchott.<\/p>\n<p>Le Premier Ministre a pr\u00e9sent\u00e9 une communication relative au bilan du Programme TAAHOUDATY pour la p\u00e9riode ao\u00fbt 2022 \u00e0 juillet 2023.<\/p>\n<p>La pr\u00e9sente communication a pour objet d\u2019exposer le bilan de mise en \u0153uvre du Programme TAAHOUDATY de Son Excellence le Pr\u00e9sident de la R\u00e9publique, pour la p\u00e9riode allant d\u2019ao\u00fbt 2022 \u00e0 juillet 2023, qui vient consolider les acquis du bilan sur trois ans, \u00e9labor\u00e9 pour la p\u00e9riode allant d\u2019ao\u00fbt 2019 \u00e0 juillet 2022.<\/p>\n<p>Ce bilan retrace les r\u00e9alisations majeures accomplies et les progr\u00e8s enregistr\u00e9s au cours de cette 4\u00e8me ann\u00e9e du Programme et indique des avanc\u00e9es importantes au niveau de chacun des quatre (4) axes de ce Programme, tant en mati\u00e8re de r\u00e9formes et d\u2019infrastructures, que de renforcement des capacit\u00e9s, d\u00e9clin\u00e9s par axes strat\u00e9giques du Programme comme suit :<\/p>\n<p>\u2010 Axe1, un Etat moderne au service du citoyen : l\u2019apaisement de la sc\u00e8ne politique nationale a permis la tenue d\u2019\u00e9lections concert\u00e9es, consensuelles, libres et transparente. De plus, d\u2019importantes avanc\u00e9es ont \u00e9t\u00e9 accomplies dans le domaine de la modernisation et du renforcement du syst\u00e8me judiciaire, notamment par l\u2019organisation des Etats G\u00e9n\u00e9raux de la justice et la validation du document national de r\u00e9forme et de d\u00e9veloppement de ce secteur.<\/p>\n<p>De m\u00eame, des progr\u00e8s ont \u00e9t\u00e9 enregistr\u00e9s en mati\u00e8re de renforcement de la s\u00e9curit\u00e9 et de la bonne gouvernance, de la consolidation des libert\u00e9s individuelles et collectives, de l\u2019am\u00e9nagement du territoire et de la d\u00e9centralisation, ainsi que du rapprochement de l\u2019Administration des citoyens. Un effort particulier a \u00e9t\u00e9 d\u00e9ploy\u00e9 pour consolider l\u2019unit\u00e9 nationale, renforcer la coh\u00e9sion sociale, \u0153uvrer \u00e0 plus d\u2019\u00e9quit\u00e9 dans l\u2019acc\u00e8s aux droits citoyens et au service public.<\/p>\n<p>\u2010 Axe 2, une \u00e9conomie r\u00e9siliente et engag\u00e9e vers le chemin de l\u2019\u00e9mergence : La mise en \u0153uvre de plusieurs activit\u00e9s a permis d\u2019am\u00e9liorer la gouvernance \u00e9conomique, la promotion d\u2019un secteur priv\u00e9 comp\u00e9titif, la valorisation de secteurs-porteurs, la poursuite de programmes d\u2019emplois cibl\u00e9s pour les jeunes et les femmes, ainsi que les r\u00e9alisations des infrastructures favorables \u00e0 la croissance \u00e9conomique et contribuant \u00e0 l\u2019am\u00e9lioration des conditions de vie de la population dans le domaine du transport, de l\u2019alimentation en eau potable, de l\u2019\u00e9nergie et du num\u00e9rique.<\/p>\n<p>\u2010 Axe 3, un capital humain valoris\u00e9 au service du d\u00e9veloppement : des progr\u00e8s importants ont \u00e9t\u00e9 enregistr\u00e9s dans les domaines du renforcement de la qualit\u00e9 et de l\u2019efficacit\u00e9 du syst\u00e8me \u00e9ducatif, ainsi que l\u2019am\u00e9lioration de l\u2019offre des soins de sant\u00e9, notamment \u00e0 l\u2019endroit des populations vuln\u00e9rables. Par ailleurs, des efforts soutenus ont \u00e9t\u00e9 d\u00e9ploy\u00e9s en vue de promouvoir le sport professionnel \u00e0 tous les niveaux.<\/p>\n<p>\u2010 Axe 4, une soci\u00e9t\u00e9 fi\u00e8re soci\u00e9t\u00e9 fi\u00e8re de sa diversit\u00e9 et r\u00e9concili\u00e9e avec elle-m\u00eame : des avanc\u00e9es notoires ont \u00e9t\u00e9 enregistr\u00e9es gr\u00e2ce \u00e0 la mise en \u0153uvre d\u2019une s\u00e9rie de r\u00e9formes et d\u2019initiatives, dans divers domaines relatifs \u00e0 la promotion du patrimoine culturel, au renforcement de la coh\u00e9sion, \u00e0 la politique de protection sociale (prise en charge de personnes en situation de handicap, protection des enfants et autonomisation des filles et des femmes).<\/p>\n<p>Le Ministre des Affaires Etrang\u00e8res, de la Coop\u00e9ration et des Mauritaniens de l\u2019Ext\u00e9rieur, a pr\u00e9sent\u00e9 une communication relative \u00e0 la situation internationale.<\/p>\n<p>Le Ministre de l\u2019Int\u00e9rieur et de la D\u00e9centralisation a pr\u00e9sent\u00e9 une communication relative \u00e0 la situation int\u00e9rieure.<\/p>\n<p>Le Ministre de la Transformation Num\u00e9rique, de l\u2019innovation et de la Modernisation de l\u2019Administration a pr\u00e9sent\u00e9 une communication relative \u00e0 la transformation num\u00e9rique concr\u00e8te qui porte sur l\u2019\u00e9tat des lieux des projets les plus importants en cours d\u2019ex\u00e9cution, les mesures prises pour les acc\u00e9l\u00e9rer, les perspectives d\u2019avenir et les d\u00e9fis \u00e0 relever.<\/p>\n<p>Il s\u2019agit de onze (11) projets, dont on peut citer en particulier : i) R\u00e9seau Intranet Administratif Haut D\u00e9bit (Projet RIAD); ii) Du 2\u00e8me c\u00e2ble sous-marin; iii) R\u00e9seau interurbain de fibre optique reliant les villes (Backbone national); iv)Boucle locale de fibre optique de Nouakchott; v) Centre de donn\u00e9es (Data Center); et vi) Digitalisation des services publics.<\/p>\n<p>Les perspectives couvrent sur plusieurs actions, dont notamment, la mise \u00e0 niveau du cadre juridique comme catalyseur de d\u00e9veloppement du secteur num\u00e9rique, l\u2019extension du r\u00e9seau d\u2019interconnexion en fibres optiques entre les villes, la mise en place d\u2019un Cloud priv\u00e9 national et d\u00e9velopper des solutions num\u00e9riques pour les secteurs de la sant\u00e9 et de l\u2019agriculture afin de tirer profit des avantages des technologies num\u00e9riques pour am\u00e9liorer les qualit\u00e9s respectives des services et des rendements.<\/p>\n<p>Les principaux d\u00e9fis identifi\u00e9s portent sur une coordination efficace, une mobilisation de ressources financi\u00e8re, des ressources humaines qualifi\u00e9es et une am\u00e9lioration des relations avec les partenaires internationaux dans ce domaine.<\/p>\n<p>Le Ministre de l\u2019Hydraulique et de l\u2019Assainissement a pr\u00e9sent\u00e9 une communication relative \u00e0 la probl\u00e9matique d\u2019approvisionnement en eau potable de la ville de Nouakchott.<\/p>\n<p>Cette communication a pour objet d\u2019informer le Gouvernement sur les probl\u00e9matiques de l\u2019approvisionnement en eau potable de la ville de Nouakchott, ainsi que les actions programm\u00e9es pour mettre un terme aux difficult\u00e9s constat\u00e9es au cours des derni\u00e8res ann\u00e9es et plus particuli\u00e8rement les perturbations occasionn\u00e9es par la forte turbidit\u00e9 des eaux du fleuve S\u00e9n\u00e9gal.<\/p>\n<p>Enfin, le Conseil a pris les mesures individuelles suivantes :<\/p>\n<p>Minist\u00e8re de l\u2019Hydraulique et de l\u2019Assainissement,<\/p>\n<p>Etablissements Publics:<\/p>\n<p>Soci\u00e9t\u00e9 Nationale De l\u2019Eau (SNDE)<\/p>\n<p>\u2010 Directeur G\u00e9n\u00e9ral : Hamzetou THIAM, pr\u00e9c\u00e9demment Directeur G\u00e9n\u00e9ral de la Soci\u00e9t\u00e9 Arabe du Fer et de l\u2019Acier (SAFA), filiale de la Soci\u00e9t\u00e9 Nationale Industrielle et Mini\u00e8re (SNIM) ;<\/p>\n<p>\u2010 Directeur G\u00e9n\u00e9ral Adjoint : Abdellahi Mohamed Yeslem DEDI, pr\u00e9c\u00e9demment Conseiller technique du Directeur G\u00e9n\u00e9ral de la SNDE.<br \/>\nAmi<\/p>\n","protected":false},"excerpt":{"rendered":"<p>Le Conseil des Ministres s\u2019est r\u00e9uni le lundi 21 Ao\u00fbt 2023 sous la Pr\u00e9sidence de Son Excellence Monsieur Mohamed Ould Cheikh El-Ghazouani, Pr\u00e9sident de la R\u00e9publique. Le Conseil a examin\u00e9 et adopt\u00e9 les projets de d\u00e9crets suivants : \u2010 Projet de d\u00e9cret portant concession d\u00e9finitive d\u2019un terrain \u00e0 la Wilaya de Nouakchott au profit de &hellip;<\/p>\n","protected":false},"author":2,"featured_media":6818,"comment_status":"open","ping_status":"open","sticky":false,"template":"","format":"standard","meta":{"footnotes":""},"categories":[18],"tags":[],"class_list":["post-6817","post","type-post","status-publish","format-standard","has-post-thumbnail","hentry","category-actualites"],"_links":{"self":[{"href":"https:\/\/ladepeche.mr\/index.php?rest_route=\/wp\/v2\/posts\/6817","targetHints":{"allow":["GET"]}}],"collection":[{"href":"https:\/\/ladepeche.mr\/index.php?rest_route=\/wp\/v2\/posts"}],"about":[{"href":"https:\/\/ladepeche.mr\/index.php?rest_route=\/wp\/v2\/types\/post"}],"author":[{"embeddable":true,"href":"https:\/\/ladepeche.mr\/index.php?rest_route=\/wp\/v2\/users\/2"}],"replies":[{"embeddable":true,"href":"https:\/\/ladepeche.mr\/index.php?rest_route=%2Fwp%2Fv2%2Fcomments&post=6817"}],"version-history":[{"count":1,"href":"https:\/\/ladepeche.mr\/index.php?rest_route=\/wp\/v2\/posts\/6817\/revisions"}],"predecessor-version":[{"id":6819,"href":"https:\/\/ladepeche.mr\/index.php?rest_route=\/wp\/v2\/posts\/6817\/revisions\/6819"}],"wp:featuredmedia":[{"embeddable":true,"href":"https:\/\/ladepeche.mr\/index.php?rest_route=\/wp\/v2\/media\/6818"}],"wp:attachment":[{"href":"https:\/\/ladepeche.mr\/index.php?rest_route=%2Fwp%2Fv2%2Fmedia&parent=6817"}],"wp:term":[{"taxonomy":"category","embeddable":true,"href":"https:\/\/ladepeche.mr\/index.php?rest_route=%2Fwp%2Fv2%2Fcategories&post=6817"},{"taxonomy":"post_tag","embeddable":true,"href":"https:\/\/ladepeche.mr\/index.php?rest_route=%2Fwp%2Fv2%2Ftags&post=6817"}],"curies":[{"name":"wp","href":"https:\/\/api.w.org\/{rel}","templated":true}]}}