{"id":6823,"date":"2023-08-21T21:50:32","date_gmt":"2023-08-21T21:50:32","guid":{"rendered":"https:\/\/ladepeche.mr\/?p=6823"},"modified":"2023-08-21T21:54:41","modified_gmt":"2023-08-21T21:54:41","slug":"action-publique-le-president-remet-les-pendules-a-lheure","status":"publish","type":"post","link":"https:\/\/ladepeche.mr\/?p=6823","title":{"rendered":"Action publique : Le pr\u00e9sident de la R\u00e9publique remet les pendules \u00e0 l\u2019heure !"},"content":{"rendered":"<p>Aucun discours autant muscl\u00e9 n\u2019a jusqu\u2019ici \u00e9t\u00e9 prononc\u00e9 par le pr\u00e9sident Ghazaouani devant les responsables de l\u2019action publique. Est-ce \u00e0 la suite d\u2019un constat de gabegie dress\u00e9 apr\u00e8s la crise de l\u2019eau \u00e0 Nouakchott ? Le pr\u00e9sident inaugure-t-il d\u00e9j\u00e0 sa campagne \u00e9lectorale avant l\u2019heure ? Le ton est en tout cas donn\u00e9. <\/p>\n<p>Le pr\u00e9sident Ghazaouani serait-il profond\u00e9ment m\u00e9content de son administration ? Pourquoi tente-t-il de secouer le cocotier \u00e0 une encablure de la future pr\u00e9sidentielle ? Le limogeage du DG de la SNDE, \u00e0 l\u2019issue du dernier conseil des ministres, n\u2019est-il que le pr\u00e9lude d\u2019une chasse aux mauvais responsables et autres pr\u00e9varicateurs ? <\/p>\n<p>L\u2019ombre de la SNDE<br \/>\nBeaucoup de questions que soul\u00e8ve le dernier discours du pr\u00e9sident, en apparences, d\u00e9termin\u00e9 \u00e0 jauger l\u2019action de l\u2019administration et demander des comptes \u00e0 ses responsables. Le pr\u00e9sident, qui s\u2019\u00e9tait entour\u00e9 depuis quelques temps de structures de suivi et de contr\u00f4le de l\u2019action des administrations, ne semblait pas avoir actionn\u00e9 ces structures pour faire tomber des t\u00eates. Fid\u00e8le \u00e0 son image d\u2019un homme prudent, certains cercles avaient fini par croire qu\u2019il \u00e9tait inoffensif. La rencontre cette apr\u00e8s-midi avec les v\u00e9ritables gestionnaires des d\u00e9partements publics, les secr\u00e9taires g\u00e9n\u00e9raux d\u00e9partementaux, montre si besoin en \u00e9tait que le pr\u00e9sident de la R\u00e9publique, qui avait assur\u00e9 chacun de jouir de ses pr\u00e9rogatives, rappelle aujourd\u2019hui que cela ne se fera pas au d\u00e9triment \u00ab des int\u00e9r\u00eats vitaux des citoyen \u00bb et du respect de la chose publique. Et le pr\u00e9sident dit tenir d\u2019abord pour responsables, les secr\u00e9taires g\u00e9n\u00e9raux, directement responsables de la gestion financi\u00e8re et administrative \u00bb. Pourtant, le pr\u00e9sident ne remet pas en cause cette jouissance des pr\u00e9rogatives accord\u00e9es, mais seulement dans l\u2019optique, pour le pr\u00e9sident au moins,  \u00ab que le service public soit plus proche du citoyen \u00bb notamment les plus d\u00e9munis. Sur ces aspects, Ghazouani a \u00e9t\u00e9 franc avec les responsables, ministres, secr\u00e9taire g\u00e9n\u00e9raux, directions centrales\u2026Le degr\u00e9 z\u00e9ro tol\u00e9rance est annonc\u00e9. Le pr\u00e9sident menace m\u00eame de demander des comptes \u00e0 plus d\u2019un si cela s\u2019av\u00e9rait n\u00e9cessaire. En somme, une op\u00e9ration coup de poing contre la pratique de gabegie dans certaines administrations se profile \u00e0 l\u2019horizon. Mais comme depuis le d\u00e9but, cet engagement, pour l\u2019opinion publique, est frelat\u00e9 par la pr\u00e9sence d\u2019hommes et de femmes qui se sont beaucoup sucr\u00e9s sur le compte des citoyens ordinaires. Alors wait and see !<br \/>\nJD  <\/p>\n","protected":false},"excerpt":{"rendered":"<p>Aucun discours autant muscl\u00e9 n\u2019a jusqu\u2019ici \u00e9t\u00e9 prononc\u00e9 par le pr\u00e9sident Ghazaouani devant les responsables de l\u2019action publique. Est-ce \u00e0 la suite d\u2019un constat de gabegie dress\u00e9 apr\u00e8s la crise de l\u2019eau \u00e0 Nouakchott ? Le pr\u00e9sident inaugure-t-il d\u00e9j\u00e0 sa campagne \u00e9lectorale avant l\u2019heure ? Le ton est en tout cas donn\u00e9. Le pr\u00e9sident Ghazaouani &hellip;<\/p>\n","protected":false},"author":2,"featured_media":6825,"comment_status":"open","ping_status":"open","sticky":false,"template":"","format":"standard","meta":{"footnotes":""},"categories":[18,2],"tags":[],"class_list":["post-6823","post","type-post","status-publish","format-standard","has-post-thumbnail","hentry","category-actualites","category-economie"],"_links":{"self":[{"href":"https:\/\/ladepeche.mr\/index.php?rest_route=\/wp\/v2\/posts\/6823","targetHints":{"allow":["GET"]}}],"collection":[{"href":"https:\/\/ladepeche.mr\/index.php?rest_route=\/wp\/v2\/posts"}],"about":[{"href":"https:\/\/ladepeche.mr\/index.php?rest_route=\/wp\/v2\/types\/post"}],"author":[{"embeddable":true,"href":"https:\/\/ladepeche.mr\/index.php?rest_route=\/wp\/v2\/users\/2"}],"replies":[{"embeddable":true,"href":"https:\/\/ladepeche.mr\/index.php?rest_route=%2Fwp%2Fv2%2Fcomments&post=6823"}],"version-history":[{"count":5,"href":"https:\/\/ladepeche.mr\/index.php?rest_route=\/wp\/v2\/posts\/6823\/revisions"}],"predecessor-version":[{"id":6830,"href":"https:\/\/ladepeche.mr\/index.php?rest_route=\/wp\/v2\/posts\/6823\/revisions\/6830"}],"wp:featuredmedia":[{"embeddable":true,"href":"https:\/\/ladepeche.mr\/index.php?rest_route=\/wp\/v2\/media\/6825"}],"wp:attachment":[{"href":"https:\/\/ladepeche.mr\/index.php?rest_route=%2Fwp%2Fv2%2Fmedia&parent=6823"}],"wp:term":[{"taxonomy":"category","embeddable":true,"href":"https:\/\/ladepeche.mr\/index.php?rest_route=%2Fwp%2Fv2%2Fcategories&post=6823"},{"taxonomy":"post_tag","embeddable":true,"href":"https:\/\/ladepeche.mr\/index.php?rest_route=%2Fwp%2Fv2%2Ftags&post=6823"}],"curies":[{"name":"wp","href":"https:\/\/api.w.org\/{rel}","templated":true}]}}