{"id":6836,"date":"2023-08-22T14:31:07","date_gmt":"2023-08-22T14:31:07","guid":{"rendered":"https:\/\/ladepeche.mr\/?p=6836"},"modified":"2023-08-22T14:48:17","modified_gmt":"2023-08-22T14:48:17","slug":"insecurite-maritime-comment-impliquer-la-societe-civile-en-afrique-de-louest","status":"publish","type":"post","link":"https:\/\/ladepeche.mr\/?p=6836","title":{"rendered":"S\u00e9curit\u00e9 maritime : Comment impliquer la soci\u00e9t\u00e9 civile en Afrique de l\u2019Ouest ?"},"content":{"rendered":"<p>L\u2019h\u00f4tel \u00abMauricentre \u00bb a abrit\u00e9, mardi, le lancement d\u2019un atelier sur l\u2019implication de la soci\u00e9t\u00e9 civile contre l\u2019ins\u00e9curit\u00e9 maritime en Mauritanie. L\u2019atelier est organis\u00e9 par le projet Appui \u00e0 la s\u00e9curit\u00e9 maritime int\u00e9gr\u00e9e de l\u2019Afrique de l\u2019Ouest (SWAIMS), avec le soutien de l\u2019Union Europ\u00e9enne.<br \/>\nVingt cinq personnes, issues principalement des organisations de la soci\u00e9t\u00e9 civile du secteur maritime, y compris les associations de p\u00eacheurs et de transformateurs de poisson, ainsi que celles impliqu\u00e9es dans la lutte contre la criminalit\u00e9 transnationale organis\u00e9e, se concerteront deux jours durant sur les meilleurs moyens d\u2019impliquer la soci\u00e9t\u00e9 civile aux efforts de lutte contre l\u2019ins\u00e9curit\u00e9 maritime.<\/p>\n<p>Au cours de la journ\u00e9e inaugurale, le directeur adjoint de l\u2019agence mauritanienne des affaires maritimes, a rappel\u00e9 l\u2019importance de la tenue de cet atelier et mis en exergue l\u2019approche de s\u00e9curit\u00e9 int\u00e9gr\u00e9e en Afrique de l\u2019Ouest notamment.  Une rencontre dont le repr\u00e9sentant de l\u2019Ue, J-M DEWERPE ALVARO, a salu\u00e9 la pertinence de son organisation en Mauritanie. M\u00eame constat du Col Dieng Abdourahmane, Chef de division S\u00e9curit\u00e9 R\u00e9gionale \u00e0 la commission de la CEDEAO.<br \/>\nLes diff\u00e9rents intervenants ont insist\u00e9 sur l\u2019importance de la sensibilisation contre l\u2019ins\u00e9curit\u00e9 maritime et mis en lumi\u00e8re \u00ab les cons\u00e9quences \u00e9conomiques, sociales, environnementales et s\u00e9curitaires de la criminalit\u00e9 transnationale organis\u00e9e, y compris la p\u00eache INN\u00bb, les risques li\u00e9s \u00e0 l\u2019exploitation prochaine des ressources gazi\u00e8res GTA et pr\u00f4ner l\u2019implication de la soci\u00e9t\u00e9 civile pour favoriser une  \u00ab surveillance participative dans le domaine maritime\u00bb.<br \/>\nNous y reviendrons<\/p>\n","protected":false},"excerpt":{"rendered":"<p>L\u2019h\u00f4tel \u00abMauricentre \u00bb a abrit\u00e9, mardi, le lancement d\u2019un atelier sur l\u2019implication de la soci\u00e9t\u00e9 civile contre l\u2019ins\u00e9curit\u00e9 maritime en Mauritanie. L\u2019atelier est organis\u00e9 par le projet Appui \u00e0 la s\u00e9curit\u00e9 maritime int\u00e9gr\u00e9e de l\u2019Afrique de l\u2019Ouest (SWAIMS), avec le soutien de l\u2019Union Europ\u00e9enne. Vingt cinq personnes, issues principalement des organisations de la soci\u00e9t\u00e9 civile &hellip;<\/p>\n","protected":false},"author":2,"featured_media":6837,"comment_status":"open","ping_status":"open","sticky":false,"template":"","format":"standard","meta":{"footnotes":""},"categories":[18,2],"tags":[],"class_list":["post-6836","post","type-post","status-publish","format-standard","has-post-thumbnail","hentry","category-actualites","category-economie"],"_links":{"self":[{"href":"https:\/\/ladepeche.mr\/index.php?rest_route=\/wp\/v2\/posts\/6836","targetHints":{"allow":["GET"]}}],"collection":[{"href":"https:\/\/ladepeche.mr\/index.php?rest_route=\/wp\/v2\/posts"}],"about":[{"href":"https:\/\/ladepeche.mr\/index.php?rest_route=\/wp\/v2\/types\/post"}],"author":[{"embeddable":true,"href":"https:\/\/ladepeche.mr\/index.php?rest_route=\/wp\/v2\/users\/2"}],"replies":[{"embeddable":true,"href":"https:\/\/ladepeche.mr\/index.php?rest_route=%2Fwp%2Fv2%2Fcomments&post=6836"}],"version-history":[{"count":7,"href":"https:\/\/ladepeche.mr\/index.php?rest_route=\/wp\/v2\/posts\/6836\/revisions"}],"predecessor-version":[{"id":6844,"href":"https:\/\/ladepeche.mr\/index.php?rest_route=\/wp\/v2\/posts\/6836\/revisions\/6844"}],"wp:featuredmedia":[{"embeddable":true,"href":"https:\/\/ladepeche.mr\/index.php?rest_route=\/wp\/v2\/media\/6837"}],"wp:attachment":[{"href":"https:\/\/ladepeche.mr\/index.php?rest_route=%2Fwp%2Fv2%2Fmedia&parent=6836"}],"wp:term":[{"taxonomy":"category","embeddable":true,"href":"https:\/\/ladepeche.mr\/index.php?rest_route=%2Fwp%2Fv2%2Fcategories&post=6836"},{"taxonomy":"post_tag","embeddable":true,"href":"https:\/\/ladepeche.mr\/index.php?rest_route=%2Fwp%2Fv2%2Ftags&post=6836"}],"curies":[{"name":"wp","href":"https:\/\/api.w.org\/{rel}","templated":true}]}}